{"id":154633,"date":"2025-06-05T18:55:09","date_gmt":"2025-06-05T18:55:09","guid":{"rendered":"https:\/\/www.europesays.com\/fr\/154633\/"},"modified":"2025-06-05T18:55:09","modified_gmt":"2025-06-05T18:55:09","slug":"lequilibre-entre-liberte-de-croyance-et-integrite-democratique","status":"publish","type":"post","link":"https:\/\/www.europesays.com\/fr\/154633\/","title":{"rendered":"l&rsquo;\u00e9quilibre entre libert\u00e9 de croyance et int\u00e9grit\u00e9 d\u00e9mocratique"},"content":{"rendered":"<ol class=\"table-of-contents\">\n<li><a href=\"#strongun-paysage-europeen-en-mutation-strong\"><strong>Un paysage europ\u00e9en en mutation<\/strong><\/a>\n<\/li>\n<li><a href=\"#strongles-freres-musulmans-qui-sont-ils-strong\"><strong>Les Fr\u00e8res musulmans&#8230; Qui sont-ils ?<\/strong><\/a>\n<\/li>\n<li><a href=\"#strongmecanismes-d-action-de-l-islam-politique-en-europe-strong\"><strong>M\u00e9canismes d&rsquo;action de l&rsquo;islam politique en Europe<\/strong><\/a>\n<\/li>\n<li><a href=\"#strongdefis-juridiques-et-politiques-strong\"><strong>D\u00e9fis juridiques et politiques<\/strong><\/a>\n<\/li>\n<li><a href=\"#strongstrategies-de-reponse-une-approche-globale-strong\"><strong>Strat\u00e9gies de r\u00e9ponse : une approche globale<\/strong><\/a>\n<\/li>\n<li><a href=\"#strongl-espagne-comme-modele-strong\"><strong>L&rsquo;Espagne comme mod\u00e8le<\/strong><\/a>\n<\/li>\n<li><a href=\"#strongconclusion-defendre-la-citoyennete-face-a-l-islam-politique-strong\"><strong>Conclusion : d\u00e9fendre la citoyennet\u00e9 face \u00e0 l&rsquo;islam politique<\/strong><\/a>\n<\/li>\n<\/ol>\n<p>Si cette diversit\u00e9 refl\u00e8te la richesse des soci\u00e9t\u00e9s europ\u00e9ennes, elle pose \u00e9galement des d\u00e9fis croissants sur le plan politique et social, notamment avec l&rsquo;expansion de l&rsquo;influence de l&rsquo;islam politique dans certaines r\u00e9gions.<\/p>\n<p><b>L&rsquo;islam politique ne se limite pas \u00e0 la pratique religieuse individuelle, mais cherche \u00e0 tirer parti des libert\u00e9s d\u00e9mocratiques pour atteindre des objectifs politiques et id\u00e9ologiques qui entrent en conflit avec les principes fondamentaux de la d\u00e9mocratie lib\u00e9rale.<\/b><\/p>\n<p>Le pr\u00e9sent rapport vise \u00e0 analyser en profondeur ce ph\u00e9nom\u00e8ne, en expliquant les m\u00e9canismes de l&rsquo;islam politique en Europe, son impact sur les soci\u00e9t\u00e9s europ\u00e9ennes et son influence sur l&rsquo;\u00e9quilibre entre les valeurs d\u00e9mocratiques et la libert\u00e9 de croyance.<\/p>\n<p><strong>Un paysage europ\u00e9en en mutation<\/strong><\/p>\n<p>Depuis le milieu du XXe si\u00e8cle, l&rsquo;Europe a connu d&rsquo;importants changements d\u00e9mographiques en raison de l&rsquo;augmentation de l&rsquo;immigration en provenance de pays \u00e0 majorit\u00e9 musulmane, ce qui a fait de l&rsquo;islam l&rsquo;une des principales composantes des soci\u00e9t\u00e9s europ\u00e9ennes. Au fil du temps, ces communaut\u00e9s se sont d\u00e9velopp\u00e9es pour former des structures religieuses et culturelles diverses.<\/p>\n<p>Cependant, cette multiculturalit\u00e9 a entra\u00een\u00e9 de nouveaux d\u00e9fis, parmi lesquels l&rsquo;\u00e9mergence de l&rsquo;islam politique.<\/p>\n<p><b>Celui-ci ne se traduit pas simplement par la pratique religieuse de certains individus, mais implique l&rsquo;apparition de mouvements qui cherchent \u00e0 exercer une influence politique en utilisant la religion comme un outil pour construire des r\u00e9seaux sociaux et culturels qui renforcent leurs id\u00e9ologies.<\/b><\/p>\n<p>Dans ce contexte, l&rsquo;islam politique devient une question d&rsquo;une grande importance strat\u00e9gique, tant par ses tentatives de cr\u00e9er des identit\u00e9s politiques parall\u00e8les que par son influence sur les institutions de la soci\u00e9t\u00e9 civile europ\u00e9enne.<\/p>\n<p><strong>Les Fr\u00e8res musulmans&#8230; Qui sont-ils ?<\/strong><\/p>\n<p><b>La Fraternit\u00e9 musulmane est un mouvement islamiste extr\u00e9miste fond\u00e9 en \u00c9gypte en 1928 par Hassan al-Banna, dans le but de faire revivre l&rsquo;islam politique par l&rsquo;application de la charia et l&rsquo;\u00e9tablissement d&rsquo;un \u00c9tat islamique fond\u00e9 sur des principes fondamentalistes.\u00a0<\/b>C&rsquo;est l&rsquo;un des mouvements islamistes les plus influents et il a inspir\u00e9 de nombreuses organisations extr\u00e9mistes.<\/p>\n<p>L&rsquo;un de ses id\u00e9ologues les plus influents, Sayyid Qutb, pr\u00f4nait la violence comme moyen n\u00e9cessaire pour instaurer le califat islamique. Il consid\u00e9rait que les soci\u00e9t\u00e9s occidentales, les gouvernements la\u00efques et m\u00eame de nombreuses soci\u00e9t\u00e9s musulmanes vivaient dans un \u00e9tat d&rsquo;\u00ab ignorance \u00bb qui devait \u00eatre \u00e9radiqu\u00e9 par la force afin d&rsquo;\u00e9tablir l&rsquo;\u00c9tat islamique.<\/p>\n<p><b>Cette pens\u00e9e a profond\u00e9ment influenc\u00e9 de nombreuses organisations terroristes. En effet, plusieurs figures cl\u00e9s de groupes djihadistes tels qu&rsquo;Al-Qa\u00efda, dont Oussama ben Laden et Ayman al-Zawahiri, ont \u00e9t\u00e9 membres ou \u00e9l\u00e8ves des Fr\u00e8res musulmans, ce qui r\u00e9v\u00e8le un lien id\u00e9ologique dangereux entre cette organisation et l&rsquo;extr\u00e9misme violent.<\/b><\/p>\n<p><strong>M\u00e9canismes d&rsquo;action de l&rsquo;islam politique en Europe<\/strong><\/p>\n<p><b>L&rsquo;islam politique en Europe op\u00e8re principalement par le biais de r\u00e9seaux civils existants dans les \u00c9tats d\u00e9mocratiques.\u00a0<\/b>Ces r\u00e9seaux comprennent des associations caritatives, des \u00e9coles islamiques, des mosqu\u00e9es et des centres culturels qui promeuvent une identit\u00e9 islamique politis\u00e9e et souvent contraire aux valeurs la\u00efques europ\u00e9ennes.<\/p>\n<p>Parmi les acteurs les plus importants figure la Fraternit\u00e9 musulmane, qui a commenc\u00e9 ses activit\u00e9s en Europe au milieu du si\u00e8cle dernier et a gagn\u00e9 en influence jusqu&rsquo;\u00e0 devenir un \u00e9l\u00e9ment majeur du paysage islamique europ\u00e9en.<\/p>\n<p><b>Un rapport du Centre d&rsquo;\u00e9tudes politiques de Bruxelles (2024), citant le chercheur Lorenzo Vidino, directeur du programme sur l&rsquo;extr\u00e9misme \u00e0 l&rsquo;universit\u00e9 George Washington,<\/b>\u00a0souligne que ces organisations appliquent une strat\u00e9gie de \u00ab domination culturelle progressive \u00bb afin de cr\u00e9er des environnements \u00e9ducatifs et sociaux align\u00e9s sur une vision de l&rsquo;islam incompatible avec les valeurs d\u00e9mocratiques europ\u00e9ennes.<\/p>\n<p>Vidino explique : \u00ab L&rsquo;islam politique ne d\u00e9pend pas n\u00e9cessairement de la violence, mais de son impact \u00e0 long terme \u00e0 travers les institutions civiles \u00bb.<\/p>\n<p>Dans des pays comme la France, l&rsquo;influence des Fr\u00e8res musulmans dans de nombreuses mosqu\u00e9es et associations islamiques a \u00e9t\u00e9 document\u00e9e, ce qui a suscit\u00e9 des inqui\u00e9tudes quant \u00e0 l&rsquo;origine \u00e9trang\u00e8re de leurs financements.<\/p>\n<p><b>En Espagne, une \u00e9tude de l&rsquo;Institut Elmo (2023) montre une croissance significative des associations islamiques financ\u00e9es par l&rsquo;\u00e9tranger,\u00a0<\/b>ce qui soul\u00e8ve des questions sur l&rsquo;agenda politique et culturel que ces financements promeuvent.<\/p>\n<p><strong>D\u00e9fis juridiques et politiques<\/strong><\/p>\n<p>L&rsquo;islam politique repr\u00e9sente un dilemme complexe pour les gouvernements europ\u00e9ens en mati\u00e8re l\u00e9gislative et politique. L&rsquo;un des principaux obstacles est l&rsquo;absence de d\u00e9finition juridique unifi\u00e9e de l&rsquo;islam politique, qui limite la capacit\u00e9 des \u00c9tats \u00e0 mettre en place des contr\u00f4les efficaces.<\/p>\n<p>Certains acteurs profitent de cette ambigu\u00eft\u00e9 pour diffuser des discours ouvertement provocateurs, mais qui, dans leur essence, promeuvent des id\u00e9ologies fondamentalistes qui rejettent l&rsquo;int\u00e9gration dans la soci\u00e9t\u00e9 civile.<\/p>\n<p>Une \u00e9tude publi\u00e9e par l&rsquo;Institut de politique mondiale (2024) met en garde, selon les termes du chercheur italien Alessandro Arvilli, contre le fait que traiter l&rsquo;islam politique exclusivement comme un probl\u00e8me de s\u00e9curit\u00e9 peut s&rsquo;av\u00e9rer inefficace, car \u00ab il s&rsquo;infiltre dans le tissu civique par le biais des institutions civiles et des activit\u00e9s sociales \u00bb.<\/p>\n<p>En Espagne, bien que l&rsquo;islam politique en soit encore \u00e0 ses d\u00e9buts, le nombre d&rsquo;associations islamiques financ\u00e9es par des acteurs du Moyen-Orient qui soutiennent des mouvements islamistes radicaux suscite une inqui\u00e9tude croissante.<\/p>\n<p><b>Selon les donn\u00e9es du Centre d&rsquo;\u00e9tudes europ\u00e9ennes (2024), 15 % des associations islamiques en Espagne re\u00e7oivent des financements ext\u00e9rieurs sans r\u00e9v\u00e9ler l&rsquo;origine de ces fonds.<\/b><\/p>\n<p><strong>Strat\u00e9gies de r\u00e9ponse : une approche globale<\/strong><\/p>\n<p>Pour relever le d\u00e9fi de l&rsquo;islam politique, l&rsquo;Europe doit adopter une approche multidimensionnelle combinant des mesures juridiques, culturelles et sociales.<\/p>\n<p>1.\u00a0\u00a0<b>Cadre juridique commun :<\/b>\u00a0il est essentiel d&rsquo;\u00e9laborer des lois europ\u00e9ennes interdisant les activit\u00e9s politiques de groupes tels que les Fr\u00e8res musulmans, limitant ainsi leur capacit\u00e9 \u00e0 instrumentaliser les institutions civiles.<\/p>\n<p>2.\u00a0\u00a0<b>Promotion d&rsquo;un islam mod\u00e9r\u00e9 :<\/b>\u00a0il convient de soutenir les communaut\u00e9s musulmanes mod\u00e9r\u00e9es en Europe en promouvant une identit\u00e9 religieuse compatible avec les valeurs d\u00e9mocratiques. Cela inclut des programmes \u00e9ducatifs qui encouragent une vision plus tol\u00e9rante et inclusive de l&rsquo;islam.<\/p>\n<p>3.\u00a0<b>Contr\u00f4le du financement ext\u00e9rieur :<\/b>\u00a0il est n\u00e9cessaire de renforcer la surveillance des fonds \u00e9trangers re\u00e7us par les associations islamiques, en veillant \u00e0 ce qu&rsquo;ils soient utilis\u00e9s \u00e0 des fins conformes aux valeurs civiques europ\u00e9ennes gr\u00e2ce \u00e0 des m\u00e9canismes transparents.<\/p>\n<p><strong>L&rsquo;Espagne comme mod\u00e8le<\/strong><\/p>\n<p><b>Gr\u00e2ce \u00e0 son histoire de pluralisme culturel et d&rsquo;ouverture, l&rsquo;Espagne peut offrir un mod\u00e8le efficace pour g\u00e9rer l&rsquo;islam politique.<\/b>\u00a0Le pays, qui a \u00e9t\u00e9 confront\u00e9 \u00e0 des d\u00e9fis similaires dans son histoire r\u00e9cente, dispose des outils n\u00e9cessaires pour int\u00e9grer la diversit\u00e9 culturelle et religieuse dans un cadre d\u00e9mocratique.<\/p>\n<p>L&rsquo;analyste espagnol Juan Jos\u00e9 Escobar affirme que \u00ab l&rsquo;Espagne peut devenir un mod\u00e8le r\u00e9ussi de gestion de la diversit\u00e9 sans c\u00e9der aux id\u00e9ologies extr\u00e9mistes \u00bb.<\/p>\n<p><b>L&rsquo;Espagne a la possibilit\u00e9 d&rsquo;\u00e9laborer des politiques \u00e9quilibr\u00e9es qui respectent la libert\u00e9 religieuse tout en prot\u00e9geant les valeurs de la citoyennet\u00e9 d\u00e9mocratique<\/b>. Cela pourrait en faire une r\u00e9f\u00e9rence utile pour d&rsquo;autres pays de l&rsquo;Union europ\u00e9enne.<\/p>\n<p><strong>Conclusion : d\u00e9fendre la citoyennet\u00e9 face \u00e0 l&rsquo;islam politique<\/strong><\/p>\n<p><b>La pr\u00e9sence de l&rsquo;islam en Europe ne repr\u00e9sente pas un d\u00e9fi en soi.\u00a0<\/b>Le v\u00e9ritable d\u00e9fi appara\u00eet lorsque certains mouvements islamistes politiques instrumentalisent la religion \u00e0 des fins politiques qui contredisent les valeurs fondamentales de la d\u00e9mocratie.<\/p>\n<p><b>Lutter contre l&rsquo;islam politique ne signifie pas s&rsquo;opposer aux musulmans, mais prot\u00e9ger les principes de citoyennet\u00e9 et les droits civils contre des projets id\u00e9ologiques qui cherchent \u00e0 imposer une h\u00e9g\u00e9monie religieuse ou politique.<\/b><\/p>\n<p>Gr\u00e2ce \u00e0 des strat\u00e9gies globales abordant cette probl\u00e9matique sous plusieurs angles, l&rsquo;Europe peut r\u00e9agir efficacement. L&rsquo;Espagne, forte de sa riche exp\u00e9rience en mati\u00e8re de gestion du pluralisme, peut jouer un r\u00f4le de premier plan dans la promotion d&rsquo;un mod\u00e8le de coexistence religieuse et sociale dans un cadre d\u00e9mocratique garantissant les droits et libert\u00e9s de tous les citoyens et emp\u00eachant l&rsquo;utilisation politique de l&rsquo;islam par des groupes extr\u00e9mistes qui portent atteinte \u00e0 la paix et \u00e0 la compr\u00e9hension entre les cultures.<\/p>\n","protected":false},"excerpt":{"rendered":"Un paysage europ\u00e9en en mutation Les Fr\u00e8res musulmans&#8230; Qui sont-ils ? M\u00e9canismes d&rsquo;action de l&rsquo;islam politique en Europe&hellip;\n","protected":false},"author":2,"featured_media":154634,"comment_status":"","ping_status":"","sticky":false,"template":"","format":"standard","meta":{"footnotes":""},"categories":[1586],"tags":[11,13513,1777,8938,674,1011,27,5318,1577,12,25],"class_list":{"0":"post-154633","1":"post","2":"type-post","3":"status-publish","4":"format-standard","5":"has-post-thumbnail","7":"category-europe","8":"tag-actualites","9":"tag-espana","10":"tag-eu","11":"tag-europa","12":"tag-europe","13":"tag-fr","14":"tag-france","15":"tag-islam","16":"tag-l","17":"tag-news","18":"tag-republique-francaise"},"share_on_mastodon":{"url":"https:\/\/pubeurope.com\/@fr\/114632282983874880","error":""},"_links":{"self":[{"href":"https:\/\/www.europesays.com\/fr\/wp-json\/wp\/v2\/posts\/154633","targetHints":{"allow":["GET"]}}],"collection":[{"href":"https:\/\/www.europesays.com\/fr\/wp-json\/wp\/v2\/posts"}],"about":[{"href":"https:\/\/www.europesays.com\/fr\/wp-json\/wp\/v2\/types\/post"}],"author":[{"embeddable":true,"href":"https:\/\/www.europesays.com\/fr\/wp-json\/wp\/v2\/users\/2"}],"replies":[{"embeddable":true,"href":"https:\/\/www.europesays.com\/fr\/wp-json\/wp\/v2\/comments?post=154633"}],"version-history":[{"count":0,"href":"https:\/\/www.europesays.com\/fr\/wp-json\/wp\/v2\/posts\/154633\/revisions"}],"wp:featuredmedia":[{"embeddable":true,"href":"https:\/\/www.europesays.com\/fr\/wp-json\/wp\/v2\/media\/154634"}],"wp:attachment":[{"href":"https:\/\/www.europesays.com\/fr\/wp-json\/wp\/v2\/media?parent=154633"}],"wp:term":[{"taxonomy":"category","embeddable":true,"href":"https:\/\/www.europesays.com\/fr\/wp-json\/wp\/v2\/categories?post=154633"},{"taxonomy":"post_tag","embeddable":true,"href":"https:\/\/www.europesays.com\/fr\/wp-json\/wp\/v2\/tags?post=154633"}],"curies":[{"name":"wp","href":"https:\/\/api.w.org\/{rel}","templated":true}]}}