{"id":154659,"date":"2025-06-05T19:12:17","date_gmt":"2025-06-05T19:12:17","guid":{"rendered":"https:\/\/www.europesays.com\/fr\/154659\/"},"modified":"2025-06-05T19:12:17","modified_gmt":"2025-06-05T19:12:17","slug":"raphaelle-est-menacee-a-lhopital-rayane-rompt-avec-jack-le-resume-de-lepisode-1960-du-vendredi-6-juin-2025","status":"publish","type":"post","link":"https:\/\/www.europesays.com\/fr\/154659\/","title":{"rendered":"Rapha\u00eblle est menac\u00e9e \u00e0 l&rsquo;h\u00f4pital, Rayane rompt avec Jack&#8230; Le r\u00e9sum\u00e9 de l&rsquo;\u00e9pisode 1960 du vendredi 6 juin 2025"},"content":{"rendered":"<p>Dans Demain nous appartient, plusieurs suspects apparaissent dans l&rsquo;affaire des agressions contre Rapha\u00eblle. Rayane prend une d\u00e9cision douloureuse concernant Jack. Soraya v\u00e9rifie que tous les voyants sont au vert pour qu&rsquo;elle tombe enceinte.<\/p>\n<p><b>Vendredi 6 juin 2025 dans <\/b><a href=\"https:\/\/www.programme-tv.net\/programme\/series-tv\/r1549293395-demain-nous-appartient\/\" target=\"_blank\" rel=\"noopener\"><b>Demain nous appartient<\/b><\/a><b> <\/b>qui va <a href=\"https:\/\/www.programme-tv.net\/news\/series-tv\/373928-exclu-demain-nous-appartient-paul-belmondo-rejoint-le-feuilleton-de-tf1-decouvrez-les-premieres-infos-sur-son-personnage\/\" data-api-deeplink=\"teleloisirs:\/\/news\/373928\" target=\"_blank\" rel=\"noopener\">accueillir<\/a> <a href=\"https:\/\/www.programme-tv.net\/news\/series-tv\/379544-exclu-jean-luc-reichman-arrive-dans-demain-nous-appartient-tous-les-details-sur-son-personnage-qui-va-vous-emouvoir\/\" data-api-deeplink=\"teleloisirs:\/\/news\/379544\" target=\"_blank\" rel=\"noopener\">Jean-Luc Reichmann<\/a> et dont<a href=\"https:\/\/www.programme-tv.net\/news\/series-tv\/379497-demain-nous-appartient-victoire-dauxerre-la-tueuse-en-serie-vanessa-s-est-mariee-ses-partenaires-de-la-serie-la-felicitent-photos\/\" data-api-deeplink=\"teleloisirs:\/\/news\/379497\" target=\"_blank\" rel=\"noopener\"> une actrice s&rsquo;est mari\u00e9e.<\/a>.. Simon rend visite \u00e0 Camille chez elle pour lui dire qu&rsquo;il n&rsquo;a rien \u00e0 voir avec les agressions contre Rapha\u00eblle, mais elle l&rsquo;envoie pa\u00eetre. A l&rsquo;h\u00f4pital, Rapha\u00eblle se sent mieux et Martin lui fait des compliments pour la soutenir. Il lui demande si elle ne pense pas \u00e0 quelqu&rsquo;un qui pourrait lui en vouloir, mais elle ne pense \u00e0 personne. Il la pr\u00e9vient ensuite qu&rsquo;il a annul\u00e9 leur weekend dans le Luberon, et elle r\u00e9agit de fa\u00e7on \u00e9trange, comme si elle ne s&rsquo;en souvenait pas.<\/p>\n<p>Demain nous appartient en avance : Un homme menace Rapha\u00eblle<\/p>\n<p>Maud revient \u00e0 la fac et Adam la pr\u00e9vient que de nombreux messages, post\u00e9s sur internet, critiquent Rapha\u00eblle. Maud d\u00e9cide d&rsquo;en parler \u00e0 Martin. Soraya apporte au commissariat tous les dossiers en cours de Rapha\u00eblle pour que la police puisse les examiner. Elle parle \u00e0 Martin de plusieurs clients qui ont d\u00e9cid\u00e9 subitement de changer d&rsquo;avocat. Martin \u00e9coute le message de Maud et regarde les messages haineux contre Rapha\u00eblle sur internet. Roxane d\u00e9couvre qu&rsquo;un certain Malo Bonetti se cache derri\u00e8re un pseudo qui insulte Rapha\u00eblle, \u00e0 l&rsquo;\u00e9poque avocate de la victime de Malo. Karim va arr\u00eater le suspect qui porte un bracelet \u00e9lectronique apr\u00e8s \u00eatre sorti de prison. Lors de son interrogatoire, Malo assure ne pas \u00eatre derri\u00e8re les agressions de Rapha\u00eblle et il \u00e9voque qu&rsquo;un autre internaute insultait aussi l&rsquo;avocate. Karim a pu v\u00e9rifier l&rsquo;alibi de Malo qui est mis hors de cause. A l&rsquo;h\u00f4pital, Martin, Maud et Camille entendent Rapha\u00eblle hurler et la rejoignent dans sa chambre. Elle dit qu&rsquo;un homme l&rsquo;a menac\u00e9e.<\/p>\n<p>                        Demain nous appartient en avance : Rayane rompt avec Jack<\/p>\n<p>Au Spoon, Jordan rejoint Rayane qui lui dit pour sa liaison avec Jimmy. Jordan lui r\u00e9pond qu&rsquo;il sait d\u00e9j\u00e0 mais que ni lui ni Lizzie n&rsquo;en ont parl\u00e9 \u00e0 Jack. Jordan encourage Rayane \u00e0 dire la v\u00e9rit\u00e9 \u00e0 Jack. Rayane donne rendez-vous \u00e0 Jack sur la plage, puis, il lui avoue qu&rsquo;il l&rsquo;a tromp\u00e9 et qu&rsquo;il veut qu&rsquo;ils se s\u00e9parent. Les larmes aux yeux, Jack est sous le choc et r\u00e9p\u00e8te : \u00ab\u00a0je suis vraiment con moi, tu t&rsquo;es bien foutu de ma gueule.\u00a0\u00bb Le soir, Lizzie, Jordan et Audrey s&rsquo;installent dans la chambre de Jack pour le soutenir.<\/p>\n<p>Demain nous appartient en avance : Tous les voyants sont au vert pour que Soraya tombe enceinte<\/p>\n<p>A l&rsquo;h\u00f4pital, Soizic rassure Soraya en lui disant qu&rsquo;elle a un petit polype dans le col de l&rsquo;ut\u00e9rus, qu&rsquo;il faut retirer mais c&rsquo;est b\u00e9nin. La m\u00e9decin ajoute que cela ne l&#8217;emp\u00eachera pas de tomber enceinte. Soraya raconte ensuite avec enthousiasme qu&rsquo;ils viennent de d\u00e9cider de faire un b\u00e9b\u00e9, et Gabriel reste silencieux. Soizic trouve une date d&rsquo;intervention d\u00e8s la semaine prochaine. Marine re\u00e7oit Soraya et lui dit qu&rsquo;elle va pouvoir se faire op\u00e9rer. Quand elle lui demande le nom de son m\u00e9decin traitant, elle comprend que Soraya est amie avec Victoire. A la maison, Soraya est en t\u00eate d&rsquo;une partie de Scrabble gr\u00e2ce \u00e0 des mots en lien avec la parentalit\u00e9.<\/p>\n<p>Marine passe voir Fred devant le lyc\u00e9e et lui propose de faire un d\u00e9jeuner. Fran\u00e7ois les rejoint et dit \u00e0 Fred qu&rsquo;ils sont en retard pour une r\u00e9union avec les profs principaux. Marine repart, puis Fran\u00e7ois explique \u00e0 Fred qu&rsquo;il a invent\u00e9 cette r\u00e9union pour lui sauver la mise. Le soir, Fred rassure Victoire en lui disant qu&rsquo;il va parler \u00e0 Marine. Victoire fait ensuite une belle d\u00e9claration \u00e0 son amoureux.<\/p>\n","protected":false},"excerpt":{"rendered":"Dans Demain nous appartient, plusieurs suspects apparaissent dans l&rsquo;affaire des agressions contre Rapha\u00eblle. Rayane prend une d\u00e9cision douloureuse&hellip;\n","protected":false},"author":2,"featured_media":154660,"comment_status":"","ping_status":"","sticky":false,"template":"","format":"standard","meta":{"footnotes":""},"categories":[1356],"tags":[244,3598,5247,58,59,1011,27,5249,5248,5246,252,199,1364],"class_list":{"0":"post-154659","1":"post","2":"type-post","3":"status-publish","4":"format-standard","5":"has-post-thumbnail","7":"category-television","8":"tag-commentaire","9":"tag-demain-nous-appartient","10":"tag-demain-nous-appartient-en-avance","11":"tag-divertissement","12":"tag-entertainment","13":"tag-fr","14":"tag-france","15":"tag-mytf1-max","16":"tag-ru00e9sumu00e9-demain-nous-appartient","17":"tag-ru00e9sumu00e9-en-avance-demain-nous-appartient","18":"tag-television","19":"tag-tf1","20":"tag-tv"},"share_on_mastodon":{"url":"https:\/\/pubeurope.com\/@fr\/114632349636782689","error":""},"_links":{"self":[{"href":"https:\/\/www.europesays.com\/fr\/wp-json\/wp\/v2\/posts\/154659","targetHints":{"allow":["GET"]}}],"collection":[{"href":"https:\/\/www.europesays.com\/fr\/wp-json\/wp\/v2\/posts"}],"about":[{"href":"https:\/\/www.europesays.com\/fr\/wp-json\/wp\/v2\/types\/post"}],"author":[{"embeddable":true,"href":"https:\/\/www.europesays.com\/fr\/wp-json\/wp\/v2\/users\/2"}],"replies":[{"embeddable":true,"href":"https:\/\/www.europesays.com\/fr\/wp-json\/wp\/v2\/comments?post=154659"}],"version-history":[{"count":0,"href":"https:\/\/www.europesays.com\/fr\/wp-json\/wp\/v2\/posts\/154659\/revisions"}],"wp:featuredmedia":[{"embeddable":true,"href":"https:\/\/www.europesays.com\/fr\/wp-json\/wp\/v2\/media\/154660"}],"wp:attachment":[{"href":"https:\/\/www.europesays.com\/fr\/wp-json\/wp\/v2\/media?parent=154659"}],"wp:term":[{"taxonomy":"category","embeddable":true,"href":"https:\/\/www.europesays.com\/fr\/wp-json\/wp\/v2\/categories?post=154659"},{"taxonomy":"post_tag","embeddable":true,"href":"https:\/\/www.europesays.com\/fr\/wp-json\/wp\/v2\/tags?post=154659"}],"curies":[{"name":"wp","href":"https:\/\/api.w.org\/{rel}","templated":true}]}}