{"id":154661,"date":"2025-06-05T19:13:12","date_gmt":"2025-06-05T19:13:12","guid":{"rendered":"https:\/\/www.europesays.com\/fr\/154661\/"},"modified":"2025-06-05T19:13:12","modified_gmt":"2025-06-05T19:13:12","slug":"quels-sont-les-avantages-du-dab","status":"publish","type":"post","link":"https:\/\/www.europesays.com\/fr\/154661\/","title":{"rendered":"quels sont les avantages du DAB+ ?"},"content":{"rendered":"<p class=\"article-p mdl\">Tous les ans, lors de la f\u00eate de la radio, auditeurs et stations c\u00e9l\u00e8brent l&rsquo;univers radiophonique, sous toutes ses formes. L&rsquo;occasion de mettre en lumi\u00e8re les \u00e9volutions technologiques de ce m\u00e9dia qui a travers\u00e9 les \u00e9poques et ses nouveaux modes de diffusion comme le DAB+.\u00a0<\/p>\n<p class=\"article-p mdl\">Le \u00ab\u00a0Digital Audio Broadcasting\u00a0\u00bb, d\u00e9signe <strong>la radio num\u00e9rique terrestre.<\/strong> Une technologie, apparue dans les ann\u00e9es 1990, qui se d\u00e9ploie progressivement en France depuis 2014, selon l\u2019Arcom. Aujourd\u2019hui, toutes les agglom\u00e9rations de plus de 50.000 habitants en b\u00e9n\u00e9ficient, offrant un son de bien meilleure qualit\u00e9. L\u2019objectif \u00e0 terme est de rendre cette technologie accessible sur l\u2019ensemble du territoire.<\/p>\n<p class=\"article-p mdl\">Concr\u00e8tement, le son est toujours transmis par les ondes hertziennes, comme c\u2019est le cas depuis des d\u00e9cennies avec la FM, mais <strong>il est d\u00e9sormais num\u00e9ris\u00e9 et compress\u00e9<\/strong>. R\u00e9sultat : une exp\u00e9rience d\u2019\u00e9coute optimis\u00e9e, comparable \u00e0 celle d\u2019un CD.<\/p>\n<p class=\"article-p mdl\">Le DAB+ permet \u00e9galement d\u2019afficher des informations suppl\u00e9mentaires \u00e0 l\u2019\u00e9cran pendant l\u2019\u00e9coute : titres des morceaux, noms des \u00e9missions ou des animateurs, etc. Autre avantage, les stations sont <strong>class\u00e9es par ordre alphab\u00e9tique<\/strong>, ce qui simplifie leur recherche.<\/p>\n<p class=\"article-p mdl\">Gr\u00e2ce au principe de multiplexage, plusieurs radios peuvent partager une seule fr\u00e9quence. Contrairement \u00e0 la FM, o\u00f9 une fr\u00e9quence correspond \u00e0 une seule station, le DAB+ peut en regrouper jusqu\u2019\u00e0 treize sur une m\u00eame fr\u00e9quence, comme l\u2019explique l\u2019association\u00a0<a class=\"link\" href=\"https:\/\/ensemblepourledabplus.fr\/\" target=\"_blank\" rel=\"nofollow noopener\">\u00ab\u00a0Ensemble pour le DAB+\u00a0\u00bb<\/a>.<\/p>\n<p>            Quels sont les appareils compatibles ?<\/p>\n<p class=\"article-p mdl\">Pour pouvoir en profiter, encore faut-il s&rsquo;\u00e9quiper puisque tous les appareils ne sont pas forc\u00e9ment compatibles. Pour ce qui est des postes de radio commercialis\u00e9s en magasin ou sur internet, <strong>certains ne re\u00e7oivent que la FM<\/strong>, tandis que d&rsquo;autres proposent les deux. Si c&rsquo;est le cas, un logo DAB est indiqu\u00e9 sur l&#8217;emballage.<\/p>\n<p class=\"article-p mdl\">C\u00f4t\u00e9 automobile, le DAB+ est obligatoire sur tous les v\u00e9hicules neufs depuis la fin de l\u2019ann\u00e9e 2020. Il pr\u00e9sente l\u2019avantage d\u2019offrir une continuit\u00e9 d\u2019\u00e9coute sans interruption pendant les trajets. La r\u00e9ception peut se faire automatiquement, ou bien \u00eatre activ\u00e9e manuellement via l\u2019autoradio. Pour les voitures plus anciennes, il est tout \u00e0 fait possible de passer au DAB+ en<strong> installant un nouvel autoradio compatible<\/strong> ou en utilisant un adaptateur.<br \/>\u00a0\u00a0<br \/>Quel que soit le dispositif choisi, l\u2019\u00e9coute en DAB+ est enti\u00e8rement gratuite, sans besoin de souscrire un abonnement ou <strong>d\u2019avoir acc\u00e8s \u00e0 internet.<\/strong><br \/>\u00a0<br \/>RTL est disponible en DAB+.<\/p>\n<p>    La r\u00e9daction vous recommande<\/p>\n<p class=\"s-newsletter__title\">\n                L\u2019actualit\u00e9 par la r\u00e9daction de RTL dans votre bo\u00eete mail.\n            <\/p>\n<p class=\"s-newsletter__subtitle\">\n                Gr\u00e2ce \u00e0 votre compte RTL abonnez-vous \u00e0 la newsletter RTL info pour suivre toute l&rsquo;actualit\u00e9 au quotidien\n            <\/p>\n<p>\n                                    Lire la suite\n                                <\/p>\n","protected":false},"excerpt":{"rendered":"Tous les ans, lors de la f\u00eate de la radio, auditeurs et stations c\u00e9l\u00e8brent l&rsquo;univers radiophonique, sous toutes&hellip;\n","protected":false},"author":2,"featured_media":154662,"comment_status":"","ping_status":"","sticky":false,"template":"","format":"standard","meta":{"footnotes":""},"categories":[1355],"tags":[646,58,59,107,1011,27,500,1361,873,1825,2700],"class_list":{"0":"post-154661","1":"post","2":"type-post","3":"status-publish","4":"format-standard","5":"has-post-thumbnail","7":"category-musique","8":"tag-automobile","9":"tag-divertissement","10":"tag-entertainment","11":"tag-fil-info","12":"tag-fr","13":"tag-france","14":"tag-medias","15":"tag-music","16":"tag-musique","17":"tag-radio","18":"tag-rtl"},"share_on_mastodon":{"url":"https:\/\/pubeurope.com\/@fr\/114632353652994934","error":""},"_links":{"self":[{"href":"https:\/\/www.europesays.com\/fr\/wp-json\/wp\/v2\/posts\/154661","targetHints":{"allow":["GET"]}}],"collection":[{"href":"https:\/\/www.europesays.com\/fr\/wp-json\/wp\/v2\/posts"}],"about":[{"href":"https:\/\/www.europesays.com\/fr\/wp-json\/wp\/v2\/types\/post"}],"author":[{"embeddable":true,"href":"https:\/\/www.europesays.com\/fr\/wp-json\/wp\/v2\/users\/2"}],"replies":[{"embeddable":true,"href":"https:\/\/www.europesays.com\/fr\/wp-json\/wp\/v2\/comments?post=154661"}],"version-history":[{"count":0,"href":"https:\/\/www.europesays.com\/fr\/wp-json\/wp\/v2\/posts\/154661\/revisions"}],"wp:featuredmedia":[{"embeddable":true,"href":"https:\/\/www.europesays.com\/fr\/wp-json\/wp\/v2\/media\/154662"}],"wp:attachment":[{"href":"https:\/\/www.europesays.com\/fr\/wp-json\/wp\/v2\/media?parent=154661"}],"wp:term":[{"taxonomy":"category","embeddable":true,"href":"https:\/\/www.europesays.com\/fr\/wp-json\/wp\/v2\/categories?post=154661"},{"taxonomy":"post_tag","embeddable":true,"href":"https:\/\/www.europesays.com\/fr\/wp-json\/wp\/v2\/tags?post=154661"}],"curies":[{"name":"wp","href":"https:\/\/api.w.org\/{rel}","templated":true}]}}