{"id":154669,"date":"2025-06-05T19:17:10","date_gmt":"2025-06-05T19:17:10","guid":{"rendered":"https:\/\/www.europesays.com\/fr\/154669\/"},"modified":"2025-06-05T19:17:10","modified_gmt":"2025-06-05T19:17:10","slug":"il-va-nous-manquer-cyril-hanouna-annonce-la-fin-de-sa-collaboration-avec-ce-chroniqueur-emblematique","status":"publish","type":"post","link":"https:\/\/www.europesays.com\/fr\/154669\/","title":{"rendered":"\u00ab\u00a0Il va nous manquer\u00a0\u00bb : Cyril Hanouna annonce la fin de sa collaboration avec ce chroniqueur embl\u00e9matique"},"content":{"rendered":"<p>Il ne pourra pas emmener toute son \u00e9quipe avec lui et en \u00e9tait conscient avant m\u00eame de signer son contrat avec le groupe M6. \u00c0 partir du 1er septembre 2025, <a href=\"https:\/\/www.public.fr\/tag\/cyril-hanouna\" target=\"_blank\" rel=\"noopener\">Cyril Hanouna<\/a> fera officiellement son retour \u00e0 la t\u00e9l\u00e9vision en lan\u00e7ant le <a href=\"https:\/\/www.public.fr\/cyril-hanouna-sur-w9-sa-nouvelle-recrue-une-influenceuse-onlyfans\" target=\"_blank\" rel=\"noopener\">premier num\u00e9ro de <strong>\u00ab\u00a0Tout beau tout 9\u00a0\u00bb<\/strong><\/a> sur W9. Le lendemain, le 2 septembre 2025, il en signera aussi son retour en radio, sur Fun Radio, avec <strong>\u00ab\u00a0Tout beau tout fun\u00a0\u00bb.<\/strong>\u00a0<\/p>\n<p>En attendant de faire son retour sur le petit \u00e9cran, apr\u00e8s avoir anim\u00e9 la derni\u00e8re de <strong>\u00ab\u00a0TPMP\u00a0\u00bb<\/strong> le 26 mars 2025, \u00ab\u00a0Baba\u00a0\u00bb donne quelques informations sur ses projets \u00e0 venir. Ou plut\u00f4t, \u00e0 quoi vont pouvoir s\u2019attendre les t\u00e9l\u00e9spectateurs et les auditeurs pour ses prochaines \u00e9missions.<\/p>\n<p>Une \u00e9mission plus l\u00e9g\u00e8re pour Cyril Hanouna sur Fun Radio<\/p>\n<p>Ce mercredi 4 juin, dans son \u00e9mission <strong>\u00ab\u00a0On marche sur la t\u00eate\u00a0\u00bb<\/strong> sur Europe 1, <a href=\"https:\/\/vsd.fr\/tag\/cyril-hanouna\/\" target=\"_blank\" rel=\"noopener\">Cyril Hanouna<\/a> a justement donn\u00e9 quelques d\u00e9tails sur cette nouvelle quotidienne \u00e0 venir sur W9. Selon ses dires, les fans de <strong>\u00ab\u00a0TPMP\u00a0\u00bb<\/strong> ne devraient pas \u00eatre d\u00e9pays\u00e9s, au contraire.\u00a0<\/p>\n<p>\u00ab\u00a0On ne va pas changer une formule qui gagne (&#8230;) Forc\u00e9ment \u00e7a va fortement ressembler \u00e0 TPMP, on va beaucoup rigoler et on va beaucoup apprendre de choses\u00a0\u00bb, a-t-il en effet promis. Quid de <strong>\u00ab\u00a0Tout beau tout fun\u00a0\u00bb <\/strong>? L\u2019\u00e9mission ressemblera-t-elle \u00e0 <strong>\u00ab\u00a0On marche sur la t\u00eate\u00a0\u00bb<\/strong> ? Pas vraiment.<\/p>\n<p>En effet, Cyril Hanouna indique que sa nouvelle \u00e9mission radio devrait \u00eatre beaucoup plus l\u00e9g\u00e8re que celle d\u2019Europe 1. Du c\u00f4t\u00e9 des chroniqueurs, la majorit\u00e9 de son \u00e9quipe pr\u00e9sente dans <strong>\u00ab\u00a0On marche sur la t\u00eate\u00a0\u00bb<\/strong> va le suivre sur Fun Radio, hormis un.\u00a0<\/p>\n<p>La m\u00eame \u00e9quipe que \u00ab\u00a0On marche sur la t\u00eate\u00a0\u00bb&#8230; ou presque<\/p>\n<p>L&rsquo;homme politique\u00a0Olivier Dartigolles\u00a0va suivre \u00ab\u00a0Baba\u00a0\u00bb, tout comme deux chroniqueuses embl\u00e9matiques de <strong>\u00ab\u00a0TPMP\u00a0\u00bb<\/strong> : <strong>\u00ab\u00a0On va \u00eatre ensemble l&rsquo;ann\u00e9e prochaine, <a href=\"https:\/\/www.public.fr\/tag\/geraldine-maillet\" target=\"_blank\" rel=\"noopener\">G\u00e9raldine Maillet<\/a>, Dartigolles, et Bena\u00efm\u00a0\u00bb<\/strong>. N\u00e9anmoins, un autre chroniqueur, qui a parfois offici\u00e9 sur <strong>\u00ab\u00a0TPMP\u00a0\u00bb<\/strong>, et pr\u00e9sent de fa\u00e7on quotidienne dans <strong>\u00ab\u00a0On marche sur la t\u00eate\u00a0\u00bb<\/strong>, ne le suivra pas.<\/p>\n<p><strong>\u00ab\u00a0Mais Gauthier [Le Bret] va nous manquer et on va lui manquer\u00a0\u00bb<\/strong>, a en effet annonc\u00e9 Cyril Hanouna, pein\u00e9 de pas pouvoir compter sur l\u2019un de ses chroniqueurs. Comme le notent nos confr\u00e8res de Purebreak, le jeune chroniqueur ne devrait pas suivre l\u2019animateur pour plusieurs raisons.<\/p>\n<p>D\u2019apr\u00e8s le m\u00e9dia, Gauthier Le Bret \u00ab\u00a0souhaiterait continuer \u00e0 s&rsquo;\u00e9panouir sur CNews (il est le pr\u00e9sentateur de\u00a0100% politique) et Europe 1 (futur chroniqueur de la prochaine \u00e9mission de Pascal Praud ?)\u00a0\u00bb. Des projets qui expliquerait son absence dans la nouvelle \u00e9quipe de \u00ab\u00a0Baba\u00a0\u00bb.\u00a0<\/p>\n<p>      Mentionn\u00e9s dans cet article<\/p>\n<p>\u00c0 lire aussi<\/p>\n","protected":false},"excerpt":{"rendered":"Il ne pourra pas emmener toute son \u00e9quipe avec lui et en \u00e9tait conscient avant m\u00eame de signer&hellip;\n","protected":false},"author":2,"featured_media":154670,"comment_status":"","ping_status":"","sticky":false,"template":"","format":"standard","meta":{"footnotes":""},"categories":[8],"tags":[1083,58,59,1011,27,6034,22498,22497,2395],"class_list":{"0":"post-154669","1":"post","2":"type-post","3":"status-publish","4":"format-standard","5":"has-post-thumbnail","7":"category-divertissement","8":"tag-cyril-hanouna","9":"tag-divertissement","10":"tag-entertainment","11":"tag-fr","12":"tag-france","13":"tag-fun-radio","14":"tag-tout-9-tbt9","15":"tag-tout-beau","16":"tag-w9"},"share_on_mastodon":{"url":"https:\/\/pubeurope.com\/@fr\/114632369471759116","error":""},"_links":{"self":[{"href":"https:\/\/www.europesays.com\/fr\/wp-json\/wp\/v2\/posts\/154669","targetHints":{"allow":["GET"]}}],"collection":[{"href":"https:\/\/www.europesays.com\/fr\/wp-json\/wp\/v2\/posts"}],"about":[{"href":"https:\/\/www.europesays.com\/fr\/wp-json\/wp\/v2\/types\/post"}],"author":[{"embeddable":true,"href":"https:\/\/www.europesays.com\/fr\/wp-json\/wp\/v2\/users\/2"}],"replies":[{"embeddable":true,"href":"https:\/\/www.europesays.com\/fr\/wp-json\/wp\/v2\/comments?post=154669"}],"version-history":[{"count":0,"href":"https:\/\/www.europesays.com\/fr\/wp-json\/wp\/v2\/posts\/154669\/revisions"}],"wp:featuredmedia":[{"embeddable":true,"href":"https:\/\/www.europesays.com\/fr\/wp-json\/wp\/v2\/media\/154670"}],"wp:attachment":[{"href":"https:\/\/www.europesays.com\/fr\/wp-json\/wp\/v2\/media?parent=154669"}],"wp:term":[{"taxonomy":"category","embeddable":true,"href":"https:\/\/www.europesays.com\/fr\/wp-json\/wp\/v2\/categories?post=154669"},{"taxonomy":"post_tag","embeddable":true,"href":"https:\/\/www.europesays.com\/fr\/wp-json\/wp\/v2\/tags?post=154669"}],"curies":[{"name":"wp","href":"https:\/\/api.w.org\/{rel}","templated":true}]}}