{"id":154675,"date":"2025-06-05T19:20:12","date_gmt":"2025-06-05T19:20:12","guid":{"rendered":"https:\/\/www.europesays.com\/fr\/154675\/"},"modified":"2025-06-05T19:20:12","modified_gmt":"2025-06-05T19:20:12","slug":"les-dernieres-images-damine-khalifa-tue-en-allant-chercher-de-laide-alimentaire-contredisent-la-version-de-tsahal-liberation","status":"publish","type":"post","link":"https:\/\/www.europesays.com\/fr\/154675\/","title":{"rendered":"les derni\u00e8res images d\u2019Amine Khalifa, tu\u00e9 en allant chercher de l\u2019aide alimentaire, contredisent la version de Tsahal \u2013 Lib\u00e9ration"},"content":{"rendered":"<p class=\"sc-ksZaOG ehjQrN text-element\">Amine Samir Khalifa, \u00e2g\u00e9 de 29 ans, a \u00e9t\u00e9 tu\u00e9, mardi 3 juin, \u00e0 l\u2019aube, alors qu\u2019il patientait \u00e0 proximit\u00e9 d\u2019un des centres de distribution d\u2019aide humanitaire de Rafah, g\u00e9r\u00e9 par la Fondation humanitaire pour Gaza (GHF), o\u00f9 il allait chercher de la nourriture, selon ses proches.<\/p>\n<p class=\"sc-ksZaOG ehjQrN text-element\">Il fait partie des <a href=\"https:\/\/www.liberation.fr\/checknews\/aide-humanitaire-a-gaza-que-sait-on-des-nouveaux-tirs-israeliens-sur-des-sites-de-distribution-alimentaire-20250603_3NYWJGGONRG3JHVIQLAXEXVCMU\/\" target=\"_blank\" rel=\"noopener\" title=\"https:\/\/www.liberation.fr\/checknews\/aide-humanitaire-a-gaza-que-sait-on-des-nouveaux-tirs-israeliens-sur-des-sites-de-distribution-alimentaire-20250603_3NYWJGGONRG3JHVIQLAXEXVCMU\/\">27 personnes qui ont perdu la vie ce jour-l\u00e0<\/a>, selon la Croix-Rouge et les autorit\u00e9s gazaouies. L\u2019arm\u00e9e isra\u00e9lienne \u2013 qui conteste ce bilan \u2013 a conc\u00e9d\u00e9 avoir tir\u00e9 \u00absur plusieurs suspects s\u2019\u00e9tant \u00e9cart\u00e9s des voies d\u2019acc\u00e8s d\u00e9sign\u00e9es\u00bb, se justifiant ainsi : \u00abLes troupes ont effectu\u00e9 des tirs d\u2019avertissement et, apr\u00e8s que les suspects n\u2019ont pas battu en retraite, des tirs suppl\u00e9mentaires ont \u00e9t\u00e9 dirig\u00e9s vers quelques suspects qui avan\u00e7aient vers les troupes.\u00bb L\u2019arm\u00e9e isra\u00e9lienne n\u2019a pas sp\u00e9cifi\u00e9 en quoi les personnes vis\u00e9es repr\u00e9sentaient une menace.<\/p>\n<p class=\"sc-ksZaOG ehjQrN text-element\">Le lendemain, les distributions alimentaires ont \u00e9t\u00e9 suspendues (elles l\u2019\u00e9taient encore ce jeudi 5 juin), la GHF expliquant vouloir organiser les sites de mani\u00e8re \u00e0 pouvoir accueillir des foules plus nombreuses, et permettre \u00e0 Tsahal<\/p>\n","protected":false},"excerpt":{"rendered":"Amine Samir Khalifa, \u00e2g\u00e9 de 29 ans, a \u00e9t\u00e9 tu\u00e9, mardi 3 juin, \u00e0 l\u2019aube, alors qu\u2019il patientait&hellip;\n","protected":false},"author":2,"featured_media":154676,"comment_status":"","ping_status":"","sticky":false,"template":"","format":"standard","meta":{"footnotes":""},"categories":[5],"tags":[11,1011,27,3517,14,664,3523,12,28],"class_list":{"0":"post-154675","1":"post","2":"type-post","3":"status-publish","4":"format-standard","5":"has-post-thumbnail","7":"category-international","8":"tag-actualites","9":"tag-fr","10":"tag-france","11":"tag-gaza-l-escalade","12":"tag-international","13":"tag-israel","14":"tag-israel-palestine-conflit","15":"tag-news","16":"tag-world"},"share_on_mastodon":{"url":"https:\/\/pubeurope.com\/@fr\/114632381154327200","error":""},"_links":{"self":[{"href":"https:\/\/www.europesays.com\/fr\/wp-json\/wp\/v2\/posts\/154675","targetHints":{"allow":["GET"]}}],"collection":[{"href":"https:\/\/www.europesays.com\/fr\/wp-json\/wp\/v2\/posts"}],"about":[{"href":"https:\/\/www.europesays.com\/fr\/wp-json\/wp\/v2\/types\/post"}],"author":[{"embeddable":true,"href":"https:\/\/www.europesays.com\/fr\/wp-json\/wp\/v2\/users\/2"}],"replies":[{"embeddable":true,"href":"https:\/\/www.europesays.com\/fr\/wp-json\/wp\/v2\/comments?post=154675"}],"version-history":[{"count":0,"href":"https:\/\/www.europesays.com\/fr\/wp-json\/wp\/v2\/posts\/154675\/revisions"}],"wp:featuredmedia":[{"embeddable":true,"href":"https:\/\/www.europesays.com\/fr\/wp-json\/wp\/v2\/media\/154676"}],"wp:attachment":[{"href":"https:\/\/www.europesays.com\/fr\/wp-json\/wp\/v2\/media?parent=154675"}],"wp:term":[{"taxonomy":"category","embeddable":true,"href":"https:\/\/www.europesays.com\/fr\/wp-json\/wp\/v2\/categories?post=154675"},{"taxonomy":"post_tag","embeddable":true,"href":"https:\/\/www.europesays.com\/fr\/wp-json\/wp\/v2\/tags?post=154675"}],"curies":[{"name":"wp","href":"https:\/\/api.w.org\/{rel}","templated":true}]}}