{"id":1547,"date":"2025-04-03T22:22:09","date_gmt":"2025-04-03T22:22:09","guid":{"rendered":"https:\/\/www.europesays.com\/fr\/1547\/"},"modified":"2025-04-03T22:22:09","modified_gmt":"2025-04-03T22:22:09","slug":"une-enquete-ouverte-apres-lagression-dun-prof-par-un-eleve-de-11-ans-refusant-une-punition","status":"publish","type":"post","link":"https:\/\/www.europesays.com\/fr\/1547\/","title":{"rendered":"Une enqu\u00eate ouverte apr\u00e8s l\u2019agression d\u2019un prof par un \u00e9l\u00e8ve de 11 ans refusant une punition"},"content":{"rendered":"<p>Un professeur d\u2019arts plastiques d\u2019un coll\u00e8ge de Sucy-en-Brie (<a href=\"https:\/\/www.20minutes.fr\/societe\/val-de-marne\/\" class=\"color-ultramarine c-link\" target=\"_blank\" rel=\"noopener\">Val-de-Marne<\/a>) a en effet \u00e9t\u00e9 agress\u00e9 mardi par un de ses \u00e9l\u00e8ves, a appris l\u2019AFP jeudi de sources concordantes, confirmant <a href=\"https:\/\/www.lefigaro.fr\/faits-divers\/val-de-marne-un-eleve-de-11-ans-roue-de-coups-son-professeur-apres-avoir-recu-une-punition-20250403\" target=\"_blank\" class=\"color-ultramarine c-link\" rel=\"noopener\">une information du Figaro<\/a>. Une enqu\u00eate a \u00e9t\u00e9 ouverte dans la foul\u00e9e. L\u2019\u00e9l\u00e8ve, \u00e2g\u00e9 de 11 ans, qui aurait des troubles du comportement et n\u2019aurait pas pris son traitement, doit \u00eatre entendu, a indiqu\u00e9 le parquet de Cr\u00e9teil, pr\u00e9cisant qu\u2019une \u00ab\u00a0expertise psychiatrique le concernant a \u00e9t\u00e9 ordonn\u00e9e\u00a0\u00bb.<\/p>\n<p>Coup de poing, coups de pied<\/p>\n<p>L\u2019enseignant a d\u00e9pos\u00e9 plainte mercredi apr\u00e8s-midi au commissariat de Boissy-Saint-L\u00e9ger, selon une source polici\u00e8re. Selon cette m\u00eame source, il a indiqu\u00e9 que l\u2019\u00e9l\u00e8ve, en classe de 6e, refusant d\u2019accepter une punition, l\u2019avait frapp\u00e9 la veille <a href=\"https:\/\/www.20minutes.fr\/faits_divers\/faits-divers-paris\/\" class=\"color-ultramarine c-link\" target=\"_blank\" rel=\"noopener\">d\u2019un coup de poing et de coups de pied<\/a> avant qu\u2019il n\u2019arrive \u00e0 le ma\u00eetriser. Le coll\u00e9gien a ensuite prof\u00e9r\u00e9 des insultes \u00e0 l\u2019encontre de son professeur. Il a \u00e9t\u00e9 exclu du coll\u00e8ge du Fort, dans l\u2019attente d\u2019un <a href=\"https:\/\/www.20minutes.fr\/dossier\/education_nationale\" class=\"color-ultramarine c-link\" target=\"_blank\" rel=\"noopener\">conseil de discipline<\/a>. Quant \u00e0 l\u2019enseignant, un examen dans une unit\u00e9 m\u00e9dico-judiciaire (UMJ) a \u00e9t\u00e9 programm\u00e9 mardi prochain.<\/p>\n","protected":false},"excerpt":{"rendered":"Un professeur d\u2019arts plastiques d\u2019un coll\u00e8ge de Sucy-en-Brie (Val-de-Marne) a en effet \u00e9t\u00e9 agress\u00e9 mardi par un de&hellip;\n","protected":false},"author":2,"featured_media":1548,"comment_status":"","ping_status":"","sticky":false,"template":"","format":"standard","meta":{"footnotes":""},"categories":[4],"tags":[47,11,1120,1124,1122,1057,1126,1121,847,118,658,1011,27,662,303,1123,12,1127,25,1125],"class_list":{"0":"post-1547","1":"post","2":"type-post","3":"status-publish","4":"format-standard","5":"has-post-thumbnail","7":"category-france","8":"tag-actualite","9":"tag-actualites","10":"tag-agression","11":"tag-college","12":"tag-ecole","13":"tag-education","14":"tag-education-nationale","15":"tag-eleves","16":"tag-enfant","17":"tag-faits-divers","18":"tag-faits-divers-paris","19":"tag-fr","20":"tag-france","21":"tag-ile-de-france","22":"tag-justice","23":"tag-mineur","24":"tag-news","25":"tag-professeur","26":"tag-republique-francaise","27":"tag-val-de-marne"},"share_on_mastodon":{"url":"https:\/\/pubeurope.com\/@fr\/114276371293234028","error":""},"_links":{"self":[{"href":"https:\/\/www.europesays.com\/fr\/wp-json\/wp\/v2\/posts\/1547","targetHints":{"allow":["GET"]}}],"collection":[{"href":"https:\/\/www.europesays.com\/fr\/wp-json\/wp\/v2\/posts"}],"about":[{"href":"https:\/\/www.europesays.com\/fr\/wp-json\/wp\/v2\/types\/post"}],"author":[{"embeddable":true,"href":"https:\/\/www.europesays.com\/fr\/wp-json\/wp\/v2\/users\/2"}],"replies":[{"embeddable":true,"href":"https:\/\/www.europesays.com\/fr\/wp-json\/wp\/v2\/comments?post=1547"}],"version-history":[{"count":0,"href":"https:\/\/www.europesays.com\/fr\/wp-json\/wp\/v2\/posts\/1547\/revisions"}],"wp:featuredmedia":[{"embeddable":true,"href":"https:\/\/www.europesays.com\/fr\/wp-json\/wp\/v2\/media\/1548"}],"wp:attachment":[{"href":"https:\/\/www.europesays.com\/fr\/wp-json\/wp\/v2\/media?parent=1547"}],"wp:term":[{"taxonomy":"category","embeddable":true,"href":"https:\/\/www.europesays.com\/fr\/wp-json\/wp\/v2\/categories?post=1547"},{"taxonomy":"post_tag","embeddable":true,"href":"https:\/\/www.europesays.com\/fr\/wp-json\/wp\/v2\/tags?post=1547"}],"curies":[{"name":"wp","href":"https:\/\/api.w.org\/{rel}","templated":true}]}}