{"id":154725,"date":"2025-06-05T19:46:13","date_gmt":"2025-06-05T19:46:13","guid":{"rendered":"https:\/\/www.europesays.com\/fr\/154725\/"},"modified":"2025-06-05T19:46:13","modified_gmt":"2025-06-05T19:46:13","slug":"les-ecoles-dart-asphyxiees-a-toulouse-lisdat-perd-500-000-euros","status":"publish","type":"post","link":"https:\/\/www.europesays.com\/fr\/154725\/","title":{"rendered":"Les \u00e9coles d\u2019art \u00ab\u00a0asphyxi\u00e9es\u00a0\u00bb\u00a0: \u00e0 Toulouse, l\u2019isdaT\u00a0perd 500\u00a0000\u00a0euros"},"content":{"rendered":"<p>D\u00e9j\u00e0 frapp\u00e9s par une <a href=\"https:\/\/www.lequotidiendelart.com\/articles\/27232-d-importantes-coupes-budg%C3%A9taires-annonc%C3%A9es-%C3%A0-l-isdat-%C3%A9cole-d-art-de-toulouse.html\" target=\"_blank\" rel=\"noopener\">baisse de 10\u00a0% de la subvention municipale<\/a> (soit -460\u00a0000\u00a0euros), les personnels et \u00e9tudiants de l\u2019isdaT (institut sup\u00e9rieur de design et d\u2019art de Toulouse) craignaient que la m\u00e9tropole et l\u2019\u00c9tat n\u2019embo\u00eetent le pas. Malgr\u00e9 la mobilisation, cette crainte s\u2019est confirm\u00e9e, et ce sont en tout 500\u00a0000\u00a0euros qui manqueront au budget de l\u2019\u00e9cole l\u2019an prochain. Cons\u00e9quences de ces coupes\u00a0: des postes d\u2019enseignants non renouvel\u00e9s ou r\u00e9duits \u00e0 temps partiel, avec des conditions pr\u00e9caris\u00e9es, de nombreux postes non pourvus dans les \u00e9quipes p\u00e9dagogique, administrative et technique, une hausse des frais d\u2019inscription des \u00e9tudiants, et un budget\u00a0aust\u00e9ritaire avec des conditions d\u2019\u00e9tude r\u00e9duites (acc\u00e8s aux ateliers, workshops, voyages, conf\u00e9rences, mat\u00e9riaux&#8230;). Selon J\u00e9r\u00f4me Dupeyrat, professeur et membre du collectif isdaT en danger (qui rassemble syndicats et assembl\u00e9e g\u00e9n\u00e9rale des \u00e9tudiants et personnels), \u00ab\u00a0la coupe budg\u00e9taire municipale appara\u00eet comme une sorte de punition, en tout cas de d\u00e9sengagement brutal, qui touche par ailleurs l\u2019ensemble du secteur culturel et associatif toulousain. Paradoxalement, ce d\u00e9sengagement financier s\u2019accompagne d\u2019une volont\u00e9 de contr\u00f4le tr\u00e8s fort\u00a0\u00bb. Tandis que la fin de l\u2019ann\u00e9e scolaire approche, une gr\u00e8ve d\u2019une partie des agents de l\u2019isdaT a \u00e9t\u00e9 amorc\u00e9e le 13\u00a0mai. En coordination avec diverses associations culturelles en lutte de Haute-Garonne, les discussions avec la mairie de Toulouse dirig\u00e9e par Jean-Luc Moudenc (divers droite)\u00a0restent au point mort. De son c\u00f4t\u00e9, l\u2019ANd\u00c9A (association nationale des \u00e9coles sup\u00e9rieures d\u2019art et design publiques) a publi\u00e9 le 2\u00a0mai dans la Gazette des communes une <a href=\"https:\/\/andea.fr\/evenement\/tribune-dans-la-gazette-des-communes-lettre-ouverte-des-presidentes-et-presidents-des-ecoles-superieures-dart-et-design-publiques-a-madame-rachida-dati-ministre-de-la-culture\/\" target=\"_blank\" rel=\"noopener\">lettre ouverte<\/a> des pr\u00e9sidentes et pr\u00e9sidents des \u00e9coles adress\u00e9e \u00e0 la ministre de la Culture (qui l\u2019an pass\u00e9 <a href=\"https:\/\/www.lequotidiendelart.com\/articles\/25377-rachida-dati-menace-de-fermer-certaines-%C3%A9coles-d-art.html\" target=\"_blank\" rel=\"noopener\">\u00e9voquait l\u2019\u00e9ventualit\u00e9 d\u2019en fermer certaines<\/a>), annon\u00e7ant que \u00ab\u00a0si rien n\u2019est fait rapidement, nos \u00e9coles risquent de fermer les unes apr\u00e8s les autres\u00a0\u00bb. Rappelant que \u00ab\u00a0les places offertes dans les 45\u00a0\u00e9coles (&#8230;) ne suffisent plus \u00e0 r\u00e9pondre \u00e0 l\u2019aspiration d\u2019une jeunesse d\u00e9sireuse de cr\u00e9er, demande qui a plus que doubl\u00e9 en 20\u00a0ans\u00a0\u00bb, elle s\u2019alarme particuli\u00e8rement du sort des \u00e9coles territoriales,\u00a0\u00ab\u00a0asphyxi\u00e9es par un mod\u00e8le \u00e9conomique incoh\u00e9rent (car) financ\u00e9es \u00e0 plus de 80\u00a0% par les collectivit\u00e9s\u00a0\u00bb, \u00ab\u00a0au bord du gouffre\u00a0: 36\u00a0% ont d\u00e9j\u00e0 \u00e9puis\u00e9 leurs r\u00e9serves, 68\u00a0% ont un d\u00e9s\u00e9quilibre budg\u00e9taire structurel\u00a0\u00bb, o\u00f9 \u00ab\u00a0les enseignants souffrent de statuts inadapt\u00e9s et in\u00e9quitables\u00a0\u00bb et \u00ab\u00a0les \u00e9tudiants boursiers ne b\u00e9n\u00e9ficient pas de l\u2019exon\u00e9ration des frais d\u2019inscription\u00a0\u00bb.\u00a0<a href=\"https:\/\/www.lequotidiendelart.com\/articles\/23531-le-minist%C3%A8re-accorde-2-millions-aux-%C3%A9coles-d-art-et-acte-la-fin-de-valenciennes.html\" target=\"_blank\" rel=\"noopener\">Celle de Valenciennes<\/a> ferme d\u00e9finitivement ses portes \u00e0 la fin du mois, et organise \u00ab pour acter sa fermeture tout en refusant de s\u2019\u00e9clipser dans le silence \u00bb, une veill\u00e9e radiophonique le 7 juin, une exposition de ses anciens \u00e9tudiants (du 12 au 27), et une journ\u00e9e portes ferm\u00e9es \u00e0 l\u2019\u00e9cole le 27.\u00a0<\/p>\n<p>\t\t\t\t\t\t<img decoding=\"async\" src=\"https:\/\/www.europesays.com\/fr\/wp-content\/uploads\/2025\/06\/48486.jpg\" alt=\"Manifestation des \u00e9tudiants \u00e0 Toulouse en mars 2025.\"\/><br \/>\n\t\t\t\t\t\tManifestation des \u00e9tudiants \u00e0 Toulouse en mars 2025.<br \/>ALAIN PITTON \/ NURPHOTO \/ NURPHOTO VIA AFP.<\/p>\n<p>\t\t\t\t\t\t<img decoding=\"async\" src=\"https:\/\/www.europesays.com\/fr\/wp-content\/uploads\/2025\/06\/48487.jpg\" alt=\"Le programme \u00ab\u00a0Comment bien fermer une \u00e9cole d\u2019art\u00a0?\u00a0\u00bb suite \u00e0 l\u2019annonce de la fermeture d\u00e9finitive de l\u2019\u00c9cole sup\u00e9rieure d\u2019art et de design de Valenciennes en juin 2025.\"\/><br \/>\n\t\t\t\t\t\tLe programme \u00ab\u00a0Comment bien fermer une \u00e9cole d\u2019art\u00a0?\u00a0\u00bb suite \u00e0 l\u2019annonce de la fermeture d\u00e9finitive de l\u2019\u00c9cole sup\u00e9rieure d\u2019art et de design de Valenciennes en juin 2025.<br \/>\u00a9 Structure batons.<\/p>\n","protected":false},"excerpt":{"rendered":"D\u00e9j\u00e0 frapp\u00e9s par une baisse de 10\u00a0% de la subvention municipale (soit -460\u00a0000\u00a0euros), les personnels et \u00e9tudiants de&hellip;\n","protected":false},"author":2,"featured_media":154726,"comment_status":"","ping_status":"","sticky":false,"template":"","format":"standard","meta":{"footnotes":""},"categories":[2816],"tags":[1111,11,28472,1777,674,1011,27,28473,12,2680,25,2312,2222],"class_list":{"0":"post-154725","1":"post","2":"type-post","3":"status-publish","4":"format-standard","5":"has-post-thumbnail","7":"category-toulouse","8":"tag-actu","9":"tag-actualites","10":"tag-ecoles-dart","11":"tag-eu","12":"tag-europe","13":"tag-fr","14":"tag-france","15":"tag-isdat","16":"tag-news","17":"tag-occitanie","18":"tag-republique-francaise","19":"tag-toulouse","20":"tag-valenciennes"},"share_on_mastodon":{"url":"https:\/\/pubeurope.com\/@fr\/114632483713861482","error":""},"_links":{"self":[{"href":"https:\/\/www.europesays.com\/fr\/wp-json\/wp\/v2\/posts\/154725","targetHints":{"allow":["GET"]}}],"collection":[{"href":"https:\/\/www.europesays.com\/fr\/wp-json\/wp\/v2\/posts"}],"about":[{"href":"https:\/\/www.europesays.com\/fr\/wp-json\/wp\/v2\/types\/post"}],"author":[{"embeddable":true,"href":"https:\/\/www.europesays.com\/fr\/wp-json\/wp\/v2\/users\/2"}],"replies":[{"embeddable":true,"href":"https:\/\/www.europesays.com\/fr\/wp-json\/wp\/v2\/comments?post=154725"}],"version-history":[{"count":0,"href":"https:\/\/www.europesays.com\/fr\/wp-json\/wp\/v2\/posts\/154725\/revisions"}],"wp:featuredmedia":[{"embeddable":true,"href":"https:\/\/www.europesays.com\/fr\/wp-json\/wp\/v2\/media\/154726"}],"wp:attachment":[{"href":"https:\/\/www.europesays.com\/fr\/wp-json\/wp\/v2\/media?parent=154725"}],"wp:term":[{"taxonomy":"category","embeddable":true,"href":"https:\/\/www.europesays.com\/fr\/wp-json\/wp\/v2\/categories?post=154725"},{"taxonomy":"post_tag","embeddable":true,"href":"https:\/\/www.europesays.com\/fr\/wp-json\/wp\/v2\/tags?post=154725"}],"curies":[{"name":"wp","href":"https:\/\/api.w.org\/{rel}","templated":true}]}}