{"id":154733,"date":"2025-06-05T19:50:11","date_gmt":"2025-06-05T19:50:11","guid":{"rendered":"https:\/\/www.europesays.com\/fr\/154733\/"},"modified":"2025-06-05T19:50:11","modified_gmt":"2025-06-05T19:50:11","slug":"omar-sy-pourtant-fan-de-lolympique-de-marseille-il-devient-co-proprietaire-du-club-de-paris","status":"publish","type":"post","link":"https:\/\/www.europesays.com\/fr\/154733\/","title":{"rendered":"Omar Sy, pourtant fan de l\u2019Olympique de Marseille, il devient co-propri\u00e9taire du club de Paris"},"content":{"rendered":"<p>      R\u00e9sum\u00e9<\/p>\n<p>Omar Sy rejoint le Paris Basketball comme co-propri\u00e9taire, s\u00e9duit par l\u2019\u00e9nergie du projet et engag\u00e9 dans le d\u00e9veloppement et le rayonnement du club parisien.<\/p>\n<p>        Sommaire<\/p>\n<p>Fan de l\u2019Olympique de Marseille au football, mais en admiration devant les performances du Paris Basketball. Ce jeudi 5 juin 2025, le club de basket de la capitale a annonc\u00e9 une grande nouvelle comme l\u2019ont relay\u00e9 nos confr\u00e8res de L\u2019\u00c9quipe. En effet, <a href=\"https:\/\/www.public.fr\/tag\/omar-sy\" rel=\"nofollow noopener\" target=\"_blank\">Omar Sy<\/a> vient de devenir co-propri\u00e9taire du club de la capitale.\u00a0<\/p>\n<p>De quoi r\u00e9jouir les fans du club qui a brill\u00e9 pour sa premi\u00e8re saison en Euroligue. Le quotidien sportif indique en effet que <a href=\"https:\/\/www.public.fr\/omar-sy-grosse-altercation-dans-un-train-la-sncf-porte-plainte-pour-propos-menacants\" rel=\"nofollow noopener\" target=\"_blank\">le com\u00e9dien de 47 ans<\/a>, originaire de Trappes, rejoint l&rsquo;actionnariat du Paris Basketball. Une grande nouvelle annonc\u00e9e via un communiqu\u00e9.\u00a0<\/p>\n<p>Omar Sy motiv\u00e9 par le projet du Paris Basketball<\/p>\n<p>Le club parisien annonce en effet, ce jeudi, \u00ab\u00a0<strong>l\u2019int\u00e9gration d&rsquo;Omar Sy au sein de son organisation en tant que co-propri\u00e9taire du club<\/strong> aux c\u00f4t\u00e9s de David Kahn et Eric Schwartz\u00a0\u00bb. \u00ab\u00a0Cette int\u00e9gration vient renforcer les ambitions du club en termes de d\u00e9veloppement, notamment autour de son rayonnement en France et \u00e0 l\u2019international\u00a0\u00bb, indique le Paris Basketball comme le souligne L\u2019\u00c9quipe.<\/p>\n<p>Mais pour quelle raison <a href=\"https:\/\/vsd.fr\/62253-omar-sy-de-retour-en-france-limmense-honneur-que-lui-a-reserve-une-salle-de-cinema-de-trappes\/\" rel=\"nofollow noopener\" target=\"_blank\">Omar Sy<\/a> a-t-il souhait\u00e9 devenir co-propri\u00e9taire du club de basketball de la capitale ? Originaire de Trappes, en r\u00e9gion parisienne, le com\u00e9dien de 47 ans explique avoir \u00e9t\u00e9 \u00ab\u00a0marqu\u00e9 par l&rsquo;\u00e9nergie du projet\u00a0\u00bb.<\/p>\n<p>\u00ab\u00a0Je suis venu pour la premi\u00e8re fois voir jouer le club lors du match d&rsquo;Euroligue contre Vitoria (victoire 67-65).\u00a0<strong>J&rsquo;ai \u00e9t\u00e9 marqu\u00e9 par l&rsquo;\u00e9nergie du projet<\/strong> : en tribunes, c&rsquo;est un club capable de r\u00e9unir le Grand Paris dans sa diversit\u00e9 et c&rsquo;est pr\u00e9cieux en termes de valeurs\u00a0\u00bb, explique Omar Sy en vantant les m\u00e9rites du public parisien.<\/p>\n<p>Le com\u00e9dien convaincu par \u00ab\u00a0l&rsquo;ADN du club\u00a0\u00bb<\/p>\n<p>En ce qui concerne le terrain, Omar Sy estime que \u00ab\u00a0l\u2019\u00e9quipe d\u00e9gage une intensit\u00e9 et une force de caract\u00e8re qui sont son moteur principal, tandis qu&rsquo;en dehors, notamment sur les r\u00e9seaux, l&rsquo;ADN du club et son image sont vibrants\u00a0\u00bb. Autant d\u2019\u00e9l\u00e9ments qui l\u2019ont convaincu \u00e0 investir dans ce club qui monte en puissante sur la sc\u00e8ne europ\u00e9enne.\u00a0<\/p>\n<p>N\u00e9anmoins, \u00e0 l\u2019heure actuelle, nos confr\u00e8res de L\u2019\u00c9quipe indiquent que nous ignorons s\u2019il s\u2019agit d\u2019un rachat d&rsquo;une partie des parts ou d&rsquo;une augmentation de capital. Dans tous les cas, le pr\u00e9sident du Paris Basketball, David Kahn promet <strong>qu\u2019Omar Sy, \u00ab\u00a0ne sera pas l\u00e0 uniquement pour pr\u00eater son nom et sa popularit\u00e9\u00a0\u00bb.<\/strong><\/p>\n<p>\u00ab\u00a0<strong>Il sera conseiller culturel du Paris Basketball et ce ne sera en aucun cas un titre honorifique<\/strong>.\u00a0D\u00e8s le d\u00e9but de nos \u00e9changes, nous avons exprim\u00e9 notre volont\u00e9 qu&rsquo;il s&rsquo;implique pleinement dans le d\u00e9veloppement et le rayonnement du club\u00a0\u00bb, assure-t-il, heureux de cette nouvelle collaboration.\u00a0<\/p>\n<p>      Mentionn\u00e9s dans cet article<\/p>\n<p>\u00c0 lire aussi<\/p>\n","protected":false},"excerpt":{"rendered":"R\u00e9sum\u00e9 Omar Sy rejoint le Paris Basketball comme co-propri\u00e9taire, s\u00e9duit par l\u2019\u00e9nergie du projet et engag\u00e9 dans le&hellip;\n","protected":false},"author":2,"featured_media":154734,"comment_status":"","ping_status":"","sticky":false,"template":"","format":"standard","meta":{"footnotes":""},"categories":[2814],"tags":[1111,11,1791,1777,674,1011,27,884,12,1176,18580,882,25],"class_list":{"0":"post-154733","1":"post","2":"type-post","3":"status-publish","4":"format-standard","5":"has-post-thumbnail","7":"category-marseille","8":"tag-actu","9":"tag-actualites","10":"tag-basket-ball","11":"tag-eu","12":"tag-europe","13":"tag-fr","14":"tag-france","15":"tag-marseille","16":"tag-news","17":"tag-olympique-de-marseille","18":"tag-omar-sy","19":"tag-provence-alpes-cote-dazur","20":"tag-republique-francaise"},"share_on_mastodon":{"url":"https:\/\/pubeurope.com\/@fr\/114632499109586992","error":""},"_links":{"self":[{"href":"https:\/\/www.europesays.com\/fr\/wp-json\/wp\/v2\/posts\/154733","targetHints":{"allow":["GET"]}}],"collection":[{"href":"https:\/\/www.europesays.com\/fr\/wp-json\/wp\/v2\/posts"}],"about":[{"href":"https:\/\/www.europesays.com\/fr\/wp-json\/wp\/v2\/types\/post"}],"author":[{"embeddable":true,"href":"https:\/\/www.europesays.com\/fr\/wp-json\/wp\/v2\/users\/2"}],"replies":[{"embeddable":true,"href":"https:\/\/www.europesays.com\/fr\/wp-json\/wp\/v2\/comments?post=154733"}],"version-history":[{"count":0,"href":"https:\/\/www.europesays.com\/fr\/wp-json\/wp\/v2\/posts\/154733\/revisions"}],"wp:featuredmedia":[{"embeddable":true,"href":"https:\/\/www.europesays.com\/fr\/wp-json\/wp\/v2\/media\/154734"}],"wp:attachment":[{"href":"https:\/\/www.europesays.com\/fr\/wp-json\/wp\/v2\/media?parent=154733"}],"wp:term":[{"taxonomy":"category","embeddable":true,"href":"https:\/\/www.europesays.com\/fr\/wp-json\/wp\/v2\/categories?post=154733"},{"taxonomy":"post_tag","embeddable":true,"href":"https:\/\/www.europesays.com\/fr\/wp-json\/wp\/v2\/tags?post=154733"}],"curies":[{"name":"wp","href":"https:\/\/api.w.org\/{rel}","templated":true}]}}