{"id":154735,"date":"2025-06-05T19:51:16","date_gmt":"2025-06-05T19:51:16","guid":{"rendered":"https:\/\/www.europesays.com\/fr\/154735\/"},"modified":"2025-06-05T19:51:16","modified_gmt":"2025-06-05T19:51:16","slug":"lyon-des-structures-pour-mieux-accompagner-les-enfants-autistes","status":"publish","type":"post","link":"https:\/\/www.europesays.com\/fr\/154735\/","title":{"rendered":"Lyon. Des structures pour mieux accompagner les enfants autistes"},"content":{"rendered":"<p>\u00ab\u00a0L a naissance d\u2019Anatole a chang\u00e9 le cours de ma vie. Il est porteur d\u2019un syndrome g\u00e9n\u00e9tique inconnu qui entra\u00eene un TSA*, une hypotonie importante, un retard global de d\u00e9veloppement et de l\u2019\u00e9pilepsie\u00a0\u00bb. Aur\u00e9lie Sohier-Cohet a longtemps \u00e9t\u00e9 salari\u00e9e avant de cr\u00e9er sa propre soci\u00e9t\u00e9.<\/p>\n<p>Comprenant que l\u2019\u00e9cole ordinaire ne suffira pas, elle se bat pour qu\u2019il ait un accompagnement adapt\u00e9\u00a0: d\u00e8s l\u2019\u00e2ge de 4 ans, il int\u00e8gre l\u2019\u00e9cole Atys, une structure \u00e9ducative et th\u00e9rapeutique \u00e0 temps partag\u00e9 cr\u00e9\u00e9e en 2016 \u00e0 La Croix-Rousse. Fin 2022, l\u2019\u00e9cole manque de fermer faute de financement et d\u2019un mod\u00e8le \u00e9conomique viable.<\/p>\n<p>\u00ab\u00a0150 enfants sont sur liste d\u2019attente\u00a0\u00bb<\/p>\n<p>\u00ab\u00a0J\u2019ai pris la pr\u00e9sidence de l\u2019association pour lui permettre de perdurer\u00a0: depuis, l\u2019\u00e9cole s\u2019est install\u00e9e \u00e0 Caluire, son&#8230;<\/p>\n","protected":false},"excerpt":{"rendered":"\u00ab\u00a0L a naissance d\u2019Anatole a chang\u00e9 le cours de ma vie. Il est porteur d\u2019un syndrome g\u00e9n\u00e9tique inconnu&hellip;\n","protected":false},"author":2,"featured_media":154736,"comment_status":"","ping_status":"","sticky":false,"template":"","format":"standard","meta":{"footnotes":""},"categories":[1889],"tags":[1111,11,2430,2757,1777,674,1011,27,1943,2428,2756,12,25,104],"class_list":{"0":"post-154735","1":"post","2":"type-post","3":"status-publish","4":"format-standard","5":"has-post-thumbnail","7":"category-lyon","8":"tag-actu","9":"tag-actualites","10":"tag-auvergne-rhone-alpes","11":"tag-edition-lyon-villeurbanne","12":"tag-eu","13":"tag-europe","14":"tag-fr","15":"tag-france","16":"tag-handicap","17":"tag-lyon","18":"tag-lyon-bassin","19":"tag-news","20":"tag-republique-francaise","21":"tag-societe"},"share_on_mastodon":{"url":"https:\/\/pubeurope.com\/@fr\/114632503308674860","error":""},"_links":{"self":[{"href":"https:\/\/www.europesays.com\/fr\/wp-json\/wp\/v2\/posts\/154735","targetHints":{"allow":["GET"]}}],"collection":[{"href":"https:\/\/www.europesays.com\/fr\/wp-json\/wp\/v2\/posts"}],"about":[{"href":"https:\/\/www.europesays.com\/fr\/wp-json\/wp\/v2\/types\/post"}],"author":[{"embeddable":true,"href":"https:\/\/www.europesays.com\/fr\/wp-json\/wp\/v2\/users\/2"}],"replies":[{"embeddable":true,"href":"https:\/\/www.europesays.com\/fr\/wp-json\/wp\/v2\/comments?post=154735"}],"version-history":[{"count":0,"href":"https:\/\/www.europesays.com\/fr\/wp-json\/wp\/v2\/posts\/154735\/revisions"}],"wp:featuredmedia":[{"embeddable":true,"href":"https:\/\/www.europesays.com\/fr\/wp-json\/wp\/v2\/media\/154736"}],"wp:attachment":[{"href":"https:\/\/www.europesays.com\/fr\/wp-json\/wp\/v2\/media?parent=154735"}],"wp:term":[{"taxonomy":"category","embeddable":true,"href":"https:\/\/www.europesays.com\/fr\/wp-json\/wp\/v2\/categories?post=154735"},{"taxonomy":"post_tag","embeddable":true,"href":"https:\/\/www.europesays.com\/fr\/wp-json\/wp\/v2\/tags?post=154735"}],"curies":[{"name":"wp","href":"https:\/\/api.w.org\/{rel}","templated":true}]}}