{"id":154739,"date":"2025-06-05T19:53:18","date_gmt":"2025-06-05T19:53:18","guid":{"rendered":"https:\/\/www.europesays.com\/fr\/154739\/"},"modified":"2025-06-05T19:53:18","modified_gmt":"2025-06-05T19:53:18","slug":"la-competition-fitness-park-heroes-revient-en-ile-de-france","status":"publish","type":"post","link":"https:\/\/www.europesays.com\/fr\/154739\/","title":{"rendered":"La comp\u00e9tition Fitness Park Heroes revient en \u00cele-de-France"},"content":{"rendered":"<p><img loading=\"lazy\" decoding=\"async\" alt=\"\u00a9Fitness Park - L'\u00cele-de-France accueillera plusieurs comp\u00e9titions \u00e0 l'occasion de la 3e \u00e9dition du Fitness Park Heroes.\" data-zoom-src=\"https:\/\/www.europesays.com\/fr\/wp-content\/uploads\/2025\/06\/initial-fitness-park-heroes2.jpg\" data-zoomable=\"\" height=\"702\" src=\"https:\/\/www.europesays.com\/fr\/wp-content\/uploads\/2025\/06\/initial-fitness-park-heroes2.jpg\" width=\"1248\"\/>  <\/p>\n<p class=\"article-desc\">\u00a9Fitness Park &#8211; L&rsquo;\u00cele-de-France accueillera plusieurs comp\u00e9titions \u00e0 l&rsquo;occasion de la 3e \u00e9dition du Fitness Park Heroes. <\/p>\n<p>La cha\u00eene de clubs de fitness <a href=\"https:\/\/mesinfos.fr\/93000-bobigny\/fitness-park-ouvre-un-nouveau-club-a-bobigny-centre-ville-214482.html\" rel=\"noopener\" target=\"_blank\">Fitness Park<\/a> a donn\u00e9 le coup d\u2019envoi des qualifications de sa <strong>comp\u00e9tition annuelle<\/strong> \u00e0 travers toute la France : le <strong>Fitness Park Heroes 2025<\/strong>. \u00c0 l\u2019image du succ\u00e8s de la premi\u00e8re \u00e9dition de la comp\u00e9tition de fitness Hyrox, qui avait r\u00e9uni plus de 10 000 sportifs au Grand Palais en avril dernier, le Fitness Park Heroes verra s&rsquo;affronter plus de <strong>1 000 participants<\/strong> cette ann\u00e9e. La comp\u00e9tition viendra \u201cr\u00e9v\u00e9ler les athl\u00e8tes les plus complets du r\u00e9seau\u201d, selon leurs mots. <\/p>\n<p>15% des Fran\u00e7ais pratiquent le fitness\u00a0 <\/p>\n<p>Accessible \u00e0 tous, cette comp\u00e9tition sportive est devenue un rendez-vous incontournable pour les pratiquants de <a href=\"https:\/\/mesinfos.fr\/95260-mours\/fitness-2-nouvelles-salles-basic-fit-ouvrent-dans-le-val-d-oise-213474.html\" rel=\"noopener\" target=\"_blank\">fitness<\/a> \u00e0 haut niveau. Il faut dire que c\u2019est une discipline en vogue dans l\u2019Hexagone ces derni\u00e8res ann\u00e9es. En 2024, le fitness comptait plus de <strong>4,7 millions de membres<\/strong> inscrits soit dans une salle de sport soit dans un \u00e9tablissement de remise en forme, ce qui correspond \u00e0 pr\u00e8s de <strong>15 % des Fran\u00e7ais<\/strong>. Du haut de ses <strong>1,2 million d\u2019adh\u00e9rents<\/strong> et <strong>360 salles<\/strong>, Fitness Park se hisse parmi les cinq franchises les plus importantes de France. Si la discipline s\u00e9duit de plus en plus d\u2019adeptes, c\u2019est aussi gr\u00e2ce aux \u00e9v\u00e9nements organis\u00e9s par ces marques.\u00a0<\/p>\n<p>Cette ann\u00e9e, Fitness Park invite ses adh\u00e9rents \u00e0 repousser leurs limites autour de <strong>quatre \u00e9preuves phares<\/strong> : la vitesse, la force, la r\u00e9sistance et l&rsquo;intensit\u00e9. Un vrai challenge qui am\u00e8nera les participants \u00e0 se surpasser \u00e0 travers des \u00e9preuves de course \u00e0 pied, d\u2019halt\u00e9rophilie, de tractions et de plusieurs exercices de renforcement musculaire pour tenter de devenir un des trois meilleurs athl\u00e8tes Fitness Park de l\u2019ann\u00e9e et de remporter un <strong>abonnement \u00e0 vie<\/strong>.\u00a0 <\/p>\n<p><strong>De multiples rendez-vous en \u00cele-de-France\u00a0<\/strong> <\/p>\n<p>Les <strong>inscriptions<\/strong> pour les qualifications restent ouvertes jusqu\u2019\u00e0 24 heures avant le d\u00e9but de la comp\u00e9tition dans votre club. S&rsquo;il est trop tard pour s&rsquo;inscrire aux \u00e9preuves du 3 et 4 juin \u00e0 Rueil-Malmaison et V\u00e9lizy-Villacoublay, il est toujours possible d\u2019aller participer et soutenir les quelques centaines de sportifs qui tenteront de se d\u00e9passer \u00e0 Paris-Diderot, Livry-Gargan, Saint-Ouen-sur-Seine et Champigny-sur-Marne respectivement les 22, 27, 28 et 29 juin. \u00c0 l&rsquo;issue des qualifications, les 60 meilleurs athl\u00e8tes disputeront la grande finale \u00e0 Paris, sous la Canop\u00e9e des Halles, le 20 septembre 2025.<\/p>\n","protected":false},"excerpt":{"rendered":"\u00a9Fitness Park &#8211; L&rsquo;\u00cele-de-France accueillera plusieurs comp\u00e9titions \u00e0 l&rsquo;occasion de la 3e \u00e9dition du Fitness Park Heroes. La&hellip;\n","protected":false},"author":2,"featured_media":154740,"comment_status":"","ping_status":"","sticky":false,"template":"","format":"standard","meta":{"footnotes":""},"categories":[1592],"tags":[1111,11,1777,674,12751,1011,27,662,12,626,25],"class_list":{"0":"post-154739","1":"post","2":"type-post","3":"status-publish","4":"format-standard","5":"has-post-thumbnail","7":"category-ile-de-france","8":"tag-actu","9":"tag-actualites","10":"tag-eu","11":"tag-europe","12":"tag-fitness","13":"tag-fr","14":"tag-france","15":"tag-ile-de-france","16":"tag-news","17":"tag-paris","18":"tag-republique-francaise"},"share_on_mastodon":{"url":"https:\/\/pubeurope.com\/@fr\/114632511028011250","error":""},"_links":{"self":[{"href":"https:\/\/www.europesays.com\/fr\/wp-json\/wp\/v2\/posts\/154739","targetHints":{"allow":["GET"]}}],"collection":[{"href":"https:\/\/www.europesays.com\/fr\/wp-json\/wp\/v2\/posts"}],"about":[{"href":"https:\/\/www.europesays.com\/fr\/wp-json\/wp\/v2\/types\/post"}],"author":[{"embeddable":true,"href":"https:\/\/www.europesays.com\/fr\/wp-json\/wp\/v2\/users\/2"}],"replies":[{"embeddable":true,"href":"https:\/\/www.europesays.com\/fr\/wp-json\/wp\/v2\/comments?post=154739"}],"version-history":[{"count":0,"href":"https:\/\/www.europesays.com\/fr\/wp-json\/wp\/v2\/posts\/154739\/revisions"}],"wp:featuredmedia":[{"embeddable":true,"href":"https:\/\/www.europesays.com\/fr\/wp-json\/wp\/v2\/media\/154740"}],"wp:attachment":[{"href":"https:\/\/www.europesays.com\/fr\/wp-json\/wp\/v2\/media?parent=154739"}],"wp:term":[{"taxonomy":"category","embeddable":true,"href":"https:\/\/www.europesays.com\/fr\/wp-json\/wp\/v2\/categories?post=154739"},{"taxonomy":"post_tag","embeddable":true,"href":"https:\/\/www.europesays.com\/fr\/wp-json\/wp\/v2\/tags?post=154739"}],"curies":[{"name":"wp","href":"https:\/\/api.w.org\/{rel}","templated":true}]}}