{"id":154743,"date":"2025-06-05T19:55:12","date_gmt":"2025-06-05T19:55:12","guid":{"rendered":"https:\/\/www.europesays.com\/fr\/154743\/"},"modified":"2025-06-05T19:55:12","modified_gmt":"2025-06-05T19:55:12","slug":"basket-lacteur-omar-sy-nouveau-coproprietaire-du-paris-basketball","status":"publish","type":"post","link":"https:\/\/www.europesays.com\/fr\/154743\/","title":{"rendered":"Basket\u00a0: l\u2019acteur Omar Sy nouveau copropri\u00e9taire du Paris Basketball"},"content":{"rendered":"<p class=\"paragraph text_align_left\">Avec des Sy tout devient possible. M\u00eame voir l\u2019un des plus populaires et r\u00e9put\u00e9s acteurs fran\u00e7ais s\u2019engager dans un club de <a href=\"https:\/\/www.leparisien.fr\/sports\/basket\/\" target=\"_blank\" rel=\"noreferrer noopener\">basket<\/a>. Ce jeudi apr\u00e8s-midi, Omar Sy et le Paris Basketball ont annonc\u00e9 sur leurs r\u00e9seaux sociaux que l\u2019acteur vedette de la s\u00e9rie \u00ab\u00a0Lupin\u00a0\u00bb, qui fr\u00e9quente r\u00e9guli\u00e8rement l\u2019Adidas Arena pour assister aux matchs du club de la capitale, allait devenir copropri\u00e9taire aux c\u00f4t\u00e9s des Am\u00e9ricains \u00c9ric Schwartz et David Kahn.<\/p>\n<p class=\"paragraph text_align_left\">\u00ab\u00a0Cette int\u00e9gration vient renforcer les ambitions du club en termes de d\u00e9veloppement, notamment autour de son rayonnement en France et \u00e0 l\u2019international\u00a0\u00bb, indique le club dans un communiqu\u00e9.<\/p>\n<p class=\"paragraph text_align_left\">\u00ab\u00a0Je suis un grand fan de basketball, et je suis venu pour la premi\u00e8re fois voir le club joueur lors du match d\u2019Euroligue contre Baskonia en novembre dernier, explique l\u2019acteur de 47\u00a0ans dans le communiqu\u00e9. J\u2019ai \u00e9t\u00e9 marqu\u00e9 par l\u2019\u00e9nergie du projet\u00a0: en tribunes, c\u2019est un club capable de r\u00e9unir le Grand Paris dans toute sa diversit\u00e9, et c\u2019est quelque chose de pr\u00e9cieux en termes de valeur.\u00a0\u00bb<\/p>\n<p class=\"paragraph text_align_left\">Le club a plusieurs fois disput\u00e9 ses matchs \u00e0 guichets complets dans son antre de la Porte de La Chapelle. \u00ab\u00a0Sur le terrain, l\u2019\u00e9quipe d\u00e9gage une intensit\u00e9 et une force de caract\u00e8re qui est le moteur principal de son ambition sportive, poursuit Omar Sy dans le communiqu\u00e9. En dehors du terrain, notamment sur les r\u00e9seaux, l\u2019ADN et l\u2019image du club sont vibrants. Je suis tr\u00e8s enthousiaste \u00e0 l\u2019id\u00e9e de participer au d\u00e9veloppement du Paris Basketball.\u00a0\u00bb<\/p>\n<p class=\"paragraph text_align_left\">Les diff\u00e9rentes parties n\u2019ont pas donn\u00e9 plus d\u2019informations sur les conditions de cet accord ni le montant les tractations. L\u2019acteur d\u2019Intouchables tiendra \u00e9galement le r\u00f4le de \u00ab\u00a0conseiller culturel\u00a0\u00bb du club pr\u00e9cise \u00c9ric Schwartz, propri\u00e9taire du Paris Basketball.<\/p>\n<p class=\"paragraph text_align_left\">Apr\u00e8s avoir remport\u00e9 la Leaders Cup (1er titre de l\u2019histoire du club), et l\u2019Eurocoupe la saison derni\u00e8re, le PBB a accroch\u00e9 la Coupe de France \u00e0 son palmar\u00e8s en avril. Il ne manque plus que le titre de champion de France pour compl\u00e9ter l\u2019armoire aux troph\u00e9es. Un vide peut-\u00eatre bient\u00f4t combl\u00e9 puisque le club dispute actuellement les demi-finales du Championnat de France. Il re\u00e7oit Bourg-en-Bresse ce vendredi (21\u00a0heures, Adidas Arena) pour le match 2 de la s\u00e9rie.<\/p>\n","protected":false},"excerpt":{"rendered":"Avec des Sy tout devient possible. M\u00eame voir l\u2019un des plus populaires et r\u00e9put\u00e9s acteurs fran\u00e7ais s\u2019engager dans&hellip;\n","protected":false},"author":2,"featured_media":154744,"comment_status":"","ping_status":"","sticky":false,"template":"","format":"standard","meta":{"footnotes":""},"categories":[1888],"tags":[1111,1928,11,1927,1465,872,1777,674,1011,27,12,1926,626,1925,25,60],"class_list":{"0":"post-154743","1":"post","2":"type-post","3":"status-publish","4":"format-standard","5":"has-post-thumbnail","7":"category-paris","8":"tag-actu","9":"tag-actu-paris","10":"tag-actualites","11":"tag-actualites-paris","12":"tag-basket","13":"tag-culture-et-loisirs","14":"tag-eu","15":"tag-europe","16":"tag-fr","17":"tag-france","18":"tag-news","19":"tag-news-paris","20":"tag-paris","21":"tag-paris-news","22":"tag-republique-francaise","23":"tag-sports"},"share_on_mastodon":{"url":"https:\/\/pubeurope.com\/@fr\/114632518818559372","error":""},"_links":{"self":[{"href":"https:\/\/www.europesays.com\/fr\/wp-json\/wp\/v2\/posts\/154743","targetHints":{"allow":["GET"]}}],"collection":[{"href":"https:\/\/www.europesays.com\/fr\/wp-json\/wp\/v2\/posts"}],"about":[{"href":"https:\/\/www.europesays.com\/fr\/wp-json\/wp\/v2\/types\/post"}],"author":[{"embeddable":true,"href":"https:\/\/www.europesays.com\/fr\/wp-json\/wp\/v2\/users\/2"}],"replies":[{"embeddable":true,"href":"https:\/\/www.europesays.com\/fr\/wp-json\/wp\/v2\/comments?post=154743"}],"version-history":[{"count":0,"href":"https:\/\/www.europesays.com\/fr\/wp-json\/wp\/v2\/posts\/154743\/revisions"}],"wp:featuredmedia":[{"embeddable":true,"href":"https:\/\/www.europesays.com\/fr\/wp-json\/wp\/v2\/media\/154744"}],"wp:attachment":[{"href":"https:\/\/www.europesays.com\/fr\/wp-json\/wp\/v2\/media?parent=154743"}],"wp:term":[{"taxonomy":"category","embeddable":true,"href":"https:\/\/www.europesays.com\/fr\/wp-json\/wp\/v2\/categories?post=154743"},{"taxonomy":"post_tag","embeddable":true,"href":"https:\/\/www.europesays.com\/fr\/wp-json\/wp\/v2\/tags?post=154743"}],"curies":[{"name":"wp","href":"https:\/\/api.w.org\/{rel}","templated":true}]}}