{"id":154745,"date":"2025-06-05T19:56:10","date_gmt":"2025-06-05T19:56:10","guid":{"rendered":"https:\/\/www.europesays.com\/fr\/154745\/"},"modified":"2025-06-05T19:56:10","modified_gmt":"2025-06-05T19:56:10","slug":"lacteur-omar-sy-nouveau-co-proprietaire-du-paris-basketball","status":"publish","type":"post","link":"https:\/\/www.europesays.com\/fr\/154745\/","title":{"rendered":"l\u2019acteur Omar Sy nouveau co-propri\u00e9taire du Paris Basketball"},"content":{"rendered":"<p>Annonc\u00e9 ce jeudi sur ses r\u00e9seaux sociaux, l\u2019acteur Omar Sy est le nouveau co-propri\u00e9taire du Paris Basketball.<\/p>\n<p class=\"fig-paragraph\">Du nouveau au Paris Basketball.\u00a0Cr\u00e9\u00e9 en 2018, le club de la capitale annonce ce jeudi l\u2019arriv\u00e9e d\u2019un nouveau co-propri\u00e9taire, un certain Omar Sy. \u00abConvaincu par la vision du projet, caract\u00e9ris\u00e9 par les ambitions sportives, l\u2019ancrage marqu\u00e9 au sein du Grand Paris et la conception innovante du divertissement dans le sport, Omar Sy apportera notamment son expertise sur le d\u00e9veloppement du projet en termes d\u2019impact culturel, de marketing et de divertissement\u00bb, explique-t-on dans un communiqu\u00e9 du PBB, vainqueur de la Coupe de France, leader de la saison r\u00e9guli\u00e8re en Betclic Elite et auteur d\u2019un parcours sensationnel pour sa premi\u00e8re saison en Euroligue.<\/p>\n<p class=\"fig-paragraph\">Spectateur r\u00e9gulier des matchs du club parisien \u00e0 l\u2019Adidas Arena, l\u2019acteur fran\u00e7ais de 47 ans se d\u00e9crit comme un \u00abun grand fan de basketball. Je suis venu pour la premi\u00e8re fois voir le club jouer lors du match d\u2019Euroligue contre Vitoria, en novembre dernier. J\u2019ai \u00e9t\u00e9 marqu\u00e9 par l\u2019\u00e9nergie du projet\u00a0: en tribunes, c\u2019est un club capable de r\u00e9unir le Grand Paris dans toute sa diversit\u00e9, et c\u2019est quelque chose de pr\u00e9cieux en termes de valeur. Sur le terrain, l\u2019\u00e9quipe d\u00e9gage une intensit\u00e9 et une force de caract\u00e8re qui est le moteur principal de son ambition sportive.(&#8230;) Je suis tr\u00e8s enthousiaste \u00e0 l\u2019id\u00e9e de participer au d\u00e9veloppement du Paris Basketball\u00bb, jure-t-il sur les r\u00e9seaux sociaux. Avec Omar Sy aux c\u00f4t\u00e9s de David Kahn et Eric Schwartz, le Paris Basketball est actuellement en qu\u00eate d\u2019une place en finale du Championnat de France.<\/p>\n","protected":false},"excerpt":{"rendered":"Annonc\u00e9 ce jeudi sur ses r\u00e9seaux sociaux, l\u2019acteur Omar Sy est le nouveau co-propri\u00e9taire du Paris Basketball. Du&hellip;\n","protected":false},"author":2,"featured_media":154746,"comment_status":"","ping_status":"","sticky":false,"template":"","format":"standard","meta":{"footnotes":""},"categories":[1888],"tags":[1111,1928,11,1927,2190,1465,1464,2180,2192,814,64,1777,450,2183,674,1011,27,2191,2193,820,2181,2182,12,1926,18580,626,2179,1925,2189,2186,2184,2185,25,1980,2188,2187],"class_list":{"0":"post-154745","1":"post","2":"type-post","3":"status-publish","4":"format-standard","5":"has-post-thumbnail","7":"category-paris","8":"tag-actu","9":"tag-actu-paris","10":"tag-actualites","11":"tag-actualites-paris","12":"tag-asvel","13":"tag-basket","14":"tag-basketball","15":"tag-championnats-deurope","16":"tag-cholet","17":"tag-direct","18":"tag-equipe-de-france","19":"tag-eu","20":"tag-euro","21":"tag-euroligue","22":"tag-europe","23":"tag-fr","24":"tag-france","25":"tag-le-mans","26":"tag-limoges","27":"tag-live","28":"tag-mondial","29":"tag-nba","30":"tag-news","31":"tag-news-paris","32":"tag-omar-sy","33":"tag-paris","34":"tag-paris-basketball","35":"tag-paris-news","36":"tag-photos","37":"tag-play-offs","38":"tag-pro-a","39":"tag-pro-b","40":"tag-republique-francaise","41":"tag-resultats","42":"tag-statistiques","43":"tag-stats"},"share_on_mastodon":{"url":"https:\/\/pubeurope.com\/@fr\/114632522834330928","error":""},"_links":{"self":[{"href":"https:\/\/www.europesays.com\/fr\/wp-json\/wp\/v2\/posts\/154745","targetHints":{"allow":["GET"]}}],"collection":[{"href":"https:\/\/www.europesays.com\/fr\/wp-json\/wp\/v2\/posts"}],"about":[{"href":"https:\/\/www.europesays.com\/fr\/wp-json\/wp\/v2\/types\/post"}],"author":[{"embeddable":true,"href":"https:\/\/www.europesays.com\/fr\/wp-json\/wp\/v2\/users\/2"}],"replies":[{"embeddable":true,"href":"https:\/\/www.europesays.com\/fr\/wp-json\/wp\/v2\/comments?post=154745"}],"version-history":[{"count":0,"href":"https:\/\/www.europesays.com\/fr\/wp-json\/wp\/v2\/posts\/154745\/revisions"}],"wp:featuredmedia":[{"embeddable":true,"href":"https:\/\/www.europesays.com\/fr\/wp-json\/wp\/v2\/media\/154746"}],"wp:attachment":[{"href":"https:\/\/www.europesays.com\/fr\/wp-json\/wp\/v2\/media?parent=154745"}],"wp:term":[{"taxonomy":"category","embeddable":true,"href":"https:\/\/www.europesays.com\/fr\/wp-json\/wp\/v2\/categories?post=154745"},{"taxonomy":"post_tag","embeddable":true,"href":"https:\/\/www.europesays.com\/fr\/wp-json\/wp\/v2\/tags?post=154745"}],"curies":[{"name":"wp","href":"https:\/\/api.w.org\/{rel}","templated":true}]}}