{"id":154749,"date":"2025-06-05T19:58:20","date_gmt":"2025-06-05T19:58:20","guid":{"rendered":"https:\/\/www.europesays.com\/fr\/154749\/"},"modified":"2025-06-05T19:58:20","modified_gmt":"2025-06-05T19:58:20","slug":"six-hommes-juges-pour-avoir-vole-des-trafiquants-de-drogue","status":"publish","type":"post","link":"https:\/\/www.europesays.com\/fr\/154749\/","title":{"rendered":"six hommes jug\u00e9s pour avoir vol\u00e9 des trafiquants de drogue"},"content":{"rendered":"<p>Habill\u00e9s en tenue de policiers, les mis en cause suivaient et arr\u00eataient des trafiquants de drogue pour d\u00e9rober leurs produits.<\/p>\n<p class=\"fig-paragraph\">Ils se faisaient passer pour des policiers et en utilisaient leurs m\u00e9thodes pour traquer des cibles\u00a0: six hommes sont jug\u00e9s \u00e0 partir de jeudi devant le tribunal correctionnel de Paris pour avoir vol\u00e9\u00a0<a href=\"https:\/\/www.lefigaro.fr\/faits-divers\/paris-un-reseau-de-livraison-de-drogues-demantele-trois-individus-places-en-detention-provisoire-20241121?msockid=1f5ab7783a426ee5250da2873b336f6a\" target=\"_blank\" data-fig-type=\"NewsFlash\" rel=\"noopener\" data-gtm-custom-categorie=\"navigation\" data-gtm-custom-action=\"crossclick\" data-gtm-custom-label=\"Contextuel\" data-gtm-event=\"customEventSPE\" data-fig-domain=\"LEFIGARO\">des trafiquants de drogue<\/a>. Les coups \u00e9taient minutieusement pr\u00e9par\u00e9s. Le petit groupe est suspect\u00e9 d&rsquo;avoir surveill\u00e9 de pr\u00e8s les trafiquants vis\u00e9s avant de passer \u00e0 l&rsquo;action, par des filatures directes ou \u00e0 l&rsquo;aide de mouchards plac\u00e9s sur leurs v\u00e9hicules. Ils enfilaient alors des tenues de policiers, brassard orange autour du bras et armes \u00e0 la main, pour leur d\u00e9rober leurs produits stup\u00e9fiants, principalement du cannabis.<\/p>\n<p class=\"fig-paragraph\">Accus\u00e9s de s\u00e9questration, de vol aggrav\u00e9 et de participation \u00e0 une association de malfaiteurs pour des faits entre 2019 et 2021, quatre des six hommes sont en d\u00e9tention provisoire. Trois femmes sont \u00e9galement mises en cause pour blanchiment d&rsquo;argent en bande organis\u00e9e. Un premier pr\u00e9venu a \u00e9t\u00e9 entendu jeudi au tribunal correctionnel de Paris\u00a0: un chauffeur de bus de 34 ans, en cong\u00e9 sans solde de la RATP depuis plusieurs ann\u00e9es. Il a r\u00e9cemment \u00e9t\u00e9 extrad\u00e9 des\u00a0<a href=\"https:\/\/www.lefigaro.fr\/tag\/emirats-arabes-unis?msockid=1f5ab7783a426ee5250da2873b336f6a\" target=\"_blank\" rel=\"noopener\" data-gtm-custom-categorie=\"navigation\" data-gtm-custom-action=\"crossclick\" data-gtm-custom-label=\"Contextuel\" data-gtm-event=\"customEventSPE\">\u00c9mirats arabes unis<\/a>\u00a0apr\u00e8s avoir \u00e9chapp\u00e9 \u00e0 une tentative d&rsquo;interpellation \u00e0 l&rsquo;automne 2021 alors qu&rsquo;il se trouvait \u00e0 l&rsquo;\u00e9tranger.<\/p>\n<p>D\u00e9j\u00e0 condamn\u00e9 pour vol avec violence<\/p>\n<p class=\"fig-paragraph\">\u00abJe ne savais pas pourquoi j&rsquo;\u00e9tais recherch\u00e9. J&rsquo;ai pr\u00e9f\u00e9r\u00e9 prendre du recul\u00bb, dit-il \u00e0 la barre apr\u00e8s avoir laiss\u00e9 femme et enfant en France. \u00abVous avez beaucoup recul\u00e9\u00bb, ironise la pr\u00e9sidente, perplexe sur le mode op\u00e9ratoire du groupe. \u00abC&rsquo;est plus simple de voler de l&rsquo;argent que des stup\u00e9fiants, mais pourquoi pas&#8230;\u00bb. L&rsquo;ancien chauffeur de bus, d\u00e9j\u00e0 condamn\u00e9 par le pass\u00e9 pour vol avec violence, affirme avoir travaill\u00e9 dans l&rsquo;immobilier \u00e0 Duba\u00ef et s&rsquo;\u00eatre finalement \u00abrendu\u00bb pour pouvoir s&rsquo;\u00abexpliquer\u00bb devant la justice. Il reconna\u00eet la surveillance d&rsquo;une cible au printemps 2021, avec l&rsquo;aide d&rsquo;une \u00abtaupe\u00bb infiltr\u00e9e parmi des trafiquants, mais l&rsquo;op\u00e9ration, jug\u00e9e trop risqu\u00e9e, avait finalement \u00e9t\u00e9 abandonn\u00e9e.<\/p>\n<p class=\"fig-paragraph\">Le robuste trentenaire nie les autres faits, notamment la s\u00e9questration en octobre 2020 d&rsquo;un homme condamn\u00e9 pour trafic de drogue, chez qui de \u00abgros sacs\u00bb ont \u00e9t\u00e9 d\u00e9rob\u00e9s et des armes retrouv\u00e9es, dont un fusil \u00e0 pompe. L&rsquo;air penaud, la m\u00e9moire souvent d\u00e9faillante, il peine \u00e0 expliquer les milliers d&rsquo;euros d\u00e9pens\u00e9s dans des articles de luxe, les voyages \u00e0 l&rsquo;\u00e9tranger, les gros virements ponctuels sur ou depuis son compte ou la montre Rolex \u00abpr\u00eat\u00e9e\u00bb par un ami. Le proc\u00e8s doit se poursuivre jusqu&rsquo;au 18 juin.<\/p>\n","protected":false},"excerpt":{"rendered":"Habill\u00e9s en tenue de policiers, les mis en cause suivaient et arr\u00eataient des trafiquants de drogue pour d\u00e9rober&hellip;\n","protected":false},"author":2,"featured_media":154750,"comment_status":"","ping_status":"","sticky":false,"template":"","format":"standard","meta":{"footnotes":""},"categories":[1888],"tags":[1111,47,11,1109,1112,1777,674,118,1108,107,1106,1107,1011,27,1110,1114,14,12,1113,626,316,25,887],"class_list":{"0":"post-154749","1":"post","2":"type-post","3":"status-publish","4":"format-standard","5":"has-post-thumbnail","7":"category-paris","8":"tag-actu","9":"tag-actualite","10":"tag-actualites","11":"tag-breves","12":"tag-depeches","13":"tag-eu","14":"tag-europe","15":"tag-faits-divers","16":"tag-fil","17":"tag-fil-info","18":"tag-flash","19":"tag-flash-actu","20":"tag-fr","21":"tag-france","22":"tag-informations","23":"tag-infos","24":"tag-international","25":"tag-news","26":"tag-nouvelles","27":"tag-paris","28":"tag-politique","29":"tag-republique-francaise","30":"tag-trafic-de-drogue"},"share_on_mastodon":{"url":"https:\/\/pubeurope.com\/@fr\/114632531738484184","error":""},"_links":{"self":[{"href":"https:\/\/www.europesays.com\/fr\/wp-json\/wp\/v2\/posts\/154749","targetHints":{"allow":["GET"]}}],"collection":[{"href":"https:\/\/www.europesays.com\/fr\/wp-json\/wp\/v2\/posts"}],"about":[{"href":"https:\/\/www.europesays.com\/fr\/wp-json\/wp\/v2\/types\/post"}],"author":[{"embeddable":true,"href":"https:\/\/www.europesays.com\/fr\/wp-json\/wp\/v2\/users\/2"}],"replies":[{"embeddable":true,"href":"https:\/\/www.europesays.com\/fr\/wp-json\/wp\/v2\/comments?post=154749"}],"version-history":[{"count":0,"href":"https:\/\/www.europesays.com\/fr\/wp-json\/wp\/v2\/posts\/154749\/revisions"}],"wp:featuredmedia":[{"embeddable":true,"href":"https:\/\/www.europesays.com\/fr\/wp-json\/wp\/v2\/media\/154750"}],"wp:attachment":[{"href":"https:\/\/www.europesays.com\/fr\/wp-json\/wp\/v2\/media?parent=154749"}],"wp:term":[{"taxonomy":"category","embeddable":true,"href":"https:\/\/www.europesays.com\/fr\/wp-json\/wp\/v2\/categories?post=154749"},{"taxonomy":"post_tag","embeddable":true,"href":"https:\/\/www.europesays.com\/fr\/wp-json\/wp\/v2\/tags?post=154749"}],"curies":[{"name":"wp","href":"https:\/\/api.w.org\/{rel}","templated":true}]}}