{"id":154757,"date":"2025-06-05T20:02:13","date_gmt":"2025-06-05T20:02:13","guid":{"rendered":"https:\/\/www.europesays.com\/fr\/154757\/"},"modified":"2025-06-05T20:02:13","modified_gmt":"2025-06-05T20:02:13","slug":"le-ghana-emboite-le-pas-du-royaume-uni-et-soutien-le-plan-dautonomie-marocain","status":"publish","type":"post","link":"https:\/\/www.europesays.com\/fr\/154757\/","title":{"rendered":"Le Ghana emboite le pas du Royaume-Uni et soutien le plan d&rsquo;autonomie marocain"},"content":{"rendered":"<p>La R\u00e9publique du Ghana a reconnu le plan d\u2019autonomie marocain comme \u00e9tant \u00ab la seule solution r\u00e9aliste et durable \u00bb pour la r\u00e9solution du conflit autour du Sahara marocain. <\/p>\n<p>\t\t\t\t\t<a class=\"post-thumbnail open-lightbox\" href=\"https:\/\/www.europesays.com\/fr\/wp-content\/uploads\/2025\/06\/Maroc_ghana.jpg\"><img decoding=\"async\" src=\"https:\/\/www.europesays.com\/fr\/wp-content\/uploads\/2025\/06\/Maroc_ghana.jpg\" alt=\"\"\/>\t\t\t\t\t\t<\/a><\/p>\n<p>Le Maroc, qui a b\u00e9n\u00e9fici\u00e9 du soutien du Ghana, membre du Commonwealth, pour son plan d\u2019autonomie pr\u00e9sent\u00e9 en 2007, continue de conna\u00eetre des r\u00e9ussites sur le plan diplomatique.<\/p>\n<p>Lors d\u2019une visite \u00e0 Rabat de Samuel Okudzeto Ablakwa, ministre des Affaires \u00e9trang\u00e8res du Ghana, un communiqu\u00e9 conjoint a \u00e9t\u00e9 sign\u00e9.<\/p>\n<p><a itemprop=\"url\" class=\"eads-link\" href=\"https:\/\/www.instagram.com\/ntla9awfbladna\/?source=est\" target=\"_blank\" rel=\"nofollow noopener\"><img decoding=\"async\" class=\"eads-image\" src=\"https:\/\/www.europesays.com\/fr\/wp-content\/uploads\/2025\/06\/ONMT-Est.jpg\" alt=\"ONMT 2025 \u2013 Est\"\/><\/a> <\/p>\n<p>En plus de soutenir le plan d\u2019autonomie marocain, le Ghana a lou\u00e9 l\u2019Initiative Royale facilitant l\u2019acc\u00e8s aux pays du Sahel \u00e0 l\u2019oc\u00e9an Atlantique et exprim\u00e9 l\u2019engagement de son pays \u00e0 consolider davantage la coop\u00e9ration avec le Royaume du Maroc dans diff\u00e9rents domaines.<\/p>\n<p>Les deux ministres ont \u00e9galement mis en lumi\u00e8re l\u2019\u00e9lan initi\u00e9 dans le contexte du Processus des \u00c9tats Africains Atlantiques, visant \u00e0 transformer la r\u00e9gion atlantique africaine en un espace g\u00e9ostrat\u00e9gique riche en opportunit\u00e9s de synergie et de coop\u00e9ration entre les nations participantes. Ceci comprend des domaines strat\u00e9giques tels que l\u2019environnement, la s\u00e9curit\u00e9 alimentaire, la sant\u00e9, l\u2019\u00e9nergie, l\u2019interconnexion logistique, la mutualisation des ressources et le partage d\u2019exp\u00e9riences.<\/p>\n<p>Le Ghana avait en janvier retir\u00e9 sa reconnaissance de la pseudo-RASD, puis avait r\u00e9voqu\u00e9 l\u2019obligation de visa aux ressortissants marocains d\u00e9sireux de s\u2019y rendre.<\/p>\n<p>\t\t\t\t<script async src=\"\/\/www.instagram.com\/embed.js\"><\/script><\/p>\n","protected":false},"excerpt":{"rendered":"La R\u00e9publique du Ghana a reconnu le plan d\u2019autonomie marocain comme \u00e9tant \u00ab la seule solution r\u00e9aliste et&hellip;\n","protected":false},"author":2,"featured_media":154758,"comment_status":"","ping_status":"","sticky":false,"template":"","format":"standard","meta":{"footnotes":""},"categories":[1588],"tags":[930,328,11,12224,28479,3029,28478,12219,1777,674,28477,28476,2223,28480,12,5261,5355,473,1853,28481,7618,1851,1850,1852],"class_list":{"0":"post-154757","1":"post","2":"type-post","3":"status-publish","4":"format-standard","5":"has-post-thumbnail","7":"category-royaume-uni","8":"tag-le","9":"tag-a-la-une","10":"tag-actualites","11":"tag-atlasinfo","12":"tag-dautonomie","13":"tag-du","14":"tag-emboite","15":"tag-et","16":"tag-eu","17":"tag-europe","18":"tag-ghana","19":"tag-le-ghana-emboite-le-pas-du-royaume-uni-et-soutien-le-plan-dautonomie-marocain","20":"tag-maroc","21":"tag-marocain","22":"tag-news","23":"tag-pas","24":"tag-plan","25":"tag-royaume-uni","26":"tag-royaume-uni-de-grande-bretagne-et-dirlande-du-nord","27":"tag-sahara","28":"tag-soutien","29":"tag-uk","30":"tag-united-kingdom","31":"tag-united-kingdom-of-great-britain-and-northern-ireland"},"share_on_mastodon":{"url":"https:\/\/pubeurope.com\/@fr\/114632546453985484","error":""},"_links":{"self":[{"href":"https:\/\/www.europesays.com\/fr\/wp-json\/wp\/v2\/posts\/154757","targetHints":{"allow":["GET"]}}],"collection":[{"href":"https:\/\/www.europesays.com\/fr\/wp-json\/wp\/v2\/posts"}],"about":[{"href":"https:\/\/www.europesays.com\/fr\/wp-json\/wp\/v2\/types\/post"}],"author":[{"embeddable":true,"href":"https:\/\/www.europesays.com\/fr\/wp-json\/wp\/v2\/users\/2"}],"replies":[{"embeddable":true,"href":"https:\/\/www.europesays.com\/fr\/wp-json\/wp\/v2\/comments?post=154757"}],"version-history":[{"count":0,"href":"https:\/\/www.europesays.com\/fr\/wp-json\/wp\/v2\/posts\/154757\/revisions"}],"wp:featuredmedia":[{"embeddable":true,"href":"https:\/\/www.europesays.com\/fr\/wp-json\/wp\/v2\/media\/154758"}],"wp:attachment":[{"href":"https:\/\/www.europesays.com\/fr\/wp-json\/wp\/v2\/media?parent=154757"}],"wp:term":[{"taxonomy":"category","embeddable":true,"href":"https:\/\/www.europesays.com\/fr\/wp-json\/wp\/v2\/categories?post=154757"},{"taxonomy":"post_tag","embeddable":true,"href":"https:\/\/www.europesays.com\/fr\/wp-json\/wp\/v2\/tags?post=154757"}],"curies":[{"name":"wp","href":"https:\/\/api.w.org\/{rel}","templated":true}]}}