{"id":154763,"date":"2025-06-05T20:05:10","date_gmt":"2025-06-05T20:05:10","guid":{"rendered":"https:\/\/www.europesays.com\/fr\/154763\/"},"modified":"2025-06-05T20:05:10","modified_gmt":"2025-06-05T20:05:10","slug":"berenice-pichat-a-mers-les-bains-et-eu-pour-rencontrer-les-lecteurs-samedi-7-juin","status":"publish","type":"post","link":"https:\/\/www.europesays.com\/fr\/154763\/","title":{"rendered":"B\u00e9r\u00e9nice Pichat \u00e0 Mers-les-Bains et Eu pour rencontrer les lecteurs, samedi 7 juin"},"content":{"rendered":"<p>            Par<br \/>\n        <strong><br \/>\n            <a href=\"https:\/\/actu.fr\/auteur\/benoit-doyen\" title=\"Consulter tous les articles de Benoit Doyen\" target=\"_blank\" rel=\"noopener\">Benoit Doyen<\/a><br \/>\n        <\/strong><\/p>\n<p>        Publi\u00e9 le<\/p>\n<p>            5 juin 2025 \u00e0 20h30        <\/p>\n<p>La m\u00e9diath\u00e8que de <a href=\"https:\/\/actu.fr\/hauts-de-france\/mers-les-bains_80533\" target=\"_blank\" rel=\"noopener\">Mers-les-Bains<\/a> accueillera ce<b> samedi 7\u00a0juin <\/b>2025 \u00e0<b> 15\u2009h<\/b> l\u2019autrice<b> B\u00e9r\u00e9nice Pichat<\/b>, dans le cadre d\u2019un<b> caf\u00e9 lecture <\/b>exceptionnel.<\/p>\n<p class=\" wall-content\">L\u2019\u00e9crivaine viendra \u00e9changer avec les lecteurs autour de son roman La petite bonne, s\u00e9lectionn\u00e9 pour le <b>Prix litt\u00e9raire des Villes S\u0153urs 2025.<\/b><\/p>\n<p class=\" wall-content\">D\u00e9voil\u00e9e le 25\u00a0mars, la s\u00e9lection de ce prix intercommunal valorise des ouvrages singuliers et engag\u00e9s.<\/p>\n<p class=\" wall-content\">Celui de B\u00e9r\u00e9nice Pichat en fait partie \u00e0 juste titre\u2009: La petite bonne brosse le portrait bouleversant d\u2019une jeune domestique confront\u00e9e \u00e0 un huis clos inattendu, le temps d\u2019un week-end \u00e0 la campagne, avec un ancien pianiste bless\u00e9 de guerre.<\/p>\n<p class=\" wall-content\">Entre tension, d\u00e9fi et possible complicit\u00e9, le roman interroge les <b>rapports de classe<\/b>, la m\u00e9moire de la Grande Guerre et les choix intimes que l\u2019on croit impossibles.<\/p>\n<p class=\" wall-content\">D\u00e9j\u00e0 salu\u00e9 par la critique, le roman a re\u00e7u le 14\u00a0mai dernier le prestigieux <b>Prix des Libraires<\/b>, d\u00e9cern\u00e9 par plus de <b>2\u2009000 librairies ind\u00e9pendantes <\/b>\u00e0 travers la France.<\/p>\n<p>Vid\u00e9os : en ce moment sur ActuRencontre et d\u00e9dicaces \u00e0 Eu<\/p>\n<p class=\" wall-content\">Apr\u00e8s son passage \u00e0 Mers-les-Bains, B\u00e9r\u00e9nice Pichat sera \u00e9galement accueillie \u00e0 partir de<b> 18\u2009h\u200930 <\/b>\u00e0 la <b>librairie <\/b>Encre Marine \u00e0 <a href=\"https:\/\/actu.fr\/normandie\/eu_76255\" target=\"_blank\" rel=\"noopener\">Eu <\/a>pour une nouvelle rencontre avec les lecteurs du territoire.<\/p>\n<p class=\" wall-content\">Une belle occasion de d\u00e9couvrir ou red\u00e9couvrir une plume singuli\u00e8re, dans la continuit\u00e9 des pr\u00e9c\u00e9dents rendez-vous organis\u00e9s dans le cadre du Prix des Villes S\u0153urs, qui ont d\u00e9j\u00e0 permis d\u2019accueillir Alexandre Lenot et C\u00e9cile Cayrel.<\/p>\n<p class=\" wall-content\">Deux escales litt\u00e9raires \u00e0 ne pas manquer pour dialoguer avec une romanci\u00e8re au regard aff\u00fbt\u00e9 et \u00e0 la sensibilit\u00e9 profonde.<\/p>\n<p>Caf\u00e9 lecture \u00e0 la m\u00e9diath\u00e8que de Mers-les-Bains \u00e0 15\u2009h.Rencontre et d\u00e9dicaces \u00e0 la librairie Encre Marine de la ville d\u2019Eu \u00e0 partir de 18\u2009h\u200930.<\/p>\n<p class=\" wall-content\">Suivez toute l\u2019actualit\u00e9 de vos villes et m\u00e9dias favoris en vous inscrivant \u00e0 <a href=\"https:\/\/moncompte.actu.fr\" title=\"D\u00e9couvez Mon Actu\" rel=\"nofollow noopener\" data-trk=\"{&quot;cta&quot;:{&quot;action&quot;:&quot;https:\\\/\\\/moncompte.actu.fr&quot;,&quot;category&quot;:&quot;mon compte&quot;,&quot;from&quot;:&quot;article footer&quot;,&quot;name&quot;:&quot;Mon actu&quot;,&quot;type&quot;:&quot;cta&quot;}}\" target=\"_blank\">Mon Actu<\/a>.<\/p>\n","protected":false},"excerpt":{"rendered":"Par Benoit Doyen Publi\u00e9 le 5 juin 2025 \u00e0 20h30 La m\u00e9diath\u00e8que de Mers-les-Bains accueillera ce samedi 7\u00a0juin&hellip;\n","protected":false},"author":2,"featured_media":154764,"comment_status":"","ping_status":"","sticky":false,"template":"","format":"standard","meta":{"footnotes":""},"categories":[1586],"tags":[11,1777,674,1779,1011,27,1380,1652,12,25,1778,364,3587],"class_list":{"0":"post-154763","1":"post","2":"type-post","3":"status-publish","4":"format-standard","5":"has-post-thumbnail","7":"category-europe","8":"tag-actualites","9":"tag-eu","10":"tag-europe","11":"tag-european-union","12":"tag-fr","13":"tag-france","14":"tag-livres","15":"tag-loisirs-culture","16":"tag-news","17":"tag-republique-francaise","18":"tag-ue","19":"tag-union-europeenne","20":"tag-villes-soeurs"},"share_on_mastodon":{"url":"https:\/\/pubeurope.com\/@fr\/114632558179630049","error":""},"_links":{"self":[{"href":"https:\/\/www.europesays.com\/fr\/wp-json\/wp\/v2\/posts\/154763","targetHints":{"allow":["GET"]}}],"collection":[{"href":"https:\/\/www.europesays.com\/fr\/wp-json\/wp\/v2\/posts"}],"about":[{"href":"https:\/\/www.europesays.com\/fr\/wp-json\/wp\/v2\/types\/post"}],"author":[{"embeddable":true,"href":"https:\/\/www.europesays.com\/fr\/wp-json\/wp\/v2\/users\/2"}],"replies":[{"embeddable":true,"href":"https:\/\/www.europesays.com\/fr\/wp-json\/wp\/v2\/comments?post=154763"}],"version-history":[{"count":0,"href":"https:\/\/www.europesays.com\/fr\/wp-json\/wp\/v2\/posts\/154763\/revisions"}],"wp:featuredmedia":[{"embeddable":true,"href":"https:\/\/www.europesays.com\/fr\/wp-json\/wp\/v2\/media\/154764"}],"wp:attachment":[{"href":"https:\/\/www.europesays.com\/fr\/wp-json\/wp\/v2\/media?parent=154763"}],"wp:term":[{"taxonomy":"category","embeddable":true,"href":"https:\/\/www.europesays.com\/fr\/wp-json\/wp\/v2\/categories?post=154763"},{"taxonomy":"post_tag","embeddable":true,"href":"https:\/\/www.europesays.com\/fr\/wp-json\/wp\/v2\/tags?post=154763"}],"curies":[{"name":"wp","href":"https:\/\/api.w.org\/{rel}","templated":true}]}}