{"id":154774,"date":"2025-06-05T20:14:10","date_gmt":"2025-06-05T20:14:10","guid":{"rendered":"https:\/\/www.europesays.com\/fr\/154774\/"},"modified":"2025-06-05T20:14:10","modified_gmt":"2025-06-05T20:14:10","slug":"ai-ogura-finalement-forfait-au-gp-daragon","status":"publish","type":"post","link":"https:\/\/www.europesays.com\/fr\/154774\/","title":{"rendered":"Ai Ogura finalement forfait au GP d&rsquo;Arag\u00f3n"},"content":{"rendered":"<p><a href=\"https:\/\/fr.motorsport.com\/driver\/ai-ogura\/471489\/\" target=\"_blank\" rel=\"noopener\">Ai Ogura<\/a> ne disputera finalement pas le GP d&rsquo;Arag\u00f3n. Le Japonais <a href=\"https:\/\/fr.motorsport.com\/motogp\/news\/ogura-retour-gp-aragon-fracture-tibia\/10729461\/\" target=\"_blank\" rel=\"noopener\">esp\u00e9rait \u00eatre en piste vendredi<\/a> deux semaines apr\u00e8s sa blessure \u00e0 Silverstone. Tomb\u00e9 pendant les essais, il a <a href=\"https:\/\/fr.motorsport.com\/motogp\/news\/ai-ogura-blessure-forfait-silverstone\/10725944\/\" target=\"_blank\" rel=\"noopener\">d\u00fb d\u00e9clarer forfait<\/a> en raison d&rsquo;une fracture au sommet du tibia droit, pour laquelle il a \u00e9t\u00e9 op\u00e9r\u00e9 <a href=\"https:\/\/fr.motorsport.com\/motogp\/news\/ai-ogura-opere-succes-incertain-aragon\/10727535\/\" target=\"_blank\" rel=\"noopener\">afin de retirer un fragment d&rsquo;os<\/a>.<\/p>\n<p>Ogura devait cependant passer des examens ce jeudi. Il ne s&rsquo;est ainsi par rendu sur le circuit mais aupr\u00e8s de son m\u00e9decin \u00e0 Barcelone, avec l&rsquo;espoir d&rsquo;arriver en Arag\u00f3n dans la soir\u00e9e&#8230; Il lui a finalement \u00e9t\u00e9 conseill\u00e9 de ne pas prendre la piste.<\/p>\n<p>\u00ab\u00a0Ai Ogura a \u00e9t\u00e9 de nouveau examin\u00e9 cet apr\u00e8s-midi par le Dr Juan Monllau, le chirurgien qui a pratiqu\u00e9 l&rsquo;op\u00e9ration par c\u0153lioscopie pour rem\u00e9dier \u00e0 une fracture au sommet de son tibia droit\u00a0\u00bb, annonce l&rsquo;\u00e9quipe Trackhouse. \u00ab\u00a0M\u00eame si la convalescence est positive, l&rsquo;avis m\u00e9dical est malheureusement qu&rsquo;\u00e0 ce stade, Ai n&rsquo;est pas suffisamment gu\u00e9ri pour lui permettre de rouler au Grand Prix d&rsquo;Arag\u00f3n ce week-end.\u00a0\u00bb<\/p>\n<p>\u00ab\u00a0Trackhouse MotoGP Team, en suivant l&rsquo;avis m\u00e9dical, ne fera donc pas rouler Ai Ogura et il va plut\u00f4t continuer sa r\u00e9\u00e9ducation, pour viser un retour au Mugello pour le Grand Prix d&rsquo;Italie, dans deux semaines.\u00a0\u00bb<\/p>\n<p>\u00ab\u00a0Chez Trackhouse, nous sommes tous d\u00e9\u00e7us qu&rsquo;Ai ne soit pas en mesure de prendre la piste mais nous soutenons pleinement son besoin d&rsquo;\u00eatre en forme pour rouler, avant qu&rsquo;il remonte sur l&rsquo;Aprilia RS-GP25 #79 de Trackhouse. L&rsquo;\u00e9quipe va continuer \u00e0 faire tout son possible pour le soutenir dans sa convalescence et esp\u00e8re le revoir en piste rapidement.\u00a0\u00bb<\/p>\n<p>Il y aura donc trois pilotes absents ce week-end, puisque\u00a0<a href=\"https:\/\/fr.motorsport.com\/driver\/jorge-martin\/109391\/\" target=\"_blank\" rel=\"noopener\">Jorge Mart\u00edn<\/a> suit une longue convalescence apr\u00e8s avoir subi de s\u00e9rieuses blessures au GP du Qatar. D\u00e9j\u00e0 tomb\u00e9 lourdement \u00e0 deux reprises avant le d\u00e9but de la saison, le champion du monde en titre sort d&rsquo;un bilan rassurant, qui montre une \u00e9volution positive de son h\u00e9mopneumothorax et de ses fractures aux c\u00f4tes. Un trait de fracture reste cependant visible sur son scapho\u00efde.<\/p>\n<p><a href=\"https:\/\/fr.motorsport.com\/driver\/luca-marini\/201098\/\" target=\"_blank\" rel=\"noopener\">Luca Marini<\/a> s&rsquo;est bless\u00e9 \u00e0 son tour la semaine derni\u00e8re lors d&rsquo;un test de pr\u00e9paration aux 8 Heures de Suzuka, m\u00eame s&rsquo;il n&rsquo;est finalement pas pr\u00e9vu qu&rsquo;il y soit align\u00e9. Le pilote Honda souffre d&rsquo;une luxation de la hanche gauche, de l\u00e9sions ligamentaires au genou gauche, de fractures au sternum et \u00e0 la clavicule gauche et d&rsquo;un pneumothorax sur le c\u00f4t\u00e9 droit.<\/p>\n<p>Parmi ces trois pilotes, seul Mart\u00edn est remplac\u00e9, <a href=\"https:\/\/fr.motorsport.com\/driver\/lorenzo-savadori\/408147\/\" target=\"_blank\" rel=\"noopener\">Lorenzo Savadori<\/a> \u00e9tant encore align\u00e9 sur l&rsquo;Aprilia. \u00c0 noter que Yamaha engage de son c\u00f4t\u00e9 <a href=\"https:\/\/fr.motorsport.com\/driver\/augusto-fernandez\/452210\/\" target=\"_blank\" rel=\"noopener\">Augusto Fern\u00e1ndez<\/a> en wild-card.<\/p>\n<p>Lire aussi :<\/p>\n<p>Dans cet article<\/p>\n<p>    Vincent Lalanne-Sicaud\n<\/p>\n<p>    MotoGP\n<\/p>\n<p>    Ai Ogura\n<\/p>\n<p>    Trackhouse Racing Team\n<\/p>\n<p>Soyez le premier inform\u00e9 et souscrivez aux alertes mails pour recevoir les infos en temps r\u00e9el<\/p>\n<p>    S&rsquo;abonner aux alertes de news<\/p>\n","protected":false},"excerpt":{"rendered":"Ai Ogura ne disputera finalement pas le GP d&rsquo;Arag\u00f3n. Le Japonais esp\u00e9rait \u00eatre en piste vendredi deux semaines&hellip;\n","protected":false},"author":2,"featured_media":154775,"comment_status":"","ping_status":"","sticky":false,"template":"","format":"standard","meta":{"footnotes":""},"categories":[1413],"tags":[3378,1011,27,26452,1457,1456,1458,26453,60,4084],"class_list":{"0":"post-154774","1":"post","2":"type-post","3":"status-publish","4":"format-standard","5":"has-post-thumbnail","7":"category-moto","8":"tag-ai-ogura","9":"tag-fr","10":"tag-france","11":"tag-gp-daragu00f3n","12":"tag-moto","13":"tag-motocycle","14":"tag-motogp","15":"tag-motorland-aragu00f3n","16":"tag-sports","17":"tag-trackhouse-racing-team"},"share_on_mastodon":{"url":"https:\/\/pubeurope.com\/@fr\/114632593512473218","error":""},"_links":{"self":[{"href":"https:\/\/www.europesays.com\/fr\/wp-json\/wp\/v2\/posts\/154774","targetHints":{"allow":["GET"]}}],"collection":[{"href":"https:\/\/www.europesays.com\/fr\/wp-json\/wp\/v2\/posts"}],"about":[{"href":"https:\/\/www.europesays.com\/fr\/wp-json\/wp\/v2\/types\/post"}],"author":[{"embeddable":true,"href":"https:\/\/www.europesays.com\/fr\/wp-json\/wp\/v2\/users\/2"}],"replies":[{"embeddable":true,"href":"https:\/\/www.europesays.com\/fr\/wp-json\/wp\/v2\/comments?post=154774"}],"version-history":[{"count":0,"href":"https:\/\/www.europesays.com\/fr\/wp-json\/wp\/v2\/posts\/154774\/revisions"}],"wp:featuredmedia":[{"embeddable":true,"href":"https:\/\/www.europesays.com\/fr\/wp-json\/wp\/v2\/media\/154775"}],"wp:attachment":[{"href":"https:\/\/www.europesays.com\/fr\/wp-json\/wp\/v2\/media?parent=154774"}],"wp:term":[{"taxonomy":"category","embeddable":true,"href":"https:\/\/www.europesays.com\/fr\/wp-json\/wp\/v2\/categories?post=154774"},{"taxonomy":"post_tag","embeddable":true,"href":"https:\/\/www.europesays.com\/fr\/wp-json\/wp\/v2\/tags?post=154774"}],"curies":[{"name":"wp","href":"https:\/\/api.w.org\/{rel}","templated":true}]}}