{"id":154776,"date":"2025-06-05T20:15:12","date_gmt":"2025-06-05T20:15:12","guid":{"rendered":"https:\/\/www.europesays.com\/fr\/154776\/"},"modified":"2025-06-05T20:15:12","modified_gmt":"2025-06-05T20:15:12","slug":"gennaro-gattuso-signe-la-fin-de-son-aventure-avec-lhadjuk-split","status":"publish","type":"post","link":"https:\/\/www.europesays.com\/fr\/154776\/","title":{"rendered":"Gennaro Gattuso signe la fin de son aventure avec l\u2019Hadjuk Split"},"content":{"rendered":"<p>Le technicien italien de 47 ans a trouv\u00e9 un accord pour quitter le club croate \u00e0 un an de la fin de son contrat.<\/p>\n<p class=\"fig-paragraph\">Son d\u00e9part \u00e9tait act\u00e9 depuis plusieurs jours d\u00e9j\u00e0, il est d\u00e9sormais officiel\u00a0:\u00a0<a href=\"http:\/\/www.lefigaro.fr\/sports\/football\/foot-je-ne-veux-plus-parler-avec-toi-le-coup-de-sang-de-gennaro-gattuso-a-la-television-croate-20250318\" data-fig-type=\"NewsFlash\" data-gtm-custom-categorie=\"navigation\" data-gtm-custom-action=\"crossclick\" data-gtm-custom-label=\"Contextuel\" data-gtm-event=\"customEventSPE\" data-fig-domain=\"LEFIGARO\" target=\"_blank\" rel=\"noopener\">Gennaro Gattuso<\/a>\u00a0n\u2019est plus l\u2019entra\u00eeneur de l\u2019Hadjuk Split. L\u2019ancien milieu de terrain de 47 ans a trouv\u00e9 un accord avec le club pour mettre un terme \u00e0 son aventure en Croatie, alors qu\u2019il lui restait encore un an de contrat.<\/p>\n<p class=\"fig-paragraph\">\u00ab Il me reste encore un an de contrat, mais nous cherchons une solution avec le club pour nous s\u00e9parer \u00e0 la fin de la saison\u00bb, expliquait-il le 17 mai dernier lors d\u2019une conf\u00e9rence de presse d\u2019avant-match contre Rijeka. Le match avait \u00e9t\u00e9 remport\u00e9 par les joueurs de Split, mais ils avaient tout de m\u00eame \u00e9chou\u00e9 \u00e0 la troisi\u00e8me place du championnat.<\/p>\n<p class=\"fig-paragraph\">R\u00e9sultat, une saison blanche et une nouvelle aventure qui tourne court pour l\u2019ancien technicien de l\u2019Olympique de Marseille, qui avait succ\u00e9d\u00e9 \u00e0 Marcelino en septembre 2023 avant de quitter la cit\u00e9 phoc\u00e9enne cinq mois plus tard\u00a0<a href=\"http:\/\/www.lefigaro.fr\/sports\/football\/ligue-1\/ligue-1-l-om-serait-sur-le-point-de-se-separer-de-gattuso-20240219\" data-fig-type=\"NewsFlash\" data-gtm-custom-categorie=\"navigation\" data-gtm-custom-action=\"crossclick\" data-gtm-custom-label=\"Contextuel\" data-gtm-event=\"customEventSPE\" data-fig-domain=\"LEFIGARO\" target=\"_blank\" rel=\"noopener\">apr\u00e8s une s\u00e9rie de mauvais r\u00e9sultats<\/a>.<\/p>\n","protected":false},"excerpt":{"rendered":"Le technicien italien de 47 ans a trouv\u00e9 un accord pour quitter le club croate \u00e0 un an&hellip;\n","protected":false},"author":2,"featured_media":154777,"comment_status":"","ping_status":"","sticky":false,"template":"","format":"standard","meta":{"footnotes":""},"categories":[1412],"tags":[454,69,448,83,451,64,450,449,1451,1452,1453,1454,1455,1011,27,452,453,66,446,447,70,60,455],"class_list":{"0":"post-154776","1":"post","2":"type-post","3":"status-publish","4":"format-standard","5":"has-post-thumbnail","7":"category-f1","8":"tag-ballon-dor","9":"tag-bundesliga","10":"tag-champions-league","11":"tag-coupe-de-france","12":"tag-coupe-du-monde","13":"tag-equipe-de-france","14":"tag-euro","15":"tag-europa-league","16":"tag-f1","17":"tag-formula-1","18":"tag-formula1","19":"tag-formule-1","20":"tag-formule1","21":"tag-fr","22":"tag-france","23":"tag-italie","24":"tag-liga","25":"tag-ligue-1","26":"tag-ligue-2","27":"tag-ligue-des-champions","28":"tag-premier-league","29":"tag-sports","30":"tag-uefa"},"share_on_mastodon":{"url":"https:\/\/pubeurope.com\/@fr\/114632597715699502","error":""},"_links":{"self":[{"href":"https:\/\/www.europesays.com\/fr\/wp-json\/wp\/v2\/posts\/154776","targetHints":{"allow":["GET"]}}],"collection":[{"href":"https:\/\/www.europesays.com\/fr\/wp-json\/wp\/v2\/posts"}],"about":[{"href":"https:\/\/www.europesays.com\/fr\/wp-json\/wp\/v2\/types\/post"}],"author":[{"embeddable":true,"href":"https:\/\/www.europesays.com\/fr\/wp-json\/wp\/v2\/users\/2"}],"replies":[{"embeddable":true,"href":"https:\/\/www.europesays.com\/fr\/wp-json\/wp\/v2\/comments?post=154776"}],"version-history":[{"count":0,"href":"https:\/\/www.europesays.com\/fr\/wp-json\/wp\/v2\/posts\/154776\/revisions"}],"wp:featuredmedia":[{"embeddable":true,"href":"https:\/\/www.europesays.com\/fr\/wp-json\/wp\/v2\/media\/154777"}],"wp:attachment":[{"href":"https:\/\/www.europesays.com\/fr\/wp-json\/wp\/v2\/media?parent=154776"}],"wp:term":[{"taxonomy":"category","embeddable":true,"href":"https:\/\/www.europesays.com\/fr\/wp-json\/wp\/v2\/categories?post=154776"},{"taxonomy":"post_tag","embeddable":true,"href":"https:\/\/www.europesays.com\/fr\/wp-json\/wp\/v2\/tags?post=154776"}],"curies":[{"name":"wp","href":"https:\/\/api.w.org\/{rel}","templated":true}]}}