{"id":154780,"date":"2025-06-05T20:17:10","date_gmt":"2025-06-05T20:17:10","guid":{"rendered":"https:\/\/www.europesays.com\/fr\/154780\/"},"modified":"2025-06-05T20:17:10","modified_gmt":"2025-06-05T20:17:10","slug":"mercato-laj-auxerre-veut-faire-signer-un-champion-de-ligue-2","status":"publish","type":"post","link":"https:\/\/www.europesays.com\/fr\/154780\/","title":{"rendered":"Mercato &#8211; L&rsquo;AJ Auxerre veut faire signer un champion de Ligue 2"},"content":{"rendered":"<p style=\"text-align: justify;\">En 2024, l\u2019AJ <strong>Auxerre<\/strong> remportait le championnat de France de <strong>Ligue 2<\/strong> et remontait imm\u00e9diatement en <strong>Ligue 1<\/strong> apr\u00e8s avoir \u00e9t\u00e9 rel\u00e9gu\u00e9. Au terme d\u2019un exercice 2024-2025 tr\u00e8s r\u00e9ussi, le club bourguignon s\u2019est brillamment maintenu et peut se projeter sur une nouvelle saison dans l\u2019\u00e9lite. Avec, dans ses plans lors du mercato estival, un joueur ayant connu un parcours similaire au sien, une ann\u00e9e plus t\u00f4t.<\/p>\n<p style=\"text-align: justify;\">\u00c0 lire aussi &gt;&gt;\u00a0<a href=\"https:\/\/maligue2.fr\/2025\/06\/05\/aj-auxerre-premier-contrat-professionnel-pour-un-jeune-defenseur-bourguignon\/\" target=\"_blank\" rel=\"noopener\">AJ Auxerre \u2013 Premier contrat professionnel pour un jeune d\u00e9fenseur bourguignon<\/a><\/p>\n<p style=\"text-align: justify;\">En effet, le jeune <strong>Josu\u00e9 Casimir<\/strong> (23 ans), attaquant polyvalent du <strong>Havre AC<\/strong>, serait sur les tablettes de l\u2019AJA cet \u00e9t\u00e9 ! Ailier droit r\u00e9guli\u00e8rement d\u00e9cisif, le Guadeloup\u00e9en arrive en fin de contrat et sort de deux saisons tr\u00e8s prometteuses \u00e0 ce niveau, apr\u00e8s avoir soulev\u00e9 le titre de Ligue 2 en 2023 pour sa premi\u00e8re r\u00e9elle saison parmi les professionnels, sous Luka Elsner. Cette saison, il compte 4 buts et 6 passes d\u00e9cisives au plus haut niveau du football fran\u00e7ais. Casimir fera \u2013 sauf retournement de situation \u2013 partie des premi\u00e8res recrues icaunaises, avec le chilien Francisco Sierralta.<\/p>\n<p style=\"text-align: justify;\">Sources : <a href=\"https:\/\/www.lequipe.fr\/Football\/Actualites\/Mercato-l-attaquant-du-havre-josue-casimir-fonce-vers-auxerre\/1567934\" target=\"_blank\" rel=\"noopener\">lequipe.fr<\/a> \/ FootMercato.<\/p>\n<p style=\"text-align: justify;\">Photo Johnny Fidelin\/Icon Sport<\/p>\n","protected":false},"excerpt":{"rendered":"En 2024, l\u2019AJ Auxerre remportait le championnat de France de Ligue 2 et remontait imm\u00e9diatement en Ligue 1&hellip;\n","protected":false},"author":2,"featured_media":154781,"comment_status":"","ping_status":"","sticky":false,"template":"","format":"standard","meta":{"footnotes":""},"categories":[1410],"tags":[4245,63,1011,27,28482,5162,60],"class_list":{"0":"post-154780","1":"post","2":"type-post","3":"status-publish","4":"format-standard","5":"has-post-thumbnail","7":"category-football","8":"tag-auxerre","9":"tag-football","10":"tag-fr","11":"tag-france","12":"tag-josue-casimir","13":"tag-le-havre","14":"tag-sports"},"share_on_mastodon":{"url":"https:\/\/pubeurope.com\/@fr\/114632605433633851","error":""},"_links":{"self":[{"href":"https:\/\/www.europesays.com\/fr\/wp-json\/wp\/v2\/posts\/154780","targetHints":{"allow":["GET"]}}],"collection":[{"href":"https:\/\/www.europesays.com\/fr\/wp-json\/wp\/v2\/posts"}],"about":[{"href":"https:\/\/www.europesays.com\/fr\/wp-json\/wp\/v2\/types\/post"}],"author":[{"embeddable":true,"href":"https:\/\/www.europesays.com\/fr\/wp-json\/wp\/v2\/users\/2"}],"replies":[{"embeddable":true,"href":"https:\/\/www.europesays.com\/fr\/wp-json\/wp\/v2\/comments?post=154780"}],"version-history":[{"count":0,"href":"https:\/\/www.europesays.com\/fr\/wp-json\/wp\/v2\/posts\/154780\/revisions"}],"wp:featuredmedia":[{"embeddable":true,"href":"https:\/\/www.europesays.com\/fr\/wp-json\/wp\/v2\/media\/154781"}],"wp:attachment":[{"href":"https:\/\/www.europesays.com\/fr\/wp-json\/wp\/v2\/media?parent=154780"}],"wp:term":[{"taxonomy":"category","embeddable":true,"href":"https:\/\/www.europesays.com\/fr\/wp-json\/wp\/v2\/categories?post=154780"},{"taxonomy":"post_tag","embeddable":true,"href":"https:\/\/www.europesays.com\/fr\/wp-json\/wp\/v2\/tags?post=154780"}],"curies":[{"name":"wp","href":"https:\/\/api.w.org\/{rel}","templated":true}]}}