{"id":154782,"date":"2025-06-05T20:18:13","date_gmt":"2025-06-05T20:18:13","guid":{"rendered":"https:\/\/www.europesays.com\/fr\/154782\/"},"modified":"2025-06-05T20:18:13","modified_gmt":"2025-06-05T20:18:13","slug":"maeva-ghennam-victime-dun-burn-out-disparait-completement-et-revele-avoir-songe-au-suicide","status":"publish","type":"post","link":"https:\/\/www.europesays.com\/fr\/154782\/","title":{"rendered":"Maeva Ghennam, victime d\u2019un burn-out, dispara\u00eet compl\u00e8tement et r\u00e9v\u00e8le avoir song\u00e9 au suicide"},"content":{"rendered":"<p>Sa communaut\u00e9 s\u2019inqui\u00e9tait depuis quelques semaines. Et son message publi\u00e9 ce jeudi 5 juin 2025 ne va pas vraiment les rassurer. Il y a quelques minutes, <a href=\"https:\/\/www.public.fr\/tag\/maeva-ghennam\" rel=\"nofollow noopener\" target=\"_blank\">Maeva Ghennam<\/a> a fait son retour sur <a href=\"https:\/\/www.instagram.com\/maevaa.ghennam\/?hl=fr\" rel=\"nofollow noopener\" target=\"_blank\">ses r\u00e9seaux sociaux<\/a>, mais pas vraiment pour annoncer une bonne nouvelle.<\/p>\n<p>Au contraire, <a href=\"https:\/\/www.public.fr\/maeva-ghennam-bientot-mariee-ces-photos-qui-enflamment-la-toile\" rel=\"nofollow noopener\" target=\"_blank\">l\u2019influenceuse<\/a>, qui se faisait conna\u00eetre en prenant part aux diff\u00e9rentes saisons des <strong>\u00ab\u00a0Marseillais\u00a0\u00bb<\/strong>, a <strong>annonc\u00e9 une terrible nouvelle<\/strong>. Selon ses dires, elle aurait \u00e9t\u00e9 <strong>victime d\u2019un \u00ab\u00a0burn-out\u00a0\u00bb, et aurait m\u00eame eu des \u00ab\u00a0pens\u00e9es noires\u00a0\u00bb <\/strong>au cours des derni\u00e8res semaines.<\/p>\n<p>Maeva Ghennam revient sur les r\u00e9seaux sociaux<\/p>\n<p>\u00ab\u00a0Depuis plusieurs semaines, je m\u2019\u00e9teins. Lentement. Silencieusement. Et vous l&rsquo;avez peut-\u00eatre vu, senti, devin\u00e9\u2026 Je n&rsquo;arrivais plus \u00e0 me snaper. Moi qui snapais tous les jours. Sans exception. Moi qui ai partag\u00e9 ma vie avec vous, chaque jour, depuis 7 ans. Snapper, c&rsquo;\u00e9tait un plaisir. C&rsquo;\u00e9tait naturel. Vital presque. Je ne me for\u00e7ais jamais. J&rsquo;aimais \u00e7a, profond\u00e9ment\u00a0\u00bb, a d\u2019abord \u00e9crit Maeva Ghennam dans un long message publi\u00e9 en story Instagram.<\/p>\n<p>La jeune femme ne s\u2019arr\u00eate pas l\u00e0 et poursuit son r\u00e9cit : \u00ab\u00a0Mais un jour, j&rsquo;ai ouvert l&rsquo;appli&#8230; et plus rien. Plus d&rsquo;envie. Plus de force, plus de moi. J&rsquo;ai commenc\u00e9 \u00e0 sentir que quelque chose n&rsquo;allait pas\u00a0\u00bb.\u00a0<\/p>\n<p>Selon ses r\u00e9v\u00e9lations, tout serait ensuite \u00ab\u00a0all\u00e9 tr\u00e8s vite\u00a0\u00bb. Maeva Ghennam a vu son corps la l\u00e2cher. \u00ab\u00a0Ma t\u00eate a cri\u00e9 stop. Je n&rsquo;arrivais plus \u00e0 sortir. Plus \u00e0 me lever. Je restais dans mon lit, les volets ferm\u00e9s, le c\u0153ur en vrac. Je suis entour\u00e9e. Mais je me sens seule. Je suis vivante. Mais \u00e0 l&rsquo;int\u00e9rieur, je suis vide\u00a0\u00bb, ajoute-t-elle.\u00a0<\/p>\n<p>Plus rien ne faisait en effet plaisir \u00e0 l\u2019ancienne candidate de t\u00e9l\u00e9r\u00e9alit\u00e9 m\u00eame ce qu\u2019elle \u00ab\u00a0aimait le plus\u00a0\u00bb comme le fait de \u00ab\u00a0snapper\u00a0\u00bb : <strong>\u00ab\u00a0J\u2019ai fait un burn-out. Un vrai. Pas un mot \u00e0 la mode. Pas une excuse. Un effondrement. Physique. Mental. Emotionnel\u00a0\u00bb<\/strong>.<\/p>\n<p>Elle aurait song\u00e9 au pire, et fait de la pr\u00e9vention aupr\u00e8s de ses abonn\u00e9s<\/p>\n<p>Maeva Ghennam avoue aussi <strong>avoir eu \u00ab\u00a0des id\u00e9es noires\u00a0\u00bb, des pens\u00e9es qu\u2019elle ne \u00ab\u00a0pensait jamais conna\u00eetre un jour\u00a0\u00bb.<\/strong> \u00ab\u00a0Je n&rsquo;en parle pas pour faire peur. Ni pour choquer. Mais parce que c&rsquo;est la r\u00e9alit\u00e9. Ma r\u00e9alit\u00e9\u00a0\u00bb, confie-t-elle afin d\u2019expliquer sa prise de parole.\u00a0<\/p>\n<p>Par sa prise de parole, l\u2019influenceuse souhaite donc alerter ses abonn\u00e9s en rappelant que \u00ab\u00a0trop de gens pensent que derri\u00e8re un sourire, tout va bien\u00a0\u00bb, alors que des douleurs peuvent \u00eatre pr\u00e9sentes \u00ab\u00a0lorsqu\u2019on ne snappe pas\u00a0\u00bb.\u00a0<\/p>\n<p>\u00ab\u00a0Je n&rsquo;\u00e9cris pas \u00e7a pour faire mon retour. Je ne sais m\u00eame pas si je suis pr\u00eate. Mais j&rsquo;\u00e9cris \u00e7a pour que vous sachiez. <strong>Pour que vous compreniez que personne n&rsquo;est \u00e0 l\u2019abri. Pas m\u00eame ceux qui brillent \u00e0 l\u2019\u00e9cran<\/strong>. Prenez soin de votre sant\u00e9 mentale. Prenez soin de vous, vraiment. Et si vous sentez que vous n&rsquo;arrivez plus \u00e0 faire ce que vous aimiez&#8230; \u00e9coutez ce signal. C&rsquo;est votre \u00e2me qui vous parle. Merci \u00e0 ceux qui ont su lire dans mon silence. Je ne vous oublie pas. Jamais\u00a0\u00bb, a-t-elle aussi conclu pour pr\u00e9venir ses fans et toutes les personnes qui souffrent des m\u00eames maux qu\u2019elle.<\/p>\n<p><img loading=\"lazy\" decoding=\"async\" width=\"582\" height=\"1024\" src=\"data:image\/svg+xml,%3Csvg%20xmlns=\" http:=\"\" alt=\"Maeva Ghennam, victime d\u2019un burn-out, dispara\u00eet compl\u00e8tement et r\u00e9v\u00e8le avoir song\u00e9 au suicide\" data-lazy- data-lazy- data-lazy-src=\"https:\/\/www.europesays.com\/fr\/wp-content\/uploads\/2025\/06\/Capture-decran-2025-06-05-a-19.30.14-1-582x1024.jpg\"\/><\/p>\n<p>Instagram\/maevaa.ghennam<\/p>\n<p><img loading=\"lazy\" decoding=\"async\" width=\"593\" height=\"1024\" src=\"data:image\/svg+xml,%3Csvg%20xmlns=\" http:=\"\" alt=\"Maeva Ghennam, victime d\u2019un burn-out, dispara\u00eet compl\u00e8tement et r\u00e9v\u00e8le avoir song\u00e9 au suicide\" data-lazy- data-lazy- data-lazy-src=\"https:\/\/www.europesays.com\/fr\/wp-content\/uploads\/2025\/06\/Capture-decran-2025-06-05-a-19.30.25-593x1024.jpg\"\/><\/p>\n<p>Instagram\/maevaa.ghennam<\/p>\n<p><img loading=\"lazy\" decoding=\"async\" width=\"580\" height=\"1024\" src=\"data:image\/svg+xml,%3Csvg%20xmlns=\" http:=\"\" alt=\"Maeva Ghennam, victime d\u2019un burn-out, dispara\u00eet compl\u00e8tement et r\u00e9v\u00e8le avoir song\u00e9 au suicide\" data-lazy- data-lazy- data-lazy-src=\"https:\/\/www.europesays.com\/fr\/wp-content\/uploads\/2025\/06\/Capture-decran-2025-06-05-a-19.30.33-580x1024.jpg\"\/><\/p>\n<p>Story Instagram\/maevaa.ghennam<\/p>\n<p>      Mentionn\u00e9s dans cet article<\/p>\n<p>\u00c0 lire aussi<\/p>\n<p><script async src=\"\/\/www.instagram.com\/embed.js\"><\/script><\/p>\n","protected":false},"excerpt":{"rendered":"Sa communaut\u00e9 s\u2019inqui\u00e9tait depuis quelques semaines. Et son message publi\u00e9 ce jeudi 5 juin 2025 ne va pas&hellip;\n","protected":false},"author":2,"featured_media":154783,"comment_status":"","ping_status":"","sticky":false,"template":"","format":"standard","meta":{"footnotes":""},"categories":[1359],"tags":[7261,58,59,1011,27,12434,28483,973],"class_list":{"0":"post-154782","1":"post","2":"type-post","3":"status-publish","4":"format-standard","5":"has-post-thumbnail","7":"category-people","8":"tag-burn-out","9":"tag-divertissement","10":"tag-entertainment","11":"tag-fr","12":"tag-france","13":"tag-les-marseillais","14":"tag-maeva-ghennam","15":"tag-people"},"share_on_mastodon":{"url":"https:\/\/pubeurope.com\/@fr\/114632609330096232","error":""},"_links":{"self":[{"href":"https:\/\/www.europesays.com\/fr\/wp-json\/wp\/v2\/posts\/154782","targetHints":{"allow":["GET"]}}],"collection":[{"href":"https:\/\/www.europesays.com\/fr\/wp-json\/wp\/v2\/posts"}],"about":[{"href":"https:\/\/www.europesays.com\/fr\/wp-json\/wp\/v2\/types\/post"}],"author":[{"embeddable":true,"href":"https:\/\/www.europesays.com\/fr\/wp-json\/wp\/v2\/users\/2"}],"replies":[{"embeddable":true,"href":"https:\/\/www.europesays.com\/fr\/wp-json\/wp\/v2\/comments?post=154782"}],"version-history":[{"count":0,"href":"https:\/\/www.europesays.com\/fr\/wp-json\/wp\/v2\/posts\/154782\/revisions"}],"wp:featuredmedia":[{"embeddable":true,"href":"https:\/\/www.europesays.com\/fr\/wp-json\/wp\/v2\/media\/154783"}],"wp:attachment":[{"href":"https:\/\/www.europesays.com\/fr\/wp-json\/wp\/v2\/media?parent=154782"}],"wp:term":[{"taxonomy":"category","embeddable":true,"href":"https:\/\/www.europesays.com\/fr\/wp-json\/wp\/v2\/categories?post=154782"},{"taxonomy":"post_tag","embeddable":true,"href":"https:\/\/www.europesays.com\/fr\/wp-json\/wp\/v2\/tags?post=154782"}],"curies":[{"name":"wp","href":"https:\/\/api.w.org\/{rel}","templated":true}]}}