{"id":15479,"date":"2025-04-10T17:12:08","date_gmt":"2025-04-10T17:12:08","guid":{"rendered":"https:\/\/www.europesays.com\/fr\/15479\/"},"modified":"2025-04-10T17:12:08","modified_gmt":"2025-04-10T17:12:08","slug":"olivier-battistini-au-cote-deric-zemmour-pour-une-conference-sur-trump-et-leurope-a-budapest","status":"publish","type":"post","link":"https:\/\/www.europesays.com\/fr\/15479\/","title":{"rendered":"Olivier Battistini au c\u00f4t\u00e9 d&rsquo;\u00c9ric Zemmour pour une conf\u00e9rence sur Trump et l&rsquo;Europe \u00e0 Budapest"},"content":{"rendered":"<p>La conqu\u00eate de l&rsquo;Est continue pour le Sartenais Olivier Battistini. Sa premi\u00e8re \u00e9tape l&rsquo;avait men\u00e9 le 11\u00a0d\u00e9cembre 2024 \u00e0 Budapest au Mathias Corvinus Collegium (MCC), pour animer une conf\u00e9rence sur la guerre grecque.<\/p>\n<p>Fin janvier, il a ensuite effectu\u00e9 un voyage en Serbie, \u00e0 la rencontre du cin\u00e9aste Emir Kusturica &#8211; aur\u00e9ol\u00e9 de deux palmes d&rsquo;Or \u00e0 Cannes &#8211; \u00e0 l&rsquo;occasion du 18e festival de K\u00fcstendorf, du 22 au 25\u00a0janvier derniers.<\/p>\n<p>\u00c9l\u00e9ments (la revue officielle du Groupement de recherche et d&rsquo;\u00e9tudes pour la civilisation europ\u00e9enne) vient par ailleurs de consacrer un grand reportage \u00e0 l&rsquo;hell\u00e9niste dans sa derni\u00e8re \u00e9dition.<\/p>\n<p>Derni\u00e8rement, il a \u00e9t\u00e9 convi\u00e9 \u00e0 nouveau pour une intervention au MCC au c\u00f4t\u00e9 du pr\u00e9sident de \u00ab\u00a0Reconqu\u00eate\u00a0\u00bb \u00c9ric Zemmour, qui a donn\u00e9 une conf\u00e9rence sur la situation de l&rsquo;Europe apr\u00e8s l&rsquo;\u00e9lection de Donald Trump.<\/p>\n<p>Il a notamment r\u00e9pondu aux questions de Rodrigo Ballester, qui dirige le Centre d&rsquo;\u00e9tudes europ\u00e9ennes du Mathias Corvinus Collegium \u00e0 Budapest, sur le th\u00e8me \u00ab\u00a0L&rsquo;Europe au temps de Trump, soumission ou reconqu\u00eate\u00a0?\u00a0\u00bb.<\/p>\n<p>Une table ronde a ensuite r\u00e9uni Olivier Battistini, Thibaud Gibelin et Titus Techera, chercheurs au MCC et \u00e9crivains. Ils ont \u00e9chang\u00e9 sur la m\u00eame question, le mod\u00e9rateur \u00e9tant Yann Caspar, chercheur \u00e9galement au MCC.<\/p>\n<p>\u00ab\u00a0En ce qui me concerne, j&rsquo;ai tiss\u00e9 des liens entre la rencontre Trump-Zelensky et le dialogue des Ath\u00e9niens et des M\u00e9liens chez Thucydide\u00a0\u00bb, retrace Battistini.<\/p>\n<p>Dans la poursuite de sa d\u00e9marche d&rsquo;historien, Olivier a propos\u00e9 de comprendre l&rsquo;extr\u00eame contemporain \u00e0 partir de la lecture des Grecs. \u00ab\u00a0Avec Trump face \u00e0 Zelensky, c&rsquo;est selon moi le retour du politique. Trump oblige ses adversaires \u00e0 jouer, \u00e0 se d\u00e9voiler et ils perdent. Il est le ma\u00eetre du \u00a0\u00bbGrand Jeu\u00a0\u00bb des imp\u00e9rialismes selon l&rsquo;expression de Kipling. Comme chez Thucydide, les forts d\u00e9cident et les faibles s&rsquo;en accommodent\u00a0\u00bb<\/p>\n<p>Prochainement, Olivier Battistini compte organiser avec \u00c9ric Zemmour une prise de paroles du m\u00eame ordre en Serbie.<\/p>\n","protected":false},"excerpt":{"rendered":"La conqu\u00eate de l&rsquo;Est continue pour le Sartenais Olivier Battistini. Sa premi\u00e8re \u00e9tape l&rsquo;avait men\u00e9 le 11\u00a0d\u00e9cembre 2024&hellip;\n","protected":false},"author":2,"featured_media":15480,"comment_status":"","ping_status":"","sticky":false,"template":"","format":"standard","meta":{"footnotes":""},"categories":[1586],"tags":[17,11,6488,3136,1687,6489,1777,674,1011,27,12,1766,471,25,96,6490],"class_list":{"0":"post-15479","1":"post","2":"type-post","3":"status-publish","4":"format-standard","5":"has-post-thumbnail","7":"category-europe","8":"tag-17","9":"tag-actualites","10":"tag-battistini","11":"tag-cote","12":"tag-culture-loisirs","13":"tag-deric","14":"tag-eu","15":"tag-europe","16":"tag-fr","17":"tag-france","18":"tag-news","19":"tag-olivier","20":"tag-pour","21":"tag-republique-francaise","22":"tag-une","23":"tag-zemmour"},"share_on_mastodon":{"url":"https:\/\/pubeurope.com\/@fr\/114314788586821319","error":""},"_links":{"self":[{"href":"https:\/\/www.europesays.com\/fr\/wp-json\/wp\/v2\/posts\/15479","targetHints":{"allow":["GET"]}}],"collection":[{"href":"https:\/\/www.europesays.com\/fr\/wp-json\/wp\/v2\/posts"}],"about":[{"href":"https:\/\/www.europesays.com\/fr\/wp-json\/wp\/v2\/types\/post"}],"author":[{"embeddable":true,"href":"https:\/\/www.europesays.com\/fr\/wp-json\/wp\/v2\/users\/2"}],"replies":[{"embeddable":true,"href":"https:\/\/www.europesays.com\/fr\/wp-json\/wp\/v2\/comments?post=15479"}],"version-history":[{"count":0,"href":"https:\/\/www.europesays.com\/fr\/wp-json\/wp\/v2\/posts\/15479\/revisions"}],"wp:featuredmedia":[{"embeddable":true,"href":"https:\/\/www.europesays.com\/fr\/wp-json\/wp\/v2\/media\/15480"}],"wp:attachment":[{"href":"https:\/\/www.europesays.com\/fr\/wp-json\/wp\/v2\/media?parent=15479"}],"wp:term":[{"taxonomy":"category","embeddable":true,"href":"https:\/\/www.europesays.com\/fr\/wp-json\/wp\/v2\/categories?post=15479"},{"taxonomy":"post_tag","embeddable":true,"href":"https:\/\/www.europesays.com\/fr\/wp-json\/wp\/v2\/tags?post=15479"}],"curies":[{"name":"wp","href":"https:\/\/api.w.org\/{rel}","templated":true}]}}