{"id":154790,"date":"2025-06-05T20:22:13","date_gmt":"2025-06-05T20:22:13","guid":{"rendered":"https:\/\/www.europesays.com\/fr\/154790\/"},"modified":"2025-06-05T20:22:13","modified_gmt":"2025-06-05T20:22:13","slug":"jenifer-cree-la-surprise-avec-une-grande-annonce-son-nouveau-bebe-enfin-revele-au-public","status":"publish","type":"post","link":"https:\/\/www.europesays.com\/fr\/154790\/","title":{"rendered":"Jenifer cr\u00e9e la surprise avec une grande annonce, son nouveau \u00ab\u00a0b\u00e9b\u00e9\u00a0\u00bb enfin r\u00e9v\u00e9l\u00e9 au public"},"content":{"rendered":"<p>Jenifer a marqu\u00e9 toute une g\u00e9n\u00e9ration. Depuis plus de deux<br \/>\nd\u00e9cennies, la chanteuse continue de procurer des \u00e9motions avec sa<br \/>\nvoix envo\u00fbtante. Une carri\u00e8re exceptionnelle qui a commenc\u00e9 apr\u00e8s<br \/>\nle sacre de cette derni\u00e8re \u00e0 la premi\u00e8re saison de la Star Academy.<br \/>\nUne victoire qui a propuls\u00e9 Jenifer sous le devant de la sc\u00e8ne. Et<br \/>\navec des titres comme Au Soleil, Donne-moi le<br \/>\ntemps ou encore Ma R\u00e9volution, la chanteuse est<br \/>\nparvenue \u00e0 s\u00a0\u00bbimposer comme une artiste incontournable.<\/p>\n<p>Une relation incroyable avec les fans<\/p>\n<p>Jenifer continue d\u2019illuminer des visages avec ses musiques.<br \/>\nConsciente de l\u2019amour que lui portent ses fans, elle a tenu \u00e0 leur<br \/>\nfaire une tourn\u00e9e in\u00e9dite pour eux. En effet, depuis un moment, la<br \/>\nchanteuse monte sur les sc\u00e8nes de nombreuses villes fran\u00e7aises et<br \/>\nen Belgique pour sa tourn\u00e9e Juke Box Tour. Une exp\u00e9rience<br \/>\nexceptionnelle o\u00f9 <strong>c\u2019est le public qui choisit la<br \/>\nplaylist<\/strong>. D\u2019ailleurs, le 27 mai dernier, la compagne<br \/>\nd\u2019Ambroise Fieschi a pris le temps de remercier ses fans pour leur<br \/>\nsoutien inestimable.<\/p>\n<p>\u201cMes soleils ! <strong>Depuis plus de 20 ans, vous \u00eates l\u00e0.<br \/>\nPr\u00e9sents, fid\u00e8les, bienveillants<\/strong>. Vous avez chant\u00e9 avec<br \/>\nmoi, pleur\u00e9 parfois, ri souvent. Vous m\u2019avez port\u00e9 dans les moments<br \/>\nde doute et c\u00e9l\u00e9br\u00e9 dans les instants de lumi\u00e8re. Gr\u00e2ce \u00e0 vous,<br \/>\nchaque sc\u00e8ne a eu un go\u00fbt unique, chaque chanson une \u00e2me nouvelle.<br \/>\nJe n\u2019ai pas assez de mots pour dire merci. Merci d\u2019avoir grandi<br \/>\navec moi, d\u2019avoir transmis ma musique, de m\u2019avoir laiss\u00e9 une place<br \/>\ndans vos vies\u201d, avait-elle confi\u00e9 sur Instagram.<\/p>\n<p>Jenifer fait une grande annonce<\/p>\n<p>Le message de Jenifer a fait plaisir \u00e0 ses nombreux fans, mais a<br \/>\n\u00e9galement inqui\u00e9t\u00e9 certains. Apr\u00e8s une telle d\u00e9claration, ils<br \/>\n\u00e9taient nombreux \u00e0 redouter l\u2019arriv\u00e9e d\u2019une nouvelle concernant la<br \/>\nfin de la carri\u00e8re de la chanteuse. Mais \u00e7a n\u2019a pas \u00e9t\u00e9 le cas. Au<br \/>\ncontraire, <a href=\"https:\/\/www.melty.fr\/people\/a-42-ans-jenifer-annonce-une-decision-majeure-pour-la-suite-de-sa-carriere-je-nai-pas-assez-de-mots-2239307.html\" target=\"_blank\" rel=\"noopener\"><br \/>\nl\u2019actrice de 42 ans a d\u00e9voil\u00e9 la sortie prochaine d\u2019un nouvel<br \/>\nalbum<\/a>.<\/p>\n<p>En effet, l\u2019interpr\u00e8te de Ma R\u00e9volution a r\u00e9v\u00e9l\u00e9 qu\u2019elle<br \/>\npr\u00e9parait un nouvel opus. \u201c<strong>L\u2019histoire n\u2019est pas<br \/>\nfinie<\/strong>. J\u2019ai h\u00e2te de vous retrouver tr\u00e8s bient\u00f4t, avec des<br \/>\nchansons toutes neuves\u2026 ou presque;) tout plein d\u2019\u00e9motions \u00e0<br \/>\nrevivre ensemble\u201d, avait-elle r\u00e9v\u00e9l\u00e9 sur les r\u00e9seaux<br \/>\nsociaux.<\/p>\n<p>La chanteuse donne des d\u00e9tails sur son<br \/>\nnouveau \u201cb\u00e9b\u00e9<\/p>\n<p>Lors d\u2019un entretien avec Pure Charts, Jenifer a tenu \u00e0 revenir<br \/>\nsur le d\u00e9roulement de sa tourn\u00e9e. \u201c<strong>Contrairement aux<br \/>\nmauvaises langues, la tourn\u00e9e va bien, \u00e7a marche tr\u00e8s<br \/>\nbien<\/strong>. On a vendu moins de disques mais le march\u00e9 ne nous<br \/>\naide pas&#8230; Je suis contente de retrouver les gens, c&rsquo;est tellement<br \/>\nbon, tellement spontan\u00e9. On en a clairement besoin ! \u201d,<br \/>\navait-elle r\u00e9v\u00e9l\u00e9.<\/p>\n<p>Par la suite, <a href=\"https:\/\/www.melty.fr\/people\/jenifer-sans-filtre-sur-son-refus-de-representer-la-france-a-leurovision-je-suis-mega-traqueuse-2228896.html\" target=\"_blank\" rel=\"noopener\"><br \/>\ncelle qui a refus\u00e9 de repr\u00e9senter la France \u00e0 l&rsquo;Eurovision<\/a> n\u2019a<br \/>\npas cach\u00e9 son enthousiasme, notamment sur ce nouveau projet. Avant<br \/>\nd\u2019en dire un peu plus : \u201c<strong>C&rsquo;est un peu t\u00f4t pour en<br \/>\nparler, mais ce sera quelque chose d&rsquo;encore plus ancr\u00e9, plus<br \/>\nconcret, dans les textes.<\/strong> J&rsquo;ai envie de quelque chose qui<br \/>\nme raconte, et qui nous raconte d&rsquo;une certaine mani\u00e8re.\u201d Et de<br \/>\npoursuivre : \u201cJe vais me servir de ce qui se passe autour de<br \/>\nmoi. J&rsquo;ai envie d&rsquo;explorer certains sentiments et de les raconter<br \/>\nd&rsquo;une mani\u00e8re plus sans filtre.\u201d Une annonce qui a s\u00fbrement<br \/>\nravi ses nombreux fans.<\/p>\n","protected":false},"excerpt":{"rendered":"Jenifer a marqu\u00e9 toute une g\u00e9n\u00e9ration. Depuis plus de deux d\u00e9cennies, la chanteuse continue de procurer des \u00e9motions&hellip;\n","protected":false},"author":2,"featured_media":154791,"comment_status":"","ping_status":"","sticky":false,"template":"","format":"standard","meta":{"footnotes":""},"categories":[1355],"tags":[905,58,59,1011,27,11010,1361,873],"class_list":{"0":"post-154790","1":"post","2":"type-post","3":"status-publish","4":"format-standard","5":"has-post-thumbnail","7":"category-musique","8":"tag-a-la-une-melty","9":"tag-divertissement","10":"tag-entertainment","11":"tag-fr","12":"tag-france","13":"tag-jenifer-bartoli","14":"tag-music","15":"tag-musique"},"share_on_mastodon":{"url":"https:\/\/pubeurope.com\/@fr\/114632627022957707","error":""},"_links":{"self":[{"href":"https:\/\/www.europesays.com\/fr\/wp-json\/wp\/v2\/posts\/154790","targetHints":{"allow":["GET"]}}],"collection":[{"href":"https:\/\/www.europesays.com\/fr\/wp-json\/wp\/v2\/posts"}],"about":[{"href":"https:\/\/www.europesays.com\/fr\/wp-json\/wp\/v2\/types\/post"}],"author":[{"embeddable":true,"href":"https:\/\/www.europesays.com\/fr\/wp-json\/wp\/v2\/users\/2"}],"replies":[{"embeddable":true,"href":"https:\/\/www.europesays.com\/fr\/wp-json\/wp\/v2\/comments?post=154790"}],"version-history":[{"count":0,"href":"https:\/\/www.europesays.com\/fr\/wp-json\/wp\/v2\/posts\/154790\/revisions"}],"wp:featuredmedia":[{"embeddable":true,"href":"https:\/\/www.europesays.com\/fr\/wp-json\/wp\/v2\/media\/154791"}],"wp:attachment":[{"href":"https:\/\/www.europesays.com\/fr\/wp-json\/wp\/v2\/media?parent=154790"}],"wp:term":[{"taxonomy":"category","embeddable":true,"href":"https:\/\/www.europesays.com\/fr\/wp-json\/wp\/v2\/categories?post=154790"},{"taxonomy":"post_tag","embeddable":true,"href":"https:\/\/www.europesays.com\/fr\/wp-json\/wp\/v2\/tags?post=154790"}],"curies":[{"name":"wp","href":"https:\/\/api.w.org\/{rel}","templated":true}]}}