{"id":15481,"date":"2025-04-10T17:13:11","date_gmt":"2025-04-10T17:13:11","guid":{"rendered":"https:\/\/www.europesays.com\/fr\/15481\/"},"modified":"2025-04-10T17:13:11","modified_gmt":"2025-04-10T17:13:11","slug":"le-retrait-de-pays-de-lue-du-traite-contre-les-mines-terrestres-suscite-la-controverse","status":"publish","type":"post","link":"https:\/\/www.europesays.com\/fr\/15481\/","title":{"rendered":"Le retrait de pays de l&rsquo;UE du trait\u00e9 contre les mines terrestres suscite la controverse"},"content":{"rendered":"<p><img decoding=\"async\" class=\"c-ad__placeholder__logo\" src=\"https:\/\/www.europesays.com\/fr\/wp-content\/uploads\/2025\/03\/logo-euronews-grey-6-180x22.svg.svg+xml\" width=\"180\" height=\"22\" alt=\"\" loading=\"lazy\"\/>PUBLICIT\u00c9<\/p>\n<p>La guerre men\u00e9e par la Russie contre l&rsquo;Ukraine a conduit certains pays de l&rsquo;UE \u00e0 <strong>r\u00e9\u00e9valuer l&rsquo;utilisation des mines antipersonnel<\/strong>, ce qui ouvre la perspective de leur r\u00e9introduction en Europe apr\u00e8s une longue p\u00e9riode d&rsquo;interdiction en vertu de la <a href=\"https:\/\/disarmament.unoda.org\/fr\/le-desarmement-a-geneve\/convention-sur-les-mines-anti-personnel\/\" target=\"_blank\" rel=\"noreferrer noopener\">convention sur l&rsquo;interdiction des mines antipersonnel<\/a>.<\/p>\n<p>L&rsquo;Estonie, la Finlande, la Lettonie, la Lituanie et la Pologne ont r\u00e9cemment annonc\u00e9 leur intention de se <strong>retirer de ce trait\u00e9<\/strong>, qui interdit l&rsquo;utilisation, le stockage, la production et le transfert de mines antipersonnel.<\/p>\n<p><img decoding=\"async\" src=\"https:\/\/www.europesays.com\/fr\/wp-content\/uploads\/2025\/03\/icon-cross-10x10-grey-6.svg.svg+xml\" width=\"10\" height=\"10\" alt=\"Close advertising\" fetchpriority=\"high\" loading=\"lazy\"\/><\/p>\n<p>Le trait\u00e9 a \u00e9t\u00e9 adopt\u00e9 en 1997. Depuis, 164 \u00c9tats l&rsquo;ont sign\u00e9, dont tous les \u00c9tats membres de l&rsquo;UE ainsi que la plupart des pays d&rsquo;Afrique, d&rsquo;Asie et d&rsquo;Am\u00e9rique.<\/p>\n<p>Les 33 \u00c9tats non signataires sont la Chine, l&rsquo;Inde, l&rsquo;Iran, Isra\u00ebl, la Cor\u00e9e du Nord, la Russie, la Cor\u00e9e du Sud et les \u00c9tats-Unis, ainsi que plusieurs pays arabes.<\/p>\n<p>Les mines antipersonnel ont \u00e9t\u00e9 largement utilis\u00e9es dans le monde en 2024, selon le <strong>rapport Landmine Monitor 2024,<\/strong> publi\u00e9 par la Campagne internationale pour l&rsquo;interdiction des mines antipersonnel &#8211; Coalition contre les armes \u00e0 sous-munitions (ICBL-CMC).<\/p>\n<p>Dans certains cas, les arm\u00e9es nationales ou les <strong>forces gouvernementales<\/strong> les ont utilis\u00e9es, comme au Myanmar, qui les a d\u00e9ploy\u00e9es depuis au moins 1999, et la Russie en a fait un usage intensif lors de son invasion de l&rsquo;Ukraine, faisant de ce pays le<a href=\"https:\/\/fr.euronews.com\/my-europe\/2024\/10\/10\/combien-de-temps-faudra-t-il-pour-deminer-lukraine-le-plus-grand-champ-de-mines-du-monde\" target=\"_blank\" rel=\"noopener\"><a href=\"https:\/\/fr.euronews.com\/my-europe\/2024\/10\/10\/combien-de-temps-faudra-t-il-pour-deminer-lukraine-le-plus-grand-champ-de-mines-du-monde\" target=\"_blank\" rel=\"noopener\">plus lourdement min\u00e9<\/a> au monde.<\/p>\n<p>Les mines antipersonnel sont \u00e9galement souvent utilis\u00e9es par des <strong>groupes arm\u00e9s non \u00e9tatiques<\/strong>. C&rsquo;\u00e9tait le cas en 2024 en Colombie, \u00e0 Gaza, en Inde, au Myanmar et au Pakistan, et probablement aussi au B\u00e9nin, au Burkina Faso, au Cameroun, en R\u00e9publique d\u00e9mocratique du Congo, au Mali, au Niger et au Nigeria, selon le rapport. Au moins 58 pays dans le monde sont actuellement contamin\u00e9s par des mines antipersonnel.<\/p>\n<p><strong>Une \u00ab\u00a0arme du pass\u00e9\u00a0\u00bb<\/strong><\/p>\n<p>\u00ab\u00a0Nous savons que plus de 80 % des victimes des mines antipersonnel sont des civils et surtout des enfants\u00a0\u00bb, a d\u00e9clar\u00e9 Gilles Carbonnier, vice-pr\u00e9sident du Comit\u00e9 international de la Croix-Rouge, \u00e0 Euronews.<\/p>\n<p>Il consid\u00e8re les mines antipersonnel comme des \u00ab\u00a0armes du pass\u00e9\u00a0\u00bb, car elles tuent et mutilent principalement des civils et ont <strong>peu d&rsquo;efficacit\u00e9 militaire<\/strong>.<\/p>\n<p>\u00ab\u00a0Premi\u00e8rement, elles nuisent souvent au propre camp de l&rsquo;arm\u00e9e, \u00e0 ses propres soldats ou aux forces amies. Deuxi\u00e8mement, le d\u00e9minage est extr\u00eamement co\u00fbteux et prend beaucoup de temps\u00a0\u00bb, a-t-il d\u00e9clar\u00e9, ajoutant que la <strong>Croatie n&rsquo;a pas encore d\u00e9min\u00e9<\/strong> les derni\u00e8res mines restantes des guerres yougoslaves d&rsquo;il y a 35 ans.<\/p>\n<p>Selon l&rsquo;Observatoire des mines 2024, les mines antipersonnel ont fait <strong>833 victimes en 2023<\/strong>, le nombre annuel le plus \u00e9lev\u00e9 enregistr\u00e9 depuis 2011.<\/p>\n<p>Mais au-del\u00e0 des d\u00e9c\u00e8s, les mines antipersonnel laissent derri\u00e8re elles une longue tra\u00een\u00e9e de <strong>bless\u00e9s et de mutil\u00e9s<\/strong>, selon l&rsquo;eurod\u00e9put\u00e9e socialiste italienne Cecilia Strada, ancienne pr\u00e9sidente de l&rsquo;ONG Emergency, fond\u00e9e par son p\u00e8re en 1994.<\/p>\n<p>\u00ab\u00a0J&rsquo;ai vu la premi\u00e8re personne bless\u00e9e par une mine terrestre \u00e0 l&rsquo;\u00e2ge de neuf ans. Ensuite, j&rsquo;en ai compt\u00e9 des centaines\u00a0\u00bb, a-t-elle d\u00e9clar\u00e9 \u00e0 Euronews, rappelant ses exp\u00e9riences pass\u00e9es en Afghanistan, au Pakistan, en Sierra Leone et au Cambodge.<\/p>\n<p>Les <strong>civils sont les principales victimes<\/strong> (84 % de toutes les victimes recens\u00e9es, selon les statistiques) car les mines restent sur place longtemps apr\u00e8s la fin des conflits. \u00ab\u00a0En Afghanistan, j&rsquo;ai vu des enfants marcher sur des mines terrestres pos\u00e9es par des Russes qui avaient quitt\u00e9 le pays 15 ans auparavant\u00a0\u00bb, raconte l&rsquo;eurod\u00e9put\u00e9e.<\/p>\n<p>D&rsquo;apr\u00e8s son exp\u00e9rience, les femmes et les enfants sont les plus touch\u00e9s. \u00ab\u00a0Que se passe-t-il dans une \u00e9conomie de guerre ou d&rsquo;apr\u00e8s-guerre ? Les hommes sont au front ou bless\u00e9s, et ils ne peuvent plus ramener le pain \u00e0 la maison. Alors les femmes et les enfants font pa\u00eetre les moutons, puisent l&rsquo;eau dans les rivi\u00e8res, cultivent la terre et vont chercher les m\u00e9taux.\u00a0\u00bb<\/p>\n<p><img decoding=\"async\" class=\"c-ad__placeholder__logo\" src=\"https:\/\/www.europesays.com\/fr\/wp-content\/uploads\/2025\/03\/logo-euronews-grey-6-180x22.svg.svg+xml\" width=\"180\" height=\"22\" alt=\"\" loading=\"lazy\"\/>PUBLICIT\u00c9<\/p>\n<p>\u00ab\u00a0L&rsquo;interdiction des mines antipersonnel est une \u00e9vidence\u00a0\u00bb, affirme-t-elle en rappelant le droit communautaire et les <strong>conventions de Gen\u00e8ve<\/strong> sur le droit humanitaire. \u00ab\u00a0Mais aujourd&rsquo;hui, en Europe, nous sommes sur une pente glissante.\u00a0\u00bb<\/p>\n<p><strong>Les projets des pays de l&rsquo;UE<\/strong><\/p>\n<p>Les ministres de la D\u00e9fense de l&rsquo;Estonie, de la Lettonie, de la Lituanie et de la Pologne ont publi\u00e9 une d\u00e9claration commune pour expliquer leur <strong>recommandation de se retirer<\/strong> de la Convention d&rsquo;Ottawa, citant une \u00ab\u00a0situation de s\u00e9curit\u00e9 fondamentalement d\u00e9t\u00e9rior\u00e9e\u00a0\u00bb dans la r\u00e9gion balte.<\/p>\n<p>Contact\u00e9 par Euronews, le minist\u00e8re estonien de la D\u00e9fense a d\u00e9clar\u00e9 qu'\u00a0\u00bbil n&rsquo;y a actuellement aucun projet de d\u00e9veloppement, de stockage ou d&rsquo;utilisation de mines antipersonnel\u00a0\u00bb. Cependant, avec cette d\u00e9cision, les <strong>quatre pays baltes<\/strong> envoient un message clair, comme ils l&rsquo;\u00e9crivent dans la d\u00e9claration : \u00ab\u00a0Nos pays sont pr\u00eats et peuvent utiliser toutes les mesures n\u00e9cessaires pour d\u00e9fendre leur territoire et leur libert\u00e9\u00a0\u00bb.<\/p>\n<p>Le ministre finlandais de la D\u00e9fense a \u00e9galement expliqu\u00e9 cette d\u00e9cision en d\u00e9clarant : \u00ab\u00a0Le retrait de la Convention d&rsquo;Ottawa nous donnera la possibilit\u00e9 de nous pr\u00e9parer aux changements de l&rsquo;environnement de s\u00e9curit\u00e9 d&rsquo;une mani\u00e8re plus polyvalente.\u00a0\u00bb<\/p>\n<p><img decoding=\"async\" class=\"c-ad__placeholder__logo\" src=\"https:\/\/www.europesays.com\/fr\/wp-content\/uploads\/2025\/03\/logo-euronews-grey-6-180x22.svg.svg+xml\" width=\"180\" height=\"22\" alt=\"\" loading=\"lazy\"\/>PUBLICIT\u00c9<\/p>\n<p>Le gouvernement letton a \u00e9t\u00e9 encore plus franc dans sa r\u00e9ponse \u00e0 Euronews : \u00ab\u00a0La guerre en Ukraine a montr\u00e9 que les mines antipersonnel non guid\u00e9es, en combinaison avec d&rsquo;autres mines et syst\u00e8mes d&rsquo;armes, augmentent la l\u00e9talit\u00e9 des forces de d\u00e9fense en retardant ou en arr\u00eatant les mouvements de masse de l&rsquo;arm\u00e9e russe\u00a0\u00bb.<\/p>\n<p>Le Parlement letton prendra la d\u00e9cision finale sur le retrait du pays de la Convention d&rsquo;Ottawa et la Lettonie ne <strong>pr\u00e9voit pas actuellement de produire ou de transf\u00e9rer<\/strong> des mines antipersonnel non guid\u00e9es vers l&rsquo;Ukraine.<\/p>\n<p>En revanche, l&rsquo;utilisation de mines terrestres n&rsquo;est pas exclue : \u00ab\u00a0Selon nous, les mines antipersonnel peuvent \u00eatre utilis\u00e9es pour disperser les forces ennemies ou pour les canaliser et les diriger afin de priver l&rsquo;ennemi d&rsquo;un terrain qui ne peut pas \u00eatre suffisamment d\u00e9fendu\u00a0\u00bb, peut-on lire dans la d\u00e9claration du gouvernement \u00e0 Euronews.<\/p>\n<p>Les institutions de l&rsquo;Union europ\u00e9enne s&rsquo;alignent largement sur ces plans, bien que la position de l&rsquo;UE sur le sujet soit tr\u00e8s claire : \u00ab\u00a0Tout emploi de mines antipersonnel en tout lieu, \u00e0 tout moment et par tout acteur reste totalement inacceptable\u00a0\u00bb, peut-on lire dans le <a href=\"https:\/\/eur-lex.europa.eu\/legal-content\/FR\/TXT\/PDF\/?uri=CELEX:32021D0257\" target=\"_blank\" rel=\"noreferrer noopener\">document<\/a> officiel sur l&rsquo;interdiction des mines antipersonnel, adopt\u00e9 en 2024.<\/p>\n<p><img decoding=\"async\" class=\"c-ad__placeholder__logo\" src=\"https:\/\/www.europesays.com\/fr\/wp-content\/uploads\/2025\/03\/logo-euronews-grey-6-180x22.svg.svg+xml\" width=\"180\" height=\"22\" alt=\"\" loading=\"lazy\"\/>PUBLICIT\u00c9<\/p>\n<p>Interrog\u00e9e par Euronews lors d&rsquo;un point presse, la Commission europ\u00e9enne <a href=\"https:\/\/audiovisual.ec.europa.eu\/fr\/video\/I-270379\" target=\"_blank\" rel=\"noreferrer noopener\">s&rsquo;est gard\u00e9e de<\/a><a href=\"https:\/\/audiovisual.ec.europa.eu\/en\/video\/I-270379\" target=\"_blank\" rel=\"noreferrer noopener\">condamner les d\u00e9cisions des cinq Etats membres baltes.<\/p>\n<p>\u00ab\u00a0Nous avons contribu\u00e9 \u00e0 hauteur de plus de 174 millions depuis 2023 \u00e0 l&rsquo;action humanitaire contre les mines, dont 97 millions d&rsquo;euros sp\u00e9cifiquement pour le d\u00e9minage\u00a0\u00bb, a rappel\u00e9 Anouar El Anouni, porte-parole de la Commission, sans commenter les plans de retrait.<\/p>\n<p>Le sujet a \u00e9t\u00e9 <strong>inclus dans le rapport annuel du Parlement europ\u00e9en<\/strong> sur la \u00ab\u00a0mise en \u0153uvre de la politique de s\u00e9curit\u00e9 et de d\u00e9fense commune\u00a0\u00bb, vot\u00e9 en avril \u00e0 Strasbourg.<\/p>\n<p>Un amendement qui \u00ab\u00a0condamne fermement l&rsquo;intention de certains Etats membres de se retirer de la Convention de 1997\u00a0\u00bb a \u00e9t\u00e9 <strong>rejet\u00e9 \u00e0 main lev\u00e9e<\/strong>. Une autre motion, d\u00e9pos\u00e9e par le Parti populaire europ\u00e9en et approuv\u00e9e par 431 voix, justifie essentiellement les mesures prises par les pays baltes et en impute la responsabilit\u00e9 \u00e0 la Russie.<\/p>\n<p><img decoding=\"async\" class=\"c-ad__placeholder__logo\" src=\"https:\/\/www.europesays.com\/fr\/wp-content\/uploads\/2025\/03\/logo-euronews-grey-6-180x22.svg.svg+xml\" width=\"180\" height=\"22\" alt=\"\" loading=\"lazy\"\/>PUBLICIT\u00c9<\/p>\n<p>Mais les menaces russes ne justifient pas que les pays de l&rsquo;UE r\u00e9pondent en nature, a d\u00e9clar\u00e9 Gilles Carbonnier \u00e0 Euronews.<\/p>\n<p>\u00ab\u00a0Le droit international humanitaire et les trait\u00e9s de d\u00e9sarmement humanitaire s&rsquo;appliquent pr\u00e9cis\u00e9ment dans des circonstances exceptionnelles de conflit arm\u00e9, dans les pires circonstances. Et le droit international humanitaire ne repose pas sur la r\u00e9ciprocit\u00e9, car cela d\u00e9clencherait une spirale descendante\u00a0\u00bb, a-t-il d\u00e9clar\u00e9.<\/p>\n<p>De telles mesures prises par les pays de l&rsquo;UE pourraient <strong>provoquer un effet domino<\/strong>, a-t-il affirm\u00e9, en envoyant un \u00ab\u00a0signal n\u00e9gatif\u00a0\u00bb aux pays du monde entier qui sont en situation de conflit arm\u00e9 mais qui adh\u00e8rent toujours \u00e0 la convention.<\/p>\n<p>\u00ab\u00a0Ils pourraient dire : \u00ab\u00a0Pourquoi devrions-nous continuer \u00e0 adh\u00e9rer \u00e0 ce trait\u00e9 ?\u00a0\u00bb.\u00a0\u00bb<\/p>\n<p><img decoding=\"async\" class=\"c-ad__placeholder__logo\" src=\"https:\/\/www.europesays.com\/fr\/wp-content\/uploads\/2025\/03\/logo-euronews-grey-6-180x22.svg.svg+xml\" width=\"180\" height=\"22\" alt=\"\" loading=\"lazy\"\/>PUBLICIT\u00c9<\/p>\n","protected":false},"excerpt":{"rendered":"PUBLICIT\u00c9 La guerre men\u00e9e par la Russie contre l&rsquo;Ukraine a conduit certains pays de l&rsquo;UE \u00e0 r\u00e9\u00e9valuer l&rsquo;utilisation&hellip;\n","protected":false},"author":2,"featured_media":15482,"comment_status":"","ping_status":"","sticky":false,"template":"","format":"standard","meta":{"footnotes":""},"categories":[1586],"tags":[11,6491,6492,1777,674,1779,1011,27,12,25,1778,364],"class_list":{"0":"post-15481","1":"post","2":"type-post","3":"status-publish","4":"format-standard","5":"has-post-thumbnail","7":"category-europe","8":"tag-actualites","9":"tag-course-aux-armements","10":"tag-droits-de-lhomme","11":"tag-eu","12":"tag-europe","13":"tag-european-union","14":"tag-fr","15":"tag-france","16":"tag-news","17":"tag-republique-francaise","18":"tag-ue","19":"tag-union-europeenne"},"share_on_mastodon":{"url":"https:\/\/pubeurope.com\/@fr\/114314792528435057","error":""},"_links":{"self":[{"href":"https:\/\/www.europesays.com\/fr\/wp-json\/wp\/v2\/posts\/15481","targetHints":{"allow":["GET"]}}],"collection":[{"href":"https:\/\/www.europesays.com\/fr\/wp-json\/wp\/v2\/posts"}],"about":[{"href":"https:\/\/www.europesays.com\/fr\/wp-json\/wp\/v2\/types\/post"}],"author":[{"embeddable":true,"href":"https:\/\/www.europesays.com\/fr\/wp-json\/wp\/v2\/users\/2"}],"replies":[{"embeddable":true,"href":"https:\/\/www.europesays.com\/fr\/wp-json\/wp\/v2\/comments?post=15481"}],"version-history":[{"count":0,"href":"https:\/\/www.europesays.com\/fr\/wp-json\/wp\/v2\/posts\/15481\/revisions"}],"wp:featuredmedia":[{"embeddable":true,"href":"https:\/\/www.europesays.com\/fr\/wp-json\/wp\/v2\/media\/15482"}],"wp:attachment":[{"href":"https:\/\/www.europesays.com\/fr\/wp-json\/wp\/v2\/media?parent=15481"}],"wp:term":[{"taxonomy":"category","embeddable":true,"href":"https:\/\/www.europesays.com\/fr\/wp-json\/wp\/v2\/categories?post=15481"},{"taxonomy":"post_tag","embeddable":true,"href":"https:\/\/www.europesays.com\/fr\/wp-json\/wp\/v2\/tags?post=15481"}],"curies":[{"name":"wp","href":"https:\/\/api.w.org\/{rel}","templated":true}]}}