{"id":154810,"date":"2025-06-05T20:32:25","date_gmt":"2025-06-05T20:32:25","guid":{"rendered":"https:\/\/www.europesays.com\/fr\/154810\/"},"modified":"2025-06-05T20:32:25","modified_gmt":"2025-06-05T20:32:25","slug":"bruyante-au-commissariat-les-fonctionnaires-lui-demandent-de-se-calmer-la-quadragenaire-degoupille","status":"publish","type":"post","link":"https:\/\/www.europesays.com\/fr\/154810\/","title":{"rendered":"bruyante au commissariat, les fonctionnaires lui demandent de se calmer, la quadrag\u00e9naire d\u00e9goupille"},"content":{"rendered":"\n<p>Les faits remontent \u00e0 mardi. Une femme de 44 ans se trouve \u00e0 l&rsquo;accueil du commissariat cours Fauriel et commence \u00e0 insulter bruyamment une autre personne au t\u00e9l\u00e9phone. Les agents d&rsquo;accueil lui demandent alors de baisser le ton. C&rsquo;est tout le contraire qui se produit.<\/p>\n<p>La quadrag\u00e9naire se met alors \u00e0 insulter les policiers avant de s&rsquo;en prendre \u00e0 certains fonctionnaires. Il faudra plusieurs policiers pour la canaliser. L&rsquo;un d&rsquo;eux se verra prescrire une ITT de 5 jours.<\/p>\n<p>Plac\u00e9e en garde \u00e0 vue, la femme belliqueuse sera convoqu\u00e9e prochainement devant la justice pour outrage et r\u00e9bellion.<\/p>\n","protected":false},"excerpt":{"rendered":"Les faits remontent \u00e0 mardi. Une femme de 44 ans se trouve \u00e0 l&rsquo;accueil du commissariat cours Fauriel&hellip;\n","protected":false},"author":2,"featured_media":154811,"comment_status":"","ping_status":"","sticky":false,"template":"","format":"standard","meta":{"footnotes":""},"categories":[9653],"tags":[1111,11,2430,1777,674,6017,1294,1011,27,28485,3367,12,1072,25,4001],"class_list":{"0":"post-154810","1":"post","2":"type-post","3":"status-publish","4":"format-standard","5":"has-post-thumbnail","7":"category-saint-etienne","8":"tag-actu","9":"tag-actualites","10":"tag-auvergne-rhone-alpes","11":"tag-eu","12":"tag-europe","13":"tag-fait-divers","14":"tag-femme","15":"tag-fr","16":"tag-france","17":"tag-garde_a_vue","18":"tag-loire","19":"tag-news","20":"tag-police","21":"tag-republique-francaise","22":"tag-saint-etienne"},"share_on_mastodon":{"url":"https:\/\/pubeurope.com\/@fr\/114632664256650571","error":""},"_links":{"self":[{"href":"https:\/\/www.europesays.com\/fr\/wp-json\/wp\/v2\/posts\/154810","targetHints":{"allow":["GET"]}}],"collection":[{"href":"https:\/\/www.europesays.com\/fr\/wp-json\/wp\/v2\/posts"}],"about":[{"href":"https:\/\/www.europesays.com\/fr\/wp-json\/wp\/v2\/types\/post"}],"author":[{"embeddable":true,"href":"https:\/\/www.europesays.com\/fr\/wp-json\/wp\/v2\/users\/2"}],"replies":[{"embeddable":true,"href":"https:\/\/www.europesays.com\/fr\/wp-json\/wp\/v2\/comments?post=154810"}],"version-history":[{"count":0,"href":"https:\/\/www.europesays.com\/fr\/wp-json\/wp\/v2\/posts\/154810\/revisions"}],"wp:featuredmedia":[{"embeddable":true,"href":"https:\/\/www.europesays.com\/fr\/wp-json\/wp\/v2\/media\/154811"}],"wp:attachment":[{"href":"https:\/\/www.europesays.com\/fr\/wp-json\/wp\/v2\/media?parent=154810"}],"wp:term":[{"taxonomy":"category","embeddable":true,"href":"https:\/\/www.europesays.com\/fr\/wp-json\/wp\/v2\/categories?post=154810"},{"taxonomy":"post_tag","embeddable":true,"href":"https:\/\/www.europesays.com\/fr\/wp-json\/wp\/v2\/tags?post=154810"}],"curies":[{"name":"wp","href":"https:\/\/api.w.org\/{rel}","templated":true}]}}