{"id":154814,"date":"2025-06-05T20:34:18","date_gmt":"2025-06-05T20:34:18","guid":{"rendered":"https:\/\/www.europesays.com\/fr\/154814\/"},"modified":"2025-06-05T20:34:18","modified_gmt":"2025-06-05T20:34:18","slug":"sandrans-le-club-loisirs-et-rencontres-toujours-en-marche","status":"publish","type":"post","link":"https:\/\/www.europesays.com\/fr\/154814\/","title":{"rendered":"Sandrans. Le club Loisirs et rencontres toujours en marche"},"content":{"rendered":"<p>Mardi 3\u00a0juin, le club de Loisirs et rencontres a invit\u00e9 ses amis marcheurs du club des A\u00een\u00e9s de Buellas pour une journ\u00e9e marche et pique-nique. Les promeneurs du matin, au nombre de 17, entre averses et \u00e9claircies ont parcouru 9\u00a0km, avant un pique-nique \u00e0 la salle des f\u00eates, o\u00f9 ils se sont retrouv\u00e9s \u00e0 42. Apr\u00e8s le repas ce sont les cartes qui sont entr\u00e9es en jeu. Les deux clubs qui se retrouvent pour de nombreux \u00e9changes depuis 2014, finiront leur saison ensemble le jeudi 26\u00a0juin autour d\u2019un poulet de Bresse \u00e0 la broche chez Chatard \u00e0 la Ferme du bon Repos.<\/p>\n","protected":false},"excerpt":{"rendered":"Mardi 3\u00a0juin, le club de Loisirs et rencontres a invit\u00e9 ses amis marcheurs du club des A\u00een\u00e9s de&hellip;\n","protected":false},"author":2,"featured_media":154815,"comment_status":"","ping_status":"","sticky":false,"template":"","format":"standard","meta":{"footnotes":""},"categories":[9635],"tags":[1111,11,7782,28487,1687,6751,1777,674,1011,27,775,1702,12,25,28486,104,1631],"class_list":{"0":"post-154814","1":"post","2":"type-post","3":"status-publish","4":"format-standard","5":"has-post-thumbnail","7":"category-nancy","8":"tag-actu","9":"tag-actualites","10":"tag-balades-et-randonnees","11":"tag-chatillon-sur-chalaronne-bassin","12":"tag-culture-loisirs","13":"tag-edition-ain-ouest","14":"tag-eu","15":"tag-europe","16":"tag-fr","17":"tag-france","18":"tag-grand-est","19":"tag-nancy","20":"tag-news","21":"tag-republique-francaise","22":"tag-sandrans","23":"tag-societe","24":"tag-vie-associative"},"share_on_mastodon":{"url":"https:\/\/pubeurope.com\/@fr\/114632672274458646","error":""},"_links":{"self":[{"href":"https:\/\/www.europesays.com\/fr\/wp-json\/wp\/v2\/posts\/154814","targetHints":{"allow":["GET"]}}],"collection":[{"href":"https:\/\/www.europesays.com\/fr\/wp-json\/wp\/v2\/posts"}],"about":[{"href":"https:\/\/www.europesays.com\/fr\/wp-json\/wp\/v2\/types\/post"}],"author":[{"embeddable":true,"href":"https:\/\/www.europesays.com\/fr\/wp-json\/wp\/v2\/users\/2"}],"replies":[{"embeddable":true,"href":"https:\/\/www.europesays.com\/fr\/wp-json\/wp\/v2\/comments?post=154814"}],"version-history":[{"count":0,"href":"https:\/\/www.europesays.com\/fr\/wp-json\/wp\/v2\/posts\/154814\/revisions"}],"wp:featuredmedia":[{"embeddable":true,"href":"https:\/\/www.europesays.com\/fr\/wp-json\/wp\/v2\/media\/154815"}],"wp:attachment":[{"href":"https:\/\/www.europesays.com\/fr\/wp-json\/wp\/v2\/media?parent=154814"}],"wp:term":[{"taxonomy":"category","embeddable":true,"href":"https:\/\/www.europesays.com\/fr\/wp-json\/wp\/v2\/categories?post=154814"},{"taxonomy":"post_tag","embeddable":true,"href":"https:\/\/www.europesays.com\/fr\/wp-json\/wp\/v2\/tags?post=154814"}],"curies":[{"name":"wp","href":"https:\/\/api.w.org\/{rel}","templated":true}]}}