{"id":154816,"date":"2025-06-05T20:35:34","date_gmt":"2025-06-05T20:35:34","guid":{"rendered":"https:\/\/www.europesays.com\/fr\/154816\/"},"modified":"2025-06-05T20:35:34","modified_gmt":"2025-06-05T20:35:34","slug":"en-visite-a-nancy-aurore-berge-lance-un-nouveau-dispositif-pour-aider-les-victimes","status":"publish","type":"post","link":"https:\/\/www.europesays.com\/fr\/154816\/","title":{"rendered":"en visite \u00e0 Nancy, Aurore Berg\u00e9 lance un nouveau dispositif pour aider les victimes"},"content":{"rendered":"<p>            Par<br \/>\n        <strong><br \/>\n            <a href=\"https:\/\/actu.fr\/auteur\/pierre-emile-bouchy-actu-fr\" title=\"Consulter tous les articles de Paul-Emile Bouchy\" target=\"_blank\" rel=\"noopener\">Paul-Emile Bouchy<\/a><br \/>\n        <\/strong><\/p>\n<p>        Publi\u00e9 le<\/p>\n<p>            5 juin 2025 \u00e0 19h37        <\/p>\n<p>Depuis fin 2024, <a href=\"https:\/\/actu.fr\/grand-est\/nancy_54395\/violences-sexuelles-c-est-quoi-la-maison-de-la-resilience-qui-a-ouvert-a-nancy_62611340.html\" target=\"_blank\" rel=\"noopener\">la Maison de la R\u00e9silience<\/a> a ouvert au sein du <a href=\"https:\/\/actu.fr\/tag\/chru-de-nancy\" target=\"_blank\" rel=\"noopener\">CHRU de Nancy<\/a> (Meurthe-et-Moselle). Accueillant plus de 130\u00a0personnes par semaine, ce lieu permet d\u2019accompagner les victimes de <a href=\"https:\/\/actu.fr\/tag\/violences-sexuelles\" target=\"_blank\" rel=\"noopener\">violences sexuelles<\/a> \u00e0 se reconstruire gr\u00e2ce \u00e0 des professionnels.<\/p>\n<p class=\" wall-content\">Jeudi 5\u00a0juin 2025, <strong>un nouveau dispositif y a \u00e9t\u00e9 lanc\u00e9 pour aider davantage les victimes<\/strong> en pr\u00e9sence d\u2019<a href=\"https:\/\/actu.fr\/tag\/aurore-berge\" target=\"_blank\" rel=\"noopener\">Aurore Berg\u00e9<\/a>, ministre de l\u2019\u00c9galit\u00e9 entre les femmes et les hommes et de la lutte contre les discriminations.<\/p>\n<p>D\u00e9poser plainte directement depuis l\u2019h\u00f4pital<\/p>\n<p class=\" wall-content\">Auparavant, les victimes devaient se rendre \u00e0 la police ou \u00e0 la gendarmerie pour porter plainte contre leurs agresseurs. D\u00e9sormais, avec la signature de cette convention, <strong>elles pourront le faire directement depuis le CHRU de Nancy<\/strong>.<\/p>\n<p class=\" wall-content\">\u00ab\u2009Demain, dans tous les services, ici, au sein de l\u2019h\u00f4pital, les femmes victimes de violences mais aussi les enfants ou les hommes qui pourraient \u00eatre victimes, pourront imm\u00e9diatement porter plainte sur place. <strong>Police et gendarmerie seront activ\u00e9es pour venir ici et recueillir la parole et la plainte<\/strong>\u2009\u00bb, explique Aurore Berg\u00e9.<\/p>\n<p>D\u2019autres maisons de la R\u00e9silience en France\u2009?<\/p>\n<p class=\" wall-content\">Cette mesure va permettre d\u2019aller en direction des victimes. \u00ab\u2009Elles venaient \u00e0 l\u2019h\u00f4pital, on constatait qu\u2019elles avaient subi des violences et on leur disait d\u2019aller au commissariat. <strong>Et il se passait quoi dans l\u2019intervalle\u2009? Elles repartaient, seules, chez elles, et renon\u00e7aient \u00e0 porter plainte<\/strong>\u2009\u00bb, ajoute la ministre.<\/p>\n<p>Vid\u00e9os : en ce moment sur Actu<\/p>\n<p class=\" wall-content\">La Maison de la R\u00e9silience demeure unique en France. \u00ab\u2009On a ce lieu exceptionnel que j\u2019ai visit\u00e9. Encore aujourd\u2019hui, on consid\u00e8re les victimes comme finalement presque d\u00e9ficientes, comme si le traumatisme des violences sexuelles, g\u00e9n\u00e9r\u00e9e chez elles, leur \u00e9tait oppos\u00e9, comme si elles \u00e9taient le probl\u00e8me [\u2026] <strong>L\u2019\u00c9tat a le devoir de multiplier ces projets<\/strong>\u2009\u00bb, conclut-elle.<\/p>\n<p class=\" wall-content\">Suivez toute l\u2019actualit\u00e9 de vos villes et m\u00e9dias favoris en vous inscrivant \u00e0 <a href=\"https:\/\/moncompte.actu.fr\" title=\"D\u00e9couvez Mon Actu\" rel=\"nofollow noopener\" data-trk=\"{&quot;cta&quot;:{&quot;action&quot;:&quot;https:\\\/\\\/moncompte.actu.fr&quot;,&quot;category&quot;:&quot;mon compte&quot;,&quot;from&quot;:&quot;article footer&quot;,&quot;name&quot;:&quot;Mon actu&quot;,&quot;type&quot;:&quot;cta&quot;}}\" target=\"_blank\">Mon Actu<\/a>.<\/p>\n","protected":false},"excerpt":{"rendered":"Par Paul-Emile Bouchy Publi\u00e9 le 5 juin 2025 \u00e0 19h37 Depuis fin 2024, la Maison de la R\u00e9silience&hellip;\n","protected":false},"author":2,"featured_media":154817,"comment_status":"","ping_status":"","sticky":false,"template":"","format":"standard","meta":{"footnotes":""},"categories":[9635],"tags":[1111,11,9573,12765,1777,674,1011,27,775,1702,12,25,104,799],"class_list":{"0":"post-154816","1":"post","2":"type-post","3":"status-publish","4":"format-standard","5":"has-post-thumbnail","7":"category-nancy","8":"tag-actu","9":"tag-actualites","10":"tag-aurore-berge","11":"tag-chru-de-nancy","12":"tag-eu","13":"tag-europe","14":"tag-fr","15":"tag-france","16":"tag-grand-est","17":"tag-nancy","18":"tag-news","19":"tag-republique-francaise","20":"tag-societe","21":"tag-violences-sexuelles"},"share_on_mastodon":{"url":"https:\/\/pubeurope.com\/@fr\/114632676107294915","error":""},"_links":{"self":[{"href":"https:\/\/www.europesays.com\/fr\/wp-json\/wp\/v2\/posts\/154816","targetHints":{"allow":["GET"]}}],"collection":[{"href":"https:\/\/www.europesays.com\/fr\/wp-json\/wp\/v2\/posts"}],"about":[{"href":"https:\/\/www.europesays.com\/fr\/wp-json\/wp\/v2\/types\/post"}],"author":[{"embeddable":true,"href":"https:\/\/www.europesays.com\/fr\/wp-json\/wp\/v2\/users\/2"}],"replies":[{"embeddable":true,"href":"https:\/\/www.europesays.com\/fr\/wp-json\/wp\/v2\/comments?post=154816"}],"version-history":[{"count":0,"href":"https:\/\/www.europesays.com\/fr\/wp-json\/wp\/v2\/posts\/154816\/revisions"}],"wp:featuredmedia":[{"embeddable":true,"href":"https:\/\/www.europesays.com\/fr\/wp-json\/wp\/v2\/media\/154817"}],"wp:attachment":[{"href":"https:\/\/www.europesays.com\/fr\/wp-json\/wp\/v2\/media?parent=154816"}],"wp:term":[{"taxonomy":"category","embeddable":true,"href":"https:\/\/www.europesays.com\/fr\/wp-json\/wp\/v2\/categories?post=154816"},{"taxonomy":"post_tag","embeddable":true,"href":"https:\/\/www.europesays.com\/fr\/wp-json\/wp\/v2\/tags?post=154816"}],"curies":[{"name":"wp","href":"https:\/\/api.w.org\/{rel}","templated":true}]}}