{"id":154823,"date":"2025-06-05T20:39:11","date_gmt":"2025-06-05T20:39:11","guid":{"rendered":"https:\/\/www.europesays.com\/fr\/154823\/"},"modified":"2025-06-05T20:39:11","modified_gmt":"2025-06-05T20:39:11","slug":"un-homme-menace-des-adolescents-au-couteau-devant-le-lycee-georges-freche","status":"publish","type":"post","link":"https:\/\/www.europesays.com\/fr\/154823\/","title":{"rendered":"un homme menace des adolescents au couteau devant le lyc\u00e9e Georges Fr\u00eache"},"content":{"rendered":"<p>            Par<br \/>\n        <strong><br \/>\n            <a href=\"https:\/\/actu.fr\/auteur\/lea-pippinato\" title=\"Consulter tous les articles de L\u00e9a Pippinato\" rel=\"nofollow noopener\" target=\"_blank\">L\u00e9a Pippinato<\/a><br \/>\n        <\/strong><\/p>\n<p>        Publi\u00e9 le<\/p>\n<p>            5 juin 2025 \u00e0 19h21        <\/p>\n<p><strong>Ce mardi 3 juin 2025<\/strong>, aux alentours de 16h30, un incident a eu lieu devant le lyc\u00e9e h\u00f4telier Georges Fr\u00eache \u00e0 Montpellier. Un groupe de sept \u00e0 huit lyc\u00e9ens se trouve sur le trottoir \u00e0 la sortie des cours. Un homme s\u2019approche, accompagn\u00e9 d\u2019un chien de race Malinois. Il invective les adolescents et d\u00e9gaine un couteau.<\/p>\n<p>    <a href=\"https:\/\/www.google.com\/maps\/embed?pb=!1m18!1m12!1m3!1d23112.879853136506!2d3.8585414999999994!3d43.6042516!2m3!1f0!2f0!3f0!3m2!1i1024!2i768!4f13.1!3m3!1m2!1s0x12b6a5795c430733%3A0xf313208dfcd2458e!2sSchool%20Georges%20Fr%C3%AAche!5e0!3m2!1sen!2sfr!4v1749140497945!5m2!1sen!2sfr\" title=\"Ouvrie le lien\" rel=\"nofollow noopener\" target=\"_blank\">Cliquez ici pour visualiser le contenu<\/a><\/p>\n<p class=\" wall-content\">Selon les premiers \u00e9l\u00e9ments recueillis, l\u2019homme aurait reproch\u00e9 \u00e0 l\u2019un des lyc\u00e9ens un \u00ab\u00a0mauvais regard.\u00a0\u00bb Il menace alors deux gar\u00e7ons plus pr\u00e9cis\u00e9ment, en pla\u00e7ant l\u2019arme contre leur ventre, sans les blesser. Les \u00e9l\u00e8ves reculent et parviennent \u00e0 \u00e9viter un affrontement direct.<\/p>\n<p>Interpellation rapide du suspect<\/p>\n<p class=\" wall-content\">Peu apr\u00e8s les faits, l\u2019homme rejoint une femme rest\u00e9e en retrait. Les policiers municipaux arrivent rapidement sur les lieux. Ils interpellent le couple. Le couteau n\u2019est pas retrouv\u00e9 sur l\u2019homme, mais sur sa compagne. L\u2019agresseur est plac\u00e9 en garde \u00e0 vue. Il a \u00e9t\u00e9 d\u00e9f\u00e9r\u00e9 devant le parquet de Montpellier pour violences avec arme. La femme est poursuivie pour port d\u2019arme prohib\u00e9.<\/p>\n<p class=\" wall-content\">Les forces de l\u2019ordre indiquent que le m\u00eame individu avait d\u00e9j\u00e0 \u00e9t\u00e9 signal\u00e9 devant le lyc\u00e9e il y a trois semaines. Il s\u2019\u00e9tait montr\u00e9 agressif dans des circonstances proches, sans arme apparente. Aucune plainte n\u2019avait \u00e9t\u00e9 d\u00e9pos\u00e9e \u00e0 ce moment-l\u00e0.<\/p>\n<p>Vid\u00e9os : en ce moment sur Actu<\/p>\n<p class=\" wall-content\">Suivez toute l\u2019actualit\u00e9 de vos villes et m\u00e9dias favoris en vous inscrivant \u00e0 <a href=\"https:\/\/moncompte.actu.fr\" title=\"D\u00e9couvez Mon Actu\" rel=\"nofollow noopener\" data-trk=\"{&quot;cta&quot;:{&quot;action&quot;:&quot;https:\\\/\\\/moncompte.actu.fr&quot;,&quot;category&quot;:&quot;mon compte&quot;,&quot;from&quot;:&quot;article footer&quot;,&quot;name&quot;:&quot;Mon actu&quot;,&quot;type&quot;:&quot;cta&quot;}}\" target=\"_blank\">Mon Actu<\/a>.<\/p>\n<ul class=\"ac-article-tag wall-content\">\n<li><a href=\"https:\/\/actu.fr\/tag\/police\" data-trk=\"{&quot;cta&quot;:{&quot;action&quot;:&quot;Police&quot;,&quot;category&quot;:&quot;tag&quot;,&quot;from&quot;:&quot;article footer&quot;,&quot;name&quot;:&quot;Police&quot;,&quot;type&quot;:&quot;cta&quot;}}\" rel=\"nofollow noopener\" target=\"_blank\">#Police<\/a><\/li>\n<li><a href=\"https:\/\/actu.fr\/tag\/violences-urbaines\" data-trk=\"{&quot;cta&quot;:{&quot;action&quot;:&quot;Violences urbaines&quot;,&quot;category&quot;:&quot;tag&quot;,&quot;from&quot;:&quot;article footer&quot;,&quot;name&quot;:&quot;Violences urbaines&quot;,&quot;type&quot;:&quot;cta&quot;}}\" rel=\"nofollow noopener\" target=\"_blank\">#Violences urbaines<\/a><\/li>\n<\/ul>\n","protected":false},"excerpt":{"rendered":"Par L\u00e9a Pippinato Publi\u00e9 le 5 juin 2025 \u00e0 19h21 Ce mardi 3 juin 2025, aux alentours de&hellip;\n","protected":false},"author":2,"featured_media":154824,"comment_status":"","ping_status":"","sticky":false,"template":"","format":"standard","meta":{"footnotes":""},"categories":[9599],"tags":[1111,11,1777,674,118,1011,27,2208,12,2680,1072,25,7501],"class_list":{"0":"post-154823","1":"post","2":"type-post","3":"status-publish","4":"format-standard","5":"has-post-thumbnail","7":"category-montpellier","8":"tag-actu","9":"tag-actualites","10":"tag-eu","11":"tag-europe","12":"tag-faits-divers","13":"tag-fr","14":"tag-france","15":"tag-montpellier","16":"tag-news","17":"tag-occitanie","18":"tag-police","19":"tag-republique-francaise","20":"tag-violences-urbaines"},"share_on_mastodon":{"url":"https:\/\/pubeurope.com\/@fr\/114632691831387541","error":""},"_links":{"self":[{"href":"https:\/\/www.europesays.com\/fr\/wp-json\/wp\/v2\/posts\/154823","targetHints":{"allow":["GET"]}}],"collection":[{"href":"https:\/\/www.europesays.com\/fr\/wp-json\/wp\/v2\/posts"}],"about":[{"href":"https:\/\/www.europesays.com\/fr\/wp-json\/wp\/v2\/types\/post"}],"author":[{"embeddable":true,"href":"https:\/\/www.europesays.com\/fr\/wp-json\/wp\/v2\/users\/2"}],"replies":[{"embeddable":true,"href":"https:\/\/www.europesays.com\/fr\/wp-json\/wp\/v2\/comments?post=154823"}],"version-history":[{"count":0,"href":"https:\/\/www.europesays.com\/fr\/wp-json\/wp\/v2\/posts\/154823\/revisions"}],"wp:featuredmedia":[{"embeddable":true,"href":"https:\/\/www.europesays.com\/fr\/wp-json\/wp\/v2\/media\/154824"}],"wp:attachment":[{"href":"https:\/\/www.europesays.com\/fr\/wp-json\/wp\/v2\/media?parent=154823"}],"wp:term":[{"taxonomy":"category","embeddable":true,"href":"https:\/\/www.europesays.com\/fr\/wp-json\/wp\/v2\/categories?post=154823"},{"taxonomy":"post_tag","embeddable":true,"href":"https:\/\/www.europesays.com\/fr\/wp-json\/wp\/v2\/tags?post=154823"}],"curies":[{"name":"wp","href":"https:\/\/api.w.org\/{rel}","templated":true}]}}