{"id":154827,"date":"2025-06-05T20:42:23","date_gmt":"2025-06-05T20:42:23","guid":{"rendered":"https:\/\/www.europesays.com\/fr\/154827\/"},"modified":"2025-06-05T20:42:23","modified_gmt":"2025-06-05T20:42:23","slug":"une-rue-fermee-pour-24-h-de-tatouages-non-stop","status":"publish","type":"post","link":"https:\/\/www.europesays.com\/fr\/154827\/","title":{"rendered":"une rue ferm\u00e9e pour 24 h de tatouages non-stop"},"content":{"rendered":"<p>            Par<br \/>\n        <strong><br \/>\n            <a href=\"https:\/\/actu.fr\/auteur\/le-journal-delbeuf\" title=\"Consulter tous les articles de R\u00e9daction Elbeuf\" rel=\"nofollow noopener\" target=\"_blank\">R\u00e9daction Elbeuf<\/a><br \/>\n        <\/strong><\/p>\n<p>        Publi\u00e9 le<\/p>\n<p>            5 juin 2025 \u00e0 19h14        <\/p>\n<p>C\u2019est un \u00e9v\u00e8nement peu commun, qui va de d\u00e9rouler du samedi 7 juin 2025, \u00e0 12 h, jusqu\u2019au samedi 8 juin 2025 \u00e0 la m\u00eame heure. Autour du salon Snow Ink Tattoo, \u00e0 l\u2019angle de la rue de la R\u00e9publique et de la rue Petit, \u00e0 <a href=\"https:\/\/actu.fr\/normandie\/caudebec-les-elbeuf_76165\" rel=\"nofollow noopener\" target=\"_blank\">Caudebec (Seine-Maritime)<\/a>, c\u2019est toute la rue qui va vivre au rythme du <b>tatouage<\/b>.<\/p>\n<p class=\" wall-content\">Durant <b>24 h non-stop<\/b>, six tatoueurs et deux perceurs locaux vont se relayer pour ex\u00e9cuter diff\u00e9rents mod\u00e8les, dont certains personnalis\u00e9s sur demande, ainsi que des piercings.<\/p>\n<p class=\" wall-content\">Quelques jours avant l\u2019\u00e9v\u00e9nement, quatre d\u2019entre eux \u00e9taient pr\u00e9sents en mairie, pour pr\u00e9senter ce projet : Tapena, Noctis, Djetta et Krill-Ink, leurs pseudos d\u2019artistes. Se joindront \u00e0 eux Vasco Ink et Swift-Guad.\u00a0<\/p>\n<p>Comme un petit festival\u00a0<\/p>\n<p class=\" wall-content\">La rue Petit sera <b>ferm\u00e9e \u00e0 la circulation<\/b> et privatis\u00e9e pour la circonstance, apr\u00e8s l\u2019avis des riverains, pour accueillir comme un <b>petit festival d\u00e9di\u00e9 au tatouage<\/b>.<\/p>\n<p class=\" wall-content\">Un concert, des burgers et le brasseur All Beer seront de la partie, comme d\u2019autres commer\u00e7ants de la ville, tels que O Sweet,Flavor Vape, la Boutique de Raph, Lina Beauty et la boutique sp\u00e9cialis\u00e9e dans les cartes Pok\u00e9mon d\u2019Elbeuf<\/p>\n<p>Vid\u00e9os : en ce moment sur Actu<\/p>\n<p class=\" wall-content\">Pour les personnes int\u00e9ress\u00e9es, les tarifs des prestations des artistes sont d\u00e9j\u00e0 fix\u00e9s : 60 \u20ac pour un tatouage, 90 pour deux et 30 \u20ac pour un piercing.\u00a0<\/p>\n<p class=\" wall-content\">\u00c0 noter enfin que 10 % du chiffre d\u2019affaires de l\u2019op\u00e9ration sera revers\u00e9 au CCAS de la commune, qui de son c\u00f4t\u00e9 apporte une aide mat\u00e9rielle pour l\u2019organisation de l\u2019\u00e9v\u00e8nement.<\/p>\n<p class=\" wall-content\">Suivez toute l\u2019actualit\u00e9 de vos villes et m\u00e9dias favoris en vous inscrivant \u00e0 <a href=\"https:\/\/moncompte.actu.fr\" title=\"D\u00e9couvez Mon Actu\" rel=\"nofollow noopener\" data-trk=\"{&quot;cta&quot;:{&quot;action&quot;:&quot;https:\\\/\\\/moncompte.actu.fr&quot;,&quot;category&quot;:&quot;mon compte&quot;,&quot;from&quot;:&quot;article footer&quot;,&quot;name&quot;:&quot;Mon actu&quot;,&quot;type&quot;:&quot;cta&quot;}}\" target=\"_blank\">Mon Actu<\/a>.<\/p>\n","protected":false},"excerpt":{"rendered":"Par R\u00e9daction Elbeuf Publi\u00e9 le 5 juin 2025 \u00e0 19h14 C\u2019est un \u00e9v\u00e8nement peu commun, qui va de&hellip;\n","protected":false},"author":2,"featured_media":154828,"comment_status":"","ping_status":"","sticky":false,"template":"","format":"standard","meta":{"footnotes":""},"categories":[9587],"tags":[1111,11,1777,674,1011,27,12,5161,25,9590,104,3735],"class_list":{"0":"post-154827","1":"post","2":"type-post","3":"status-publish","4":"format-standard","5":"has-post-thumbnail","7":"category-rouen","8":"tag-actu","9":"tag-actualites","10":"tag-eu","11":"tag-europe","12":"tag-fr","13":"tag-france","14":"tag-news","15":"tag-normandie","16":"tag-republique-francaise","17":"tag-rouen","18":"tag-societe","19":"tag-tatouage"},"share_on_mastodon":{"url":"https:\/\/pubeurope.com\/@fr\/114632703686165995","error":""},"_links":{"self":[{"href":"https:\/\/www.europesays.com\/fr\/wp-json\/wp\/v2\/posts\/154827","targetHints":{"allow":["GET"]}}],"collection":[{"href":"https:\/\/www.europesays.com\/fr\/wp-json\/wp\/v2\/posts"}],"about":[{"href":"https:\/\/www.europesays.com\/fr\/wp-json\/wp\/v2\/types\/post"}],"author":[{"embeddable":true,"href":"https:\/\/www.europesays.com\/fr\/wp-json\/wp\/v2\/users\/2"}],"replies":[{"embeddable":true,"href":"https:\/\/www.europesays.com\/fr\/wp-json\/wp\/v2\/comments?post=154827"}],"version-history":[{"count":0,"href":"https:\/\/www.europesays.com\/fr\/wp-json\/wp\/v2\/posts\/154827\/revisions"}],"wp:featuredmedia":[{"embeddable":true,"href":"https:\/\/www.europesays.com\/fr\/wp-json\/wp\/v2\/media\/154828"}],"wp:attachment":[{"href":"https:\/\/www.europesays.com\/fr\/wp-json\/wp\/v2\/media?parent=154827"}],"wp:term":[{"taxonomy":"category","embeddable":true,"href":"https:\/\/www.europesays.com\/fr\/wp-json\/wp\/v2\/categories?post=154827"},{"taxonomy":"post_tag","embeddable":true,"href":"https:\/\/www.europesays.com\/fr\/wp-json\/wp\/v2\/tags?post=154827"}],"curies":[{"name":"wp","href":"https:\/\/api.w.org\/{rel}","templated":true}]}}