{"id":154829,"date":"2025-06-05T20:43:34","date_gmt":"2025-06-05T20:43:34","guid":{"rendered":"https:\/\/www.europesays.com\/fr\/154829\/"},"modified":"2025-06-05T20:43:34","modified_gmt":"2025-06-05T20:43:34","slug":"agglomeration-de-grenoble-sans-permis-il-est-arrete-deux-fois-au-volant-dune-voiture-a-deux-heures-dintervalle","status":"publish","type":"post","link":"https:\/\/www.europesays.com\/fr\/154829\/","title":{"rendered":"Agglom\u00e9ration de Grenoble. Sans permis, il est arr\u00eat\u00e9 deux fois au volant d\u2019une voiture \u00e0 deux heures d\u2019intervalle\u2026"},"content":{"rendered":"<p>Un automobiliste \u00e2g\u00e9 de 57 ans s\u2019est vivement rebell\u00e9 contre les policiers qui venaient de le contr\u00f4ler, vers midi ce jeudi 5\u00a0juin avenue Ambroise-Croizat \u00e0 Saint-Martin-d\u2019H\u00e8res, alors qu\u2019il conduisait sans permis et qu\u2019il \u00e9tait en possession d\u2019un couteau.<\/p>\n<p>Ce contenu est bloqu\u00e9 car vous n&rsquo;avez pas accept\u00e9 les cookies et autres traceurs.<\/p>\n<p>En cliquant sur \u00ab J\u2019accepte \u00bb, les cookies et autres traceurs seront d\u00e9pos\u00e9s et vous pourrez visualiser les contenus  (<a href=\"\" class=\"consentModule_policy\" target=\"_blank\" title=\"Consulter la politique de protection des donn\u00e9es du fournisseur\">plus d&rsquo;informations<\/a>).<\/p>\n<p>En cliquant sur \u00ab J\u2019accepte tous les cookies \u00bb, vous autorisez des d\u00e9p\u00f4ts de cookies et autres traceurs pour le stockage de vos donn\u00e9es sur nos sites et applications \u00e0 des fins de personnalisation et de ciblage publicitaire.<\/p>\n<p class=\"consentModule_secondaryText\">Vous gardez la possibilit\u00e9 de retirer votre consentement \u00e0 tout moment en consultant notre <a href=\"https:\/\/www.ledauphine.com\/protection-des-donnees\" target=\"_blank\" title=\"Consulter notre politique de protection des donn\u00e9es\" rel=\"noopener\">politique de protection des donn\u00e9es<\/a>. <br \/>&#13;<br \/>\n            <a href=\"https:\/\/www.ledauphine.com\/faits-divers-justice\/2025\/06\/05\/javascript:Didomi.notice.show()\" class=\"consentModule_cmp\" target=\"_blank\" rel=\"noopener\">G\u00e9rer mes choix<\/a>&#13;\n        <\/p>\n<p>&#13;<br \/>\n                        J&rsquo;accepte&#13;<br \/>\n            J&rsquo;accepte tous les cookies&#13;\n        <\/p>\n<p>Le quinquag\u00e9naire a \u00e9t\u00e9 laiss\u00e9 libre avec une convocation \u00e0 l\u2019h\u00f4tel de police de Grenoble mais, \u00e0 peine deux heures et demie plus tard, il a de nouveau \u00e9t\u00e9 intercept\u00e9 par un \u00e9quipage de police alors qu\u2019il se trouvait au volant d\u2019un autre v\u00e9hicule, rue de la Biscuiterie \u00e0 Saint-Martin-d\u2019H\u00e8res.<\/p>\n<p>L\u00e0 encore, il s\u2019est montr\u00e9 particuli\u00e8rement virulent avec les fonctionnaires qui, cette fois, l\u2019ont interpell\u00e9 et plac\u00e9 en garde \u00e0 vue.<\/p>\n","protected":false},"excerpt":{"rendered":"Un automobiliste \u00e2g\u00e9 de 57 ans s\u2019est vivement rebell\u00e9 contre les policiers qui venaient de le contr\u00f4ler, vers&hellip;\n","protected":false},"author":2,"featured_media":154830,"comment_status":"","ping_status":"","sticky":false,"template":"","format":"standard","meta":{"footnotes":""},"categories":[9566],"tags":[1111,11,2430,271,272,112,1777,674,274,1795,1011,27,2731,2732,108,12,25,9448,11264],"class_list":{"0":"post-154829","1":"post","2":"type-post","3":"status-publish","4":"format-standard","5":"has-post-thumbnail","7":"category-grenoble","8":"tag-actu","9":"tag-actualites","10":"tag-auvergne-rhone-alpes","11":"tag-crime","12":"tag-delit-et-contravention","13":"tag-edition-grenoble-agglomeration","14":"tag-eu","15":"tag-europe","16":"tag-faits-divers-justice","17":"tag-fil-web","18":"tag-fr","19":"tag-france","20":"tag-grenoble","21":"tag-grenoble-bassin","22":"tag-isere","23":"tag-news","24":"tag-republique-francaise","25":"tag-saint-martin-dheres","26":"tag-saint-martin-dheres-bassin"},"share_on_mastodon":{"url":"https:\/\/pubeurope.com\/@fr\/114632707511656998","error":""},"_links":{"self":[{"href":"https:\/\/www.europesays.com\/fr\/wp-json\/wp\/v2\/posts\/154829","targetHints":{"allow":["GET"]}}],"collection":[{"href":"https:\/\/www.europesays.com\/fr\/wp-json\/wp\/v2\/posts"}],"about":[{"href":"https:\/\/www.europesays.com\/fr\/wp-json\/wp\/v2\/types\/post"}],"author":[{"embeddable":true,"href":"https:\/\/www.europesays.com\/fr\/wp-json\/wp\/v2\/users\/2"}],"replies":[{"embeddable":true,"href":"https:\/\/www.europesays.com\/fr\/wp-json\/wp\/v2\/comments?post=154829"}],"version-history":[{"count":0,"href":"https:\/\/www.europesays.com\/fr\/wp-json\/wp\/v2\/posts\/154829\/revisions"}],"wp:featuredmedia":[{"embeddable":true,"href":"https:\/\/www.europesays.com\/fr\/wp-json\/wp\/v2\/media\/154830"}],"wp:attachment":[{"href":"https:\/\/www.europesays.com\/fr\/wp-json\/wp\/v2\/media?parent=154829"}],"wp:term":[{"taxonomy":"category","embeddable":true,"href":"https:\/\/www.europesays.com\/fr\/wp-json\/wp\/v2\/categories?post=154829"},{"taxonomy":"post_tag","embeddable":true,"href":"https:\/\/www.europesays.com\/fr\/wp-json\/wp\/v2\/tags?post=154829"}],"curies":[{"name":"wp","href":"https:\/\/api.w.org\/{rel}","templated":true}]}}