{"id":15483,"date":"2025-04-10T17:14:11","date_gmt":"2025-04-10T17:14:11","guid":{"rendered":"https:\/\/www.europesays.com\/fr\/15483\/"},"modified":"2025-04-10T17:14:11","modified_gmt":"2025-04-10T17:14:11","slug":"en-voulant-celebrer-sa-victoire-arthur-fils-envoie-une-balle-en-plein-sur-un-spectateur","status":"publish","type":"post","link":"https:\/\/www.europesays.com\/fr\/15483\/","title":{"rendered":"En voulant c\u00e9l\u00e9brer sa victoire, Arthur Fils envoie une balle en plein sur un spectateur"},"content":{"rendered":"<p>Aussi talentueux soit-il, <a href=\"https:\/\/www.20minutes.fr\/sport\/tennis\/arthur-fils\/\" target=\"_blank\" class=\"color-ultramarine c-link\" rel=\"noopener\">Arthur Fils<\/a> a encore du travail pour devenir un joueur majeur du circuit. Surtout au niveau des c\u00e9l\u00e9brations. Facile vainqueur de Flavio Cobolli en deux sets (6-2, 6-4), mercredi, lors du deuxi\u00e8me tour du <a href=\"https:\/\/www.20minutes.fr\/sport\/tennis\/4146661-20250404-masters-1000-monte-carlo-chaine-heure-suivre-tournoi\" target=\"_blank\" class=\"color-ultramarine c-link\" rel=\"noopener\">Masters 1000 de Monte Carlo<\/a>, le joueur Fran\u00e7ais a eu le malheur d\u2019envoyer une balle en plein dans la t\u00eate d\u2019un spectateur, juste apr\u00e8s avoir servi pour le match.<\/p>\n<p class=\"mb-m@xs text-l@xs\">En cliquant sur\u00ab J\u2019accepte \u00bb, vous acceptez le d\u00e9p\u00f4t de cookies par des services externes et aurez ainsi acc\u00e8s aux contenus de nos partenaires.<\/p>\n<p class=\"mb-xl@xs text-s@xs\">Plus d\u2019informations sur la page<a href=\"https:\/\/www.20minutes.fr\/gestion-cookies\" class=\"mx-xxs@xs color-ultramarine\" target=\"_blank\" rel=\"noopener\">Politique de gestion des cookies<\/a><\/p>\n<p>J\u2019accepte<\/p>\n<p>Sur l\u2019angle propos\u00e9 par la cam\u00e9ra, on comprend difficilement comment cela est possible tant il semble envoyer la balle haut dans le ciel, mais <a href=\"https:\/\/x.com\/TennisTV\/status\/1909948761452810632?ref_src=twsrc%5Etfw%7Ctwcamp%5Etweetembed%7Ctwterm%5E1909948761452810632%7Ctwgr%5Ed5f0f90a7e8bea9e23baee69e25f3d6d825521e5%7Ctwcon%5Es1_&amp;ref_url=https%3A%2F%2Frmcsport.bfmtv.com%2Ftennis%2Fmasters-1000%2Fmonte-carlo%2Fmasters-1000-de-monte-carlo-la-celebration-completement-ratee-d-arthur-fils-apres-sa-victoire-contre-flavio-cobolli_AV-202504090593.html\" rel=\"nofollow\" target=\"_blank\" class=\"color-ultramarine c-link\">la r\u00e9action d\u2019Arthur Fils<\/a> ne laisse aucun doute quant \u00e0 la direction de celle-ci. Visiblement g\u00ean\u00e9 et d\u00e9sol\u00e9, le gar\u00e7on a tout de m\u00eame pris la peine de venir serrer la main de son adversaire et celle de l\u2019arbitre &#8211; qui se marre ostensiblement &#8211; avant de s\u2019enqu\u00e9rir \u00e0 nouveau de l\u2019\u00e9tat de la personne en tribune.<\/p>\n","protected":false},"excerpt":{"rendered":"Aussi talentueux soit-il, Arthur Fils a encore du travail pour devenir un joueur majeur du circuit. Surtout au&hellip;\n","protected":false},"author":2,"featured_media":15484,"comment_status":"","ping_status":"","sticky":false,"template":"","format":"standard","meta":{"footnotes":""},"categories":[2],"tags":[11,3768,1011,27,4632,3127,12,25,517,1467],"class_list":{"0":"post-15483","1":"post","2":"type-post","3":"status-publish","4":"format-standard","5":"has-post-thumbnail","7":"category-actualites","8":"tag-actualites","9":"tag-arthur-fils","10":"tag-fr","11":"tag-france","12":"tag-masters-monte-carlo","13":"tag-monaco","14":"tag-news","15":"tag-republique-francaise","16":"tag-sport","17":"tag-tennis"},"share_on_mastodon":{"url":"https:\/\/pubeurope.com\/@fr\/114314796351824196","error":""},"_links":{"self":[{"href":"https:\/\/www.europesays.com\/fr\/wp-json\/wp\/v2\/posts\/15483","targetHints":{"allow":["GET"]}}],"collection":[{"href":"https:\/\/www.europesays.com\/fr\/wp-json\/wp\/v2\/posts"}],"about":[{"href":"https:\/\/www.europesays.com\/fr\/wp-json\/wp\/v2\/types\/post"}],"author":[{"embeddable":true,"href":"https:\/\/www.europesays.com\/fr\/wp-json\/wp\/v2\/users\/2"}],"replies":[{"embeddable":true,"href":"https:\/\/www.europesays.com\/fr\/wp-json\/wp\/v2\/comments?post=15483"}],"version-history":[{"count":0,"href":"https:\/\/www.europesays.com\/fr\/wp-json\/wp\/v2\/posts\/15483\/revisions"}],"wp:featuredmedia":[{"embeddable":true,"href":"https:\/\/www.europesays.com\/fr\/wp-json\/wp\/v2\/media\/15484"}],"wp:attachment":[{"href":"https:\/\/www.europesays.com\/fr\/wp-json\/wp\/v2\/media?parent=15483"}],"wp:term":[{"taxonomy":"category","embeddable":true,"href":"https:\/\/www.europesays.com\/fr\/wp-json\/wp\/v2\/categories?post=15483"},{"taxonomy":"post_tag","embeddable":true,"href":"https:\/\/www.europesays.com\/fr\/wp-json\/wp\/v2\/tags?post=15483"}],"curies":[{"name":"wp","href":"https:\/\/api.w.org\/{rel}","templated":true}]}}