{"id":154837,"date":"2025-06-05T20:48:22","date_gmt":"2025-06-05T20:48:22","guid":{"rendered":"https:\/\/www.europesays.com\/fr\/154837\/"},"modified":"2025-06-05T20:48:22","modified_gmt":"2025-06-05T20:48:22","slug":"pour-ameliorer-strasbourg-110-projets-attendent-vos-votes","status":"publish","type":"post","link":"https:\/\/www.europesays.com\/fr\/154837\/","title":{"rendered":"pour am\u00e9liorer Strasbourg, 110 projets attendent vos votes !"},"content":{"rendered":"<p><b>Connais-tu le \u00ab budget participatif \u00bb ? Mis en place pour la troisi\u00e8me fois par la Ville de Strasbourg, il s\u2019agit d\u2019un budget allou\u00e9 de 2 millions d\u2019euros pour des projets propos\u00e9s et vot\u00e9s par les Strasbourgeois(es). Installation d\u2019\u00e9quipements sportifs et culturels, cr\u00e9ation de pistes cyclables, de parcs, de fresques\u2026 En tout : plus de 110 id\u00e9es pratiques et\/ou originales pour changer Strasbourg, et la qualit\u00e9 de vie de ton quartier. Et tu as jusqu\u2019au 29 juin pour voter !<\/b><\/p>\n<p>Se sentir acteur\/rice de sa ville, c\u2019est aussi pouvoir s\u2019impliquer dans l\u2019\u00e9volution de son quartier. Imaginer comment le valoriser, s\u2019approprier l\u2019espace public, cr\u00e9er des synergies\u2026 C\u2019est pourquoi, pour une <strong>troisi\u00e8me saison<\/strong>, <b>la Ville de Strasbourg r\u00e9it\u00e8re son \u00ab\u00a0budget participatif\u00a0\u00bb<\/b>, soit <b>2 millions d\u2019euros d\u2019investissements allou\u00e9s \u00e0 des projets propos\u00e9s et vot\u00e9s par ses habitant(e)s<\/b>.<\/p>\n<p>    <img width=\"800\" height=\"600\" src=\"https:\/\/www.europesays.com\/fr\/wp-content\/uploads\/2025\/06\/scene-ouverte-orangerie-budget-participatif.jpg\" class=\"attachment-image-size-L size-image-size-L\" alt=\"sc\u00e8ne ouverte orangerie budget participatif\" decoding=\"async\" loading=\"lazy\"  \/>         \u00a9 Ville de Strasbourg et Eurom\u00e9tropole de Strasbourg \/ Document remis <\/p>\n<p>Son agenda ? Un plan en plusieurs phases qui a commenc\u00e9 \u00e0 l\u2019automne dernier (de septembre \u00e0 novembre) avec <b>447 projets d\u00e9pos\u00e9s par les Strasbourgeois(es)<\/b>. Parmi ces projets citoyens\u00a0:<b> 110 ont \u00e9t\u00e9 retenus <\/b>de d\u00e9cembre \u00e0 avril (car jug\u00e9s \u00ab\u00a0recevables\u00a0\u00bb et \u00ab\u00a0faisables\u00a0\u00bb selon des crit\u00e8res communiqu\u00e9s par les services de la collectivit\u00e9).<\/p>\n<p>Et nous voil\u00e0 \u00e0 la quatri\u00e8me phase\u00a0:<b> la mise au vote citoyen, du 2 au 29 juin<\/b>\u00a0! Une \u00e9tape qui pr\u00e9c\u00e9dera la r\u00e9v\u00e9lation des projets laur\u00e9ats (en juillet), puis le d\u00e9but de la r\u00e9alisation de ceux-ci en septembre. C\u2019est donc ici que ton vote devient capital.<\/p>\n<p>    <img width=\"450\" height=\"600\" src=\"https:\/\/www.europesays.com\/fr\/wp-content\/uploads\/2025\/06\/img-3353-450x600.jpg\" class=\"attachment-image-size-M size-image-size-M\" alt=\"strasbourg \u00e9t\u00e9 printemps banc\" decoding=\"async\" loading=\"lazy\"  \/>         \u00a9 Bastien Pietronave \/ Pokaa <\/p>\n<p>Comment voter\u00a0?<\/p>\n<p>D\u00e9j\u00e0, <b>qui peut voter ? Eh bien\u2026 tout le monde<\/b>, puisque \u00ab\u00a0le vote est ouvert \u00e0 toutes et tous, sans condition d\u2019\u00e2ge ou de r\u00e9sidence\u00a0\u00bb.<\/p>\n<p>Ensuite, comment le faire\u00a0? Rien de plus simple, <b>deux options s\u2019ouvrent \u00e0 toi<\/b>. <b>La version papier<\/b>, \u00e0 l\u2019ancienne. Pour cela, il faudra <b>te rapprocher des \u00e9quipes de la Ville<\/b>, lors d\u2019\u00e9v\u00e9nements organis\u00e9s par la collectivit\u00e9 (\u00e0 retrouver sur <a href=\"https:\/\/participer.strasbourg.eu\/documents\/2531722\/0\/Agenda+de+la+tournee+de+terrain_.pdf\/4562baff-acc6-1bbd-43f6-9063408ea751?t=1748943418416\" target=\"_blank\" rel=\"noopener\">l\u2019agenda en ligne participer.strasbourg.eu<\/a>).<\/p>\n<p>La seconde, \u00e0 faire depuis chez toi, ou en attendant ton tram, <b>en quelques clics<\/b>\u00a0: la version num\u00e9rique, <a href=\"https:\/\/participer.strasbourg.eu\/saison-3-votez\" target=\"_blank\" rel=\"noopener\"><b>sur la plateforme participer.strasbourg.eu<\/b>.<\/a> [Il faudra te connecter \u00e0 ton espace personnel, ou le cr\u00e9er au pr\u00e9alable, ndlr].<\/p>\n<p>    <img width=\"800\" height=\"281\" src=\"https:\/\/www.europesays.com\/fr\/wp-content\/uploads\/2025\/06\/screenshot-2025-06-04-at-21-37-47-saison-3-votez-pour-les-projets-participer1-800x281.png\" class=\"attachment-image-size-L size-image-size-L\" alt=\"Budget participatif\" decoding=\"async\" loading=\"lazy\"  \/>         Budget participatif saison 3. \u00a9 Participer.strasbourg.eu \/ Capture d&rsquo;\u00e9cran <\/p>\n<p>Et enfin, combien de fois peux-tu voter\u00a0? Plusieurs\u00a0! Et cette ann\u00e9e, le vote \u00e9volue\u00a0: tu b\u00e9n\u00e9ficies de <b>\u00ab\u00a05 votes de soutien maximum \u00e0 r\u00e9partir sur au moins 2 projets diff\u00e9rents\u00a0\u00bb<\/b>. Et si tes 5 votes sont d\u00e9j\u00e0 utilis\u00e9s, il te reste un atout\u2026 Celui de <b>voter <\/b><b>d\u00e9favorablement<\/b> pour un projet.<\/p>\n<p>Des exemples\u00a0?<\/p>\n<p>Parmi les propositions \u00ab faisables \u00bb des citoyen(ne)s et soumises au vote, il existe de nombreuses suggestions<b> <\/b>concernant <b>l\u2019installation de<\/b> <b>mobilier urbain<\/b> : tables d\u2019\u00e9chec, jeux pour enfants, mobilier sportif, arceaux \u00e0 v\u00e9lo, bo\u00eetes \u00e0 dons ou \u00e0 livres et m\u00eame un piano public\u2026<\/p>\n<p>Ou encore un <b>monument pour les femmes victimes de f\u00e9minicide<\/b> et les survivantes, des <b>toilettes publiques accessibles PMR <\/b>ou des <b>toilettes s\u00e8ches<\/b>.<\/p>\n<p>    <img width=\"800\" height=\"600\" src=\"https:\/\/www.europesays.com\/fr\/wp-content\/uploads\/2025\/06\/ville-vegetalisation-strasbourg-18.jpg\" class=\"attachment-image-size-L size-image-size-L\" alt=\"ville v\u00e9g\u00e9talisation strasbourg (18)\" decoding=\"async\" loading=\"lazy\"  \/>         \u00a9 Samuel Compion \/ Pokaa <\/p>\n<p>                <img width=\"744\" height=\"500\" src=\"https:\/\/www.europesays.com\/fr\/wp-content\/uploads\/2025\/06\/nl-contest-nouvelle-ligne-strasbourg-rotonde-skate-martin-lelievre-festival-14.jpg\" class=\"attachment-gallery size-gallery\" alt=\"NL contest nouvelle ligne strasbourg rotonde skate martin lelievre festival (14)\" data-full-url=\"https:\/\/www.europesays.com\/fr\/wp-content\/uploads\/2025\/06\/nl-contest-nouvelle-ligne-strasbourg-rotonde-skate-martin-lelievre-festival-14.jpg\" decoding=\"async\" loading=\"lazy\"  \/>            <\/p>\n<p>                <img width=\"333\" height=\"500\" src=\"https:\/\/www.europesays.com\/fr\/wp-content\/uploads\/2025\/06\/Strasbourg-NL-Contest-Skate-BMX-Ride-2-2.jpg\" class=\"attachment-gallery size-gallery\" alt=\"Strasbourg-NL-Contest-Skate-BMX-Ride-2\" data-full-url=\"https:\/\/www.europesays.com\/fr\/wp-content\/uploads\/2025\/06\/Strasbourg-NL-Contest-Skate-BMX-Ride-2-2.jpg\" decoding=\"async\" loading=\"lazy\"  \/>            <\/p>\n<p>                    \u00a9 Martin Lelievre \/ Pokaa<\/p>\n<p>Mais aussi\u00a0: du tra\u00e7age et fl\u00e9chage sp\u00e9cifiques selon les quartiers et les besoins, des plaques de rue artistiques, la <b>r\u00e9novation ou cr\u00e9ation de pistes cyclables, <\/b>en passant par celles de <b>parcs ou d\u2019espaces v\u00e9g\u00e9talis\u00e9s<\/b>\u2026 Jusqu\u2019\u00e0 la<b> peinture de fresques <\/b>(au sol ou murales) ; ou l\u2019\u00e9quipement\/agrandissement d\u2019une biblioth\u00e8que municipale (M\u00e9lanie-de-Pourtal\u00e8s).<\/p>\n<p>Et m\u00eame la mise en place d\u2019<b>un v\u00e9lobus pour une \u00e9cole<\/b>, d\u2019<b>un kal\u00e9idoscope g\u00e9ant <\/b>ou d\u2019<b>un four \u00e0 pain collectif<\/b>. En tout, <b>plus d\u2019une centaine<\/b>\u00a0!<\/p>\n<p>    <img width=\"800\" height=\"568\" src=\"https:\/\/www.europesays.com\/fr\/wp-content\/uploads\/2025\/06\/1749063557634-743217e9-78c5-4b3d-baf2-c4928b54a20c-1-800x568.jpg\" class=\"attachment-image-size-L size-image-size-L\" alt=\"budget participatif\" decoding=\"async\" loading=\"lazy\"  \/>         Budget participatif saison 3. \u00a9 Participer.strasbourg.eu \/ Capture d&rsquo;\u00e9cran <\/p>\n<p>Et si tu veux t\u2019amuser \u00e0 d\u00e9couvrir les propositions jug\u00e9es \u00ab\u00a0non faisable[s]\u00a0\u00bb ou \u00ab\u00a0non recevable[s]\u00a0\u00bb, d\u00e9file sur le site.<\/p>\n<p><b>Il y en a quelques-unes tr\u00e8s originales, des plus farfelues aux \u2013 malheureusement \u2013 <\/b><b>trop<\/b><b> ambitieuses<\/b> (cr\u00e9ation d\u2019une statue g\u00e9ante de cigogne place de la Gare, d\u2019une vague de surf devant le pont de l\u2019Abattoir ou la plantation d\u2019un sapin de No\u00ebl p\u00e9renne, place Kl\u00e9ber). <b>Les Strasbourgeois(es) ne manquent pas d\u2019imagination<\/b>.<\/p>\n<p>Et qui sait : l\u2019an prochain, ce sera peut-\u00eatre ton projet qui sera soumis au vote ! En attendant, tu peux soutenir celui des autres, pour changer le visage de Strasbourg.<\/p>\n<p>            Budget participatif\u00a0: \u00ab\u00a0Votez pour vos projets pr\u00e9f\u00e9r\u00e9s\u00a0\u00bb<\/p>\n<p>            Quoi ? <\/p>\n<p>Vote citoyen sur des projets d\u2019am\u00e9nagement \u00e0 Strasbourg<\/p>\n<p>                Quand ?<\/p>\n<p>Du 2 au 29 juin 2025<\/p>\n<p>            o\u00f9 ?<\/p>\n<p><a href=\"https:\/\/participer.strasbourg.eu\/\" target=\"_blank\" rel=\"noopener\">Sur le site web participer.strasbourg.eu<\/a><br \/>En personne aupr\u00e8s des \u00e9quipes de la Ville (\u00e0 retrouver sur l\u2019agenda en ligne)<\/p>\n<p>                Plus d&rsquo;infos ?<\/p>\n<p><a href=\"https:\/\/participer.strasbourg.eu\/explication-budget-participatif\" target=\"_blank\" rel=\"noopener\">Explication du Budget participatif<\/a><br \/>Accessible \u00e0 toutes et tous, sans condition d\u2019\u00e2ge ou de r\u00e9sidence<\/p>\n","protected":false},"excerpt":{"rendered":"Connais-tu le \u00ab budget participatif \u00bb ? Mis en place pour la troisi\u00e8me fois par la Ville de&hellip;\n","protected":false},"author":2,"featured_media":154838,"comment_status":"","ping_status":"","sticky":false,"template":"","format":"standard","meta":{"footnotes":""},"categories":[2820],"tags":[1111,11,13655,28489,1777,674,1011,27,775,12,25,640],"class_list":{"0":"post-154837","1":"post","2":"type-post","3":"status-publish","4":"format-standard","5":"has-post-thumbnail","7":"category-strasbourg","8":"tag-actu","9":"tag-actualites","10":"tag-budget-participatif","11":"tag-citoyens","12":"tag-eu","13":"tag-europe","14":"tag-fr","15":"tag-france","16":"tag-grand-est","17":"tag-news","18":"tag-republique-francaise","19":"tag-strasbourg"},"share_on_mastodon":{"url":"https:\/\/pubeurope.com\/@fr\/114632728259985141","error":""},"_links":{"self":[{"href":"https:\/\/www.europesays.com\/fr\/wp-json\/wp\/v2\/posts\/154837","targetHints":{"allow":["GET"]}}],"collection":[{"href":"https:\/\/www.europesays.com\/fr\/wp-json\/wp\/v2\/posts"}],"about":[{"href":"https:\/\/www.europesays.com\/fr\/wp-json\/wp\/v2\/types\/post"}],"author":[{"embeddable":true,"href":"https:\/\/www.europesays.com\/fr\/wp-json\/wp\/v2\/users\/2"}],"replies":[{"embeddable":true,"href":"https:\/\/www.europesays.com\/fr\/wp-json\/wp\/v2\/comments?post=154837"}],"version-history":[{"count":0,"href":"https:\/\/www.europesays.com\/fr\/wp-json\/wp\/v2\/posts\/154837\/revisions"}],"wp:featuredmedia":[{"embeddable":true,"href":"https:\/\/www.europesays.com\/fr\/wp-json\/wp\/v2\/media\/154838"}],"wp:attachment":[{"href":"https:\/\/www.europesays.com\/fr\/wp-json\/wp\/v2\/media?parent=154837"}],"wp:term":[{"taxonomy":"category","embeddable":true,"href":"https:\/\/www.europesays.com\/fr\/wp-json\/wp\/v2\/categories?post=154837"},{"taxonomy":"post_tag","embeddable":true,"href":"https:\/\/www.europesays.com\/fr\/wp-json\/wp\/v2\/tags?post=154837"}],"curies":[{"name":"wp","href":"https:\/\/api.w.org\/{rel}","templated":true}]}}