{"id":154839,"date":"2025-06-05T20:49:41","date_gmt":"2025-06-05T20:49:41","guid":{"rendered":"https:\/\/www.europesays.com\/fr\/154839\/"},"modified":"2025-06-05T20:49:41","modified_gmt":"2025-06-05T20:49:41","slug":"escapade-nature-et-engagee-a-1h-de-strasbourg-a-velo","status":"publish","type":"post","link":"https:\/\/www.europesays.com\/fr\/154839\/","title":{"rendered":"escapade nature et engag\u00e9e \u00e0 1h de Strasbourg \u00e0 v\u00e9lo"},"content":{"rendered":"<p><strong>Il existe des endroits o\u00f9 le temps s\u2019arr\u00eate, comme \u00e0 Kolbsheim, au bord des \u00e9tangs Halbmond et dans une ancienne \u00e9cole, o\u00f9 un petit monde parall\u00e8le a pris racine. Son nom ? Divergeons. Son but ? Offrir des moments gourmands, simples, vrais et conviviaux \u00e0 celles et ceux qui veulent vivre autrement. Et spoiler alert : \u00e7a fait du bien et c\u2019est accessible \u00e0 v\u00e9lo depuis Strasbourg !\u00a0<\/strong><\/p>\n<p>\u00c0 16 km de la capitale alsacienne, et <strong>apr\u00e8s une petite balade d\u20191h le long du canal de la Bruche<\/strong>, nous voici arriver chez <strong>C\u00e9line et Fr\u00e9d\u00e9ric : au bord d\u2019un \u00e9tang, mais aussi dans une ancienne \u00e9cole.\u00a0<\/strong><\/p>\n<p>Elle, coiffeuse et maquilleuse \u00e0 domicile. Lui, ancien directeur commercial en informatique. <strong>Ce sont surtout deux esprits libres,<\/strong> convaincus qu\u2019il \u00e9tait temps de vivre autrement.\u00a0<\/p>\n<p>                <a href=\"https:\/\/pokaa.fr\/2025\/04\/18\/au-fil-de-leau-et-des-saisons-evasion-poetique-le-long-du-canal-de-la-bruche-a-strasbourg\/\" rel=\"nofollow noopener\" target=\"_blank\"><br \/>\n                    <img width=\"450\" height=\"270\" src=\"https:\/\/www.europesays.com\/fr\/wp-content\/uploads\/2025\/05\/1-2-450x270.png\" class=\"attachment-card-horizontal--same-subject size-card-horizontal--same-subject wp-post-image\" alt=\"\" decoding=\"async\" loading=\"lazy\"\/>                <\/a><\/p>\n<p>    <img width=\"600\" height=\"600\" src=\"https:\/\/www.europesays.com\/fr\/wp-content\/uploads\/2025\/06\/8-600x600.png\" class=\"attachment-image-size-M size-image-size-M\" alt=\"\u00e9tangs Halbmond Divergeons\" decoding=\"async\" loading=\"lazy\"  \/>         Fr\u00e9d\u00e9ric et C\u00e9line. \u00a9 L\u00e9a Meyer \/ Pokaa <\/p>\n<p>Du d\u00e9clic \u00e0 la cr\u00e9ation de Divergeons<\/p>\n<p>Le d\u00e9clic ? <strong>En 2018, leur fille Jade est diagnostiqu\u00e9e coeliaque.<\/strong> Fini les plats industriels bourr\u00e9s de cochonneries : le couple r\u00e9alise \u00e0 quel point notre alimentation est truff\u00e9e de myst\u00e8res (et pas les bons). <\/p>\n<p><strong>Il d\u00e9cide donc d\u2019op\u00e9rer un changement, non seulement dans leurs assiettes et dans leur consommation, mais aussi professionnel !<\/strong><\/p>\n<p>                <img width=\"667\" height=\"500\" src=\"https:\/\/www.europesays.com\/fr\/wp-content\/uploads\/2025\/06\/471306409-122219748710027031-610938773757557320-n-667x500.jpg\" class=\"attachment-gallery size-gallery\" alt=\"\u00e9tangs Halbmond Divergeons\" data-full-url=\"https:\/\/pokaa.fr\/wp-content\/uploads\/2025\/06\/03\/471306409-122219748710027031-610938773757557320-n.jpg\" decoding=\"async\" loading=\"lazy\"  \/>            <\/p>\n<p>                <img width=\"500\" height=\"500\" src=\"https:\/\/www.europesays.com\/fr\/wp-content\/uploads\/2025\/06\/3-1-500x500.png\" class=\"attachment-gallery size-gallery\" alt=\"\u00e9tangs Halbmond Divergeons\" data-full-url=\"https:\/\/pokaa.fr\/wp-content\/uploads\/2025\/06\/03\/3-1.png\" decoding=\"async\" loading=\"lazy\"  \/>            <\/p>\n<p>                    1. \u00a9 Page Facebook de Divergeons \/ Capture d&rsquo;\u00e9cran ; 2. \u00a9 Divergeons \/ Documents remis<\/p>\n<p>Issu d\u2019une famille de restaurateurs, Fr\u00e9d\u00e9ric sent l\u2019appel du m\u00e9tier et d\u00e9cide \u00e0 son tour de passer derri\u00e8re les fourneaux.\u00a0<\/p>\n<p><strong style=\"font-weight: 400;\">Divergeons na\u00eet en 2020, en plein Covid.<\/strong> \u00c0 d\u00e9faut de faire des \u00e9v\u00e9nements, <strong style=\"font-weight: 400;\">Fr\u00e9d\u00e9ric commence par proposer des livraisons traiteur<\/strong>. Puis, en mai 2023, il signe avec C\u00e9line un bail qui marque le d\u00e9but d\u2019une nouvelle aventure : <strong>les \u00e9tangs Halbmond,\u00a0aka de la Demi-Lune, leur tendent les bras. <\/strong><\/p>\n<p>    <img width=\"800\" height=\"600\" src=\"https:\/\/www.europesays.com\/fr\/wp-content\/uploads\/2025\/06\/490475200-1248575497270275-7867684206426591254-n-800x600.jpg\" class=\"attachment-image-size-L size-image-size-L\" alt=\"\u00e9tangs Halbmond Divergeons\" decoding=\"async\" loading=\"lazy\"  \/>         \u00a9 Page Facebook de Divergeons \/ Capture d&rsquo;\u00e9cran <\/p>\n<p>L&rsquo;\u00e9tang Halbmond : l&rsquo;esprit sauvage et festif<\/p>\n<p><strong>Ici, il n\u2019y a ni eau courante ni \u00e9lectricit\u00e9.<\/strong> Mais il y a des couchers de soleil, un bel \u00e9tang, des panneaux solaires et une bonne dose de cr\u00e9ativit\u00e9.<\/p>\n<p>\u00c0 l\u2019\u00e9tang, tout est pens\u00e9 pour vivre au rythme de la nature. Ici, on peut <strong>s<\/strong><b>e faire coiffer en sirotant une bi\u00e8re artisanale<\/b>, participer \u00e0 un atelier de loisirs cr\u00e9atifs, taquiner le poisson lors d\u2019une <b>soir\u00e9e p\u00eache<\/b> conviviale, ou engloutir des <b>burgers<\/b> sans culpabilit\u00e9. \u00ab\u00a0Parfois, des cyclistes de passage s\u2019arr\u00eatent prendre une bi\u00e8re et repartent avec une coupe !\u00a0\u00bb s\u2019amuse C\u00e9line. <\/p>\n<p>                <img width=\"500\" height=\"500\" src=\"https:\/\/www.europesays.com\/fr\/wp-content\/uploads\/2025\/06\/1-2-500x500.png\" class=\"attachment-gallery size-gallery\" alt=\"\u00e9tangs Halbmond Divergeons\" data-full-url=\"https:\/\/pokaa.fr\/wp-content\/uploads\/2025\/06\/03\/1-2.png\" decoding=\"async\" loading=\"lazy\"  \/>            <\/p>\n<p>                <img width=\"500\" height=\"500\" src=\"https:\/\/www.europesays.com\/fr\/wp-content\/uploads\/2025\/06\/4-1-500x500.png\" class=\"attachment-gallery size-gallery\" alt=\"\u00e9tangs Halbmond Divergeons\" data-full-url=\"https:\/\/pokaa.fr\/wp-content\/uploads\/2025\/06\/03\/4-1.png\" decoding=\"async\" loading=\"lazy\"  \/>            <\/p>\n<p>                    \u00a9 Divergeons \/ Documents remis<\/p>\n<p><strong>Des concerts viennent r\u00e9guli\u00e8rement ponctuer la programmation,<\/strong> offrant une exp\u00e9rience musicale conviviale et d\u00e9contract\u00e9e au fil des soir\u00e9es. La sc\u00e8ne, improvis\u00e9e et intime, permet de d\u00e9couvrir des artistes locaux\/les tout en profitant de la nature environnante, et bien s\u00fbr, d\u2019un bon repas.<\/p>\n<p><strong>Mais le must \u00e0 ne pas louper, ce sont les soir\u00e9es tartes flamb\u00e9es<\/strong> o\u00f9 tout est fait maison, de la p\u00e2te jusqu\u2019au d\u00e9coupage \u00e0 la main du lard. De quoi faire chavirer nos papilles\u00a0!<\/p>\n<p>                <img width=\"500\" height=\"500\" src=\"https:\/\/www.europesays.com\/fr\/wp-content\/uploads\/2025\/06\/2-3-500x500.png\" class=\"attachment-gallery size-gallery\" alt=\"\u00e9tangs Halbmond Divergeons\" data-full-url=\"https:\/\/pokaa.fr\/wp-content\/uploads\/2025\/06\/03\/2-3.png\" decoding=\"async\" loading=\"lazy\"  \/>            <\/p>\n<p>                <img width=\"500\" height=\"500\" src=\"https:\/\/www.europesays.com\/fr\/wp-content\/uploads\/2025\/06\/491741762-1251804526947372-7034892140953263512-n-500x500.jpg\" class=\"attachment-gallery size-gallery\" alt=\"491741762_1251804526947372_7034892140953263512_n\" data-full-url=\"https:\/\/pokaa.fr\/wp-content\/uploads\/2025\/06\/03\/491741762-1251804526947372-7034892140953263512-n.jpg\" decoding=\"async\" loading=\"lazy\"  \/>            <\/p>\n<p>                    \u00a9 Divergeons \/ Document remis<\/p>\n<p>    <img width=\"800\" height=\"599\" src=\"https:\/\/www.europesays.com\/fr\/wp-content\/uploads\/2025\/06\/482252009-122234848358027031-1338188205420405253-n-800x599.jpg\" class=\"attachment-image-size-L size-image-size-L\" alt=\"\u00e9tangs Halbmond Divergeons\" decoding=\"async\" loading=\"lazy\"  \/>         \u00a9 Page Facebook de Divergeons \/ Capture d&rsquo;\u00e9cran <\/p>\n<p>Et ce n\u2019est pas tout : <strong>ici, les l\u00e9gumes viennent du mara\u00eecher du village, le pain du boulanger de la commune voisine, et tout est pens\u00e9 pour valoriser les producteurs\/rices du terroir.<\/strong> Du local, du durable et du bon sens, jusque dans les poubelles puisque le z\u00e9ro d\u00e9chet est la r\u00e8gle : vaisselle r\u00e9utilisable, pas ou peu de plastique, recyclage\u2026<\/p>\n<p>L&rsquo;ancienne \u00e9cole : un nouveau terrain de jeux et de cr\u00e9ations<\/p>\n<p>Depuis mars 2025, l\u2019organisateur d\u2019\u00e9v\u00e9nements Divergeons a pris possession d\u2019un second lieu : <b>l\u2019ancienne \u00e9cole de Kolbsheim<\/b>. Un b\u00e2timent charg\u00e9 d\u2019histoire, <strong>reconverti pour accueillir toute l\u2019ann\u00e9e les activit\u00e9s artisanales et cr\u00e9atives<\/strong>. L\u00e0-bas, le couple continue \u00e0 faire vivre sa philosophie tous les jeudis et vendredis soirs dans le troquet qu\u2019il a ouvert. <\/p>\n<p><strong>\u00ab L\u2019objectif \u00e9tait de recr\u00e9er un bistrot de village tout en convivialit\u00e9 \u00bb,<\/strong> explique Fr\u00e9d\u00e9ric. Ce lieu permet de tisser du lien et de faire vibrer le village, mais aussi de r\u00e9aliser des \u00e9v\u00e9nements festifs en int\u00e9rieur, m\u00eame quand il pleut ! Avec l\u2019\u00e9cole, Divergeons peut proposer un programme sur quatre saisons.<\/p>\n<p>                <img width=\"500\" height=\"500\" src=\"https:\/\/www.europesays.com\/fr\/wp-content\/uploads\/2025\/06\/10-500x500.png\" class=\"attachment-gallery size-gallery\" alt=\"\u00e9tangs Halbmond Divergeons\" data-full-url=\"https:\/\/pokaa.fr\/wp-content\/uploads\/2025\/06\/03\/10.png\" decoding=\"async\" loading=\"lazy\"  \/>            <\/p>\n<p>                <img width=\"500\" height=\"500\" src=\"https:\/\/www.europesays.com\/fr\/wp-content\/uploads\/2025\/06\/9-500x500.png\" class=\"attachment-gallery size-gallery\" alt=\"\u00e9tangs Halbmond Divergeons\" data-full-url=\"https:\/\/pokaa.fr\/wp-content\/uploads\/2025\/06\/03\/9.png\" decoding=\"async\" loading=\"lazy\"  \/>            <\/p>\n<p>                    \u00a9 L\u00e9a Meyer \/ Pokaa<\/p>\n<p>Ici, C\u00e9line et Fr\u00e9d\u00e9ric tiennent \u00e0 rester en petit comit\u00e9, \u00e9paul\u00e9(e)s parfois par des auto-entrepreneurs\/ses locaux\/les. <strong>Leur d\u00e9marche est certes engag\u00e9e, mais jamais moralisatrice. <\/strong><\/p>\n<p>\u00ab Un jour, un habitu\u00e9 m\u2019a demand\u00e9 pourquoi je ne servais pas de Picon, mais du Sommer. Je lui ai r\u00e9pondu que c\u2019est parce que c\u2019est fabriqu\u00e9 \u00e0 Ingwiller, et qu\u2019<strong>on cherche toujours \u00e0 offrir des produits locaux quand c\u2019est possible<\/strong>. Il n\u2019aime pas \u00e7a, mais il va devoir s\u2019y faire\u2026 ou boire autre chose ! \u00bb<\/p>\n<p>                <img width=\"500\" height=\"500\" src=\"https:\/\/www.europesays.com\/fr\/wp-content\/uploads\/2025\/06\/11-500x500.png\" class=\"attachment-gallery size-gallery\" alt=\"\u00e9tangs Halbmond Divergeons\" data-full-url=\"https:\/\/pokaa.fr\/wp-content\/uploads\/2025\/06\/03\/11.png\" decoding=\"async\" loading=\"lazy\"  \/>            <\/p>\n<p>                <img width=\"500\" height=\"500\" src=\"https:\/\/www.europesays.com\/fr\/wp-content\/uploads\/2025\/06\/12-500x500.png\" class=\"attachment-gallery size-gallery\" alt=\"\u00e9tangs Halbmond Divergeons\" data-full-url=\"https:\/\/pokaa.fr\/wp-content\/uploads\/2025\/06\/03\/12.png\" decoding=\"async\" loading=\"lazy\"  \/>            <\/p>\n<p>                    \u00a9 L\u00e9a Meyer \/ Pokaa<\/p>\n<p><strong>C\u00e9line et Fr\u00e9d\u00e9ric montrent qu\u2019on peut cr\u00e9er autre chose, loin des logiques industrielles, loin de la surconsommation, mais sans se priver de plaisir ni de f\u00eate !\u00a0<\/strong><\/p>\n<p>Que ce soit \u00e0 l\u2019\u00e9tang ou \u00e0 l\u2019ancienne \u00e9cole, <strong>Divergeons n\u2019est pas juste un lieu, c\u2019est un art de vivre<\/strong>. Un appel \u00e0 ralentir, \u00e0 savourer, \u00e0 cr\u00e9er. Et franchement, \u00e7a fait un bien fou, alors pour en profiter, <strong>rendez-vous sur leur page Facebook en <a href=\"https:\/\/www.facebook.com\/divergeons\" target=\"_blank\" rel=\"noopener nofollow\">cliquant ici<\/a><\/strong>, ou sur <a href=\"https:\/\/divergeons.fr\" target=\"_blank\" rel=\"noopener nofollow\">leur site web<\/a>.\u00a0<\/p>\n<p>\u00a0<\/p>\n<p style=\"text-align: right;\">R\u00e9dactrice : L\u00e9a Meyer<\/p>\n<p>                <img width=\"500\" height=\"500\" src=\"https:\/\/www.europesays.com\/fr\/wp-content\/uploads\/2025\/06\/6-1-500x500.png\" class=\"attachment-gallery size-gallery\" alt=\"\u00e9tangs Halbmond Divergeons\" data-full-url=\"https:\/\/pokaa.fr\/wp-content\/uploads\/2025\/06\/03\/6-1.png\" decoding=\"async\" loading=\"lazy\"  \/>            <\/p>\n<p>                <img width=\"667\" height=\"500\" src=\"https:\/\/www.europesays.com\/fr\/wp-content\/uploads\/2025\/06\/482242618-122234848700027031-1213519014045286705-n-667x500.jpg\" class=\"attachment-gallery size-gallery\" alt=\"\u00e9tangs Halbmond Divergeons\" data-full-url=\"https:\/\/pokaa.fr\/wp-content\/uploads\/2025\/06\/03\/482242618-122234848700027031-1213519014045286705-n.jpg\" decoding=\"async\" loading=\"lazy\"  \/>            <\/p>\n<p>                    \u00a9 Page Facebook de Divergeons \/ Captures d&rsquo;\u00e9cran<\/p>\n","protected":false},"excerpt":{"rendered":"Il existe des endroits o\u00f9 le temps s\u2019arr\u00eate, comme \u00e0 Kolbsheim, au bord des \u00e9tangs Halbmond et dans&hellip;\n","protected":false},"author":2,"featured_media":154840,"comment_status":"","ping_status":"","sticky":false,"template":"","format":"standard","meta":{"footnotes":""},"categories":[2820],"tags":[1111,11,28490,28491,1777,674,3727,1011,27,775,12,25,640],"class_list":{"0":"post-154839","1":"post","2":"type-post","3":"status-publish","4":"format-standard","5":"has-post-thumbnail","7":"category-strasbourg","8":"tag-actu","9":"tag-actualites","10":"tag-etangs","11":"tag-etangs-halbmond","12":"tag-eu","13":"tag-europe","14":"tag-evasion","15":"tag-fr","16":"tag-france","17":"tag-grand-est","18":"tag-news","19":"tag-republique-francaise","20":"tag-strasbourg"},"share_on_mastodon":{"url":"https:\/\/pubeurope.com\/@fr\/114632731749222311","error":""},"_links":{"self":[{"href":"https:\/\/www.europesays.com\/fr\/wp-json\/wp\/v2\/posts\/154839","targetHints":{"allow":["GET"]}}],"collection":[{"href":"https:\/\/www.europesays.com\/fr\/wp-json\/wp\/v2\/posts"}],"about":[{"href":"https:\/\/www.europesays.com\/fr\/wp-json\/wp\/v2\/types\/post"}],"author":[{"embeddable":true,"href":"https:\/\/www.europesays.com\/fr\/wp-json\/wp\/v2\/users\/2"}],"replies":[{"embeddable":true,"href":"https:\/\/www.europesays.com\/fr\/wp-json\/wp\/v2\/comments?post=154839"}],"version-history":[{"count":0,"href":"https:\/\/www.europesays.com\/fr\/wp-json\/wp\/v2\/posts\/154839\/revisions"}],"wp:featuredmedia":[{"embeddable":true,"href":"https:\/\/www.europesays.com\/fr\/wp-json\/wp\/v2\/media\/154840"}],"wp:attachment":[{"href":"https:\/\/www.europesays.com\/fr\/wp-json\/wp\/v2\/media?parent=154839"}],"wp:term":[{"taxonomy":"category","embeddable":true,"href":"https:\/\/www.europesays.com\/fr\/wp-json\/wp\/v2\/categories?post=154839"},{"taxonomy":"post_tag","embeddable":true,"href":"https:\/\/www.europesays.com\/fr\/wp-json\/wp\/v2\/tags?post=154839"}],"curies":[{"name":"wp","href":"https:\/\/api.w.org\/{rel}","templated":true}]}}