{"id":154845,"date":"2025-06-05T20:52:49","date_gmt":"2025-06-05T20:52:49","guid":{"rendered":"https:\/\/www.europesays.com\/fr\/154845\/"},"modified":"2025-06-05T20:52:49","modified_gmt":"2025-06-05T20:52:49","slug":"mis-en-examen-pour-tentative-de-meurtre-apres-avoir-tire-des-coups-de-feu-en-direction-de-vigiles-dune-discotheque","status":"publish","type":"post","link":"https:\/\/www.europesays.com\/fr\/154845\/","title":{"rendered":"mis en examen pour tentative de meurtre apr\u00e8s avoir tir\u00e9 des coups de feu en direction de vigiles d\u2019une discoth\u00e8que"},"content":{"rendered":"<p>R\u00e9cemment sorti de prison, un jeune homme de 28 ans qui se trouvait sous contr\u00f4le judiciaire a de nouveau \u00e9t\u00e9 incarc\u00e9r\u00e9. Apr\u00e8s une altercation en bo\u00eete de nuit, il a tir\u00e9 en direction d\u2019agents de s\u00e9curit\u00e9 le week-end dernier.<\/p>\n<p class=\"fig-paragraph\">Un jeune homme de 28 ans a \u00e9t\u00e9 mis en examen pour\u00a0<a href=\"http:\/\/www.lefigaro.fr\/faits-divers\/trois-meurtres-sept-tentatives-de-meurtre-un-viol-sur-une-fillette-le-panorama-edifiant-de-48-heures-de-criminalite-en-france-20250520\" target=\"_blank\" data-fig-type=\"NewsFlash\" rel=\"noopener\" data-gtm-custom-categorie=\"navigation\" data-gtm-custom-action=\"crossclick\" data-gtm-custom-label=\"Contextuel\" data-gtm-event=\"customEventSPE\" data-fig-domain=\"LEFIGARO\">tentative de meurtre<\/a>\u00a0et d\u00e9tention d\u2019arme apr\u00e8s avoir tir\u00e9 des coups de feu dans la nuit de samedi \u00e0 dimanche, aux abords d\u2019une\u00a0<a href=\"http:\/\/www.lefigaro.fr\/nantes\/nantes-relaxe-des-6-prevenus-de-l-affaire-de-la-fusillade-mortelle-du-moonlight-20250402\" target=\"_blank\" data-fig-type=\"NewsFlash\" rel=\"noopener\" data-gtm-custom-categorie=\"navigation\" data-gtm-custom-action=\"crossclick\" data-gtm-custom-label=\"Contextuel\" data-gtm-event=\"customEventSPE\" data-fig-domain=\"LEFIGARO\">discoth\u00e8que nantaise<\/a>. Cet individu, qui \u00e9tait sorti de prison en d\u00e9but d\u2019ann\u00e9e et se trouvait sous contr\u00f4le judiciaire, a \u00e9t\u00e9 plac\u00e9 en d\u00e9tention provisoire, confirme au Figaro le procureur de la R\u00e9publique de Nantes Antoine Leroy.<\/p>\n<p>Un impact de balle \u00e0 1,40\u00a0m de hauteur<\/p>\n<p class=\"fig-paragraph\">L\u2019histoire, r\u00e9v\u00e9l\u00e9e par le quotidien r\u00e9gional\u00a0<a href=\"https:\/\/www.ouest-france.fr\/societe\/faits-divers\/a-la-sortie-de-boite-de-nuit-il-sort-une-arme-et-fait-feu-pour-repousser-les-agents-de-securite-f0bc88c2-3ef9-11f0-9838-46aa9b466e5f?utm_source=troove&amp;utm_medium=site\" target=\"_blank\" rel=\"noopener\" data-gtm-custom-categorie=\"navigation\" data-gtm-custom-action=\"crossclick\" data-gtm-custom-label=\"Contextuel\" data-gtm-event=\"customEventSPE\">Presse Oc\u00e9an<\/a>, s\u2019est d\u00e9roul\u00e9e dimanche, \u00e0 6h du matin, pr\u00e8s d\u2019un \u00e9tablissement du quartier Champ de mars. Apr\u00e8s avoir demand\u00e9 \u00e0 trois clients qui venaient de se disputer de sortir de la bo\u00eete de nuit, des agents de la s\u00e9curit\u00e9 ont \u00e9t\u00e9 pris pour cible par un individu qui aurait tir\u00e9 d\u2019abord en l\u2019air pour les intimider, puis au niveau leurs jambes. Un impact de balle a tout de m\u00eame \u00e9t\u00e9 observ\u00e9 \u00e0 1,40\u00a0m de hauteur. Des \u00e9tuis de 9\u00a0mm ont \u00e9galement \u00e9t\u00e9 retrouv\u00e9s sur place.<\/p>\n<p class=\"fig-paragraph\">Le mis en cause a pu \u00eatre d\u00e9sarm\u00e9 dans la foul\u00e9e par les vigiles, qui ont pr\u00e9venu la police et port\u00e9 plainte. Si personne n\u2019a \u00e9t\u00e9 touch\u00e9, \u00ab\u00e7a aurait pu \u00eatre dramatique\u00bb, confie une source polici\u00e8re. Plac\u00e9 en garde \u00e0 vue pour tentative de meurtre et non-respect de son contr\u00f4le judiciaire, l\u2019agresseur a reconnu avoir achet\u00e9 une arme.<\/p>\n","protected":false},"excerpt":{"rendered":"R\u00e9cemment sorti de prison, un jeune homme de 28 ans qui se trouvait sous contr\u00f4le judiciaire a de&hellip;\n","protected":false},"author":2,"featured_media":154846,"comment_status":"","ping_status":"","sticky":false,"template":"","format":"standard","meta":{"footnotes":""},"categories":[2818],"tags":[1111,11,1777,674,462,1011,27,2640,2642,5117,766,2638,2643,2637,2639,2646,2645,2641,2635,2644,2647,12,2636,25],"class_list":{"0":"post-154845","1":"post","2":"type-post","3":"status-publish","4":"format-standard","5":"has-post-thumbnail","7":"category-nantes","8":"tag-actu","9":"tag-actualites","10":"tag-eu","11":"tag-europe","12":"tag-fc-nantes","13":"tag-fr","14":"tag-france","15":"tag-hauts-paves-saint-felix","16":"tag-ile-de-nantes","17":"tag-mise-en-examen","18":"tag-nantes","19":"tag-nantes-bellevue-chantenay-sainte-anne","20":"tag-nantes-breil-barberie","21":"tag-nantes-centre-ville","22":"tag-nantes-dervallieres-zola","23":"tag-nantes-doulon-bottiere","24":"tag-nantes-erdre","25":"tag-nantes-malakoff-saint-donatien","26":"tag-nantes-metropole","27":"tag-nantes-nord","28":"tag-nantes-sud","29":"tag-news","30":"tag-pays-de-la-loire","31":"tag-republique-francaise"},"share_on_mastodon":{"url":"https:\/\/pubeurope.com\/@fr\/114632746926023575","error":""},"_links":{"self":[{"href":"https:\/\/www.europesays.com\/fr\/wp-json\/wp\/v2\/posts\/154845","targetHints":{"allow":["GET"]}}],"collection":[{"href":"https:\/\/www.europesays.com\/fr\/wp-json\/wp\/v2\/posts"}],"about":[{"href":"https:\/\/www.europesays.com\/fr\/wp-json\/wp\/v2\/types\/post"}],"author":[{"embeddable":true,"href":"https:\/\/www.europesays.com\/fr\/wp-json\/wp\/v2\/users\/2"}],"replies":[{"embeddable":true,"href":"https:\/\/www.europesays.com\/fr\/wp-json\/wp\/v2\/comments?post=154845"}],"version-history":[{"count":0,"href":"https:\/\/www.europesays.com\/fr\/wp-json\/wp\/v2\/posts\/154845\/revisions"}],"wp:featuredmedia":[{"embeddable":true,"href":"https:\/\/www.europesays.com\/fr\/wp-json\/wp\/v2\/media\/154846"}],"wp:attachment":[{"href":"https:\/\/www.europesays.com\/fr\/wp-json\/wp\/v2\/media?parent=154845"}],"wp:term":[{"taxonomy":"category","embeddable":true,"href":"https:\/\/www.europesays.com\/fr\/wp-json\/wp\/v2\/categories?post=154845"},{"taxonomy":"post_tag","embeddable":true,"href":"https:\/\/www.europesays.com\/fr\/wp-json\/wp\/v2\/tags?post=154845"}],"curies":[{"name":"wp","href":"https:\/\/api.w.org\/{rel}","templated":true}]}}