{"id":15485,"date":"2025-04-10T17:15:12","date_gmt":"2025-04-10T17:15:12","guid":{"rendered":"https:\/\/www.europesays.com\/fr\/15485\/"},"modified":"2025-04-10T17:15:12","modified_gmt":"2025-04-10T17:15:12","slug":"scandale-des-eaux-minerales-une-note-interne-montre-comment-nestle-a-fraude-et-menti-mediapart","status":"publish","type":"post","link":"https:\/\/www.europesays.com\/fr\/15485\/","title":{"rendered":"Scandale des eaux min\u00e9rales : une note interne montre comment Nestl\u00e9 a fraud\u00e9 et menti &#8211; Mediapart"},"content":{"rendered":"<ol>\n<li><a href=\"https:\/\/news.google.com\/rss\/articles\/CBMiywFBVV95cUxNcVNjMnJEaGJfbnVFY09wMDY1dVBIVlRMclJhQWRGNUN0Rmc2ckJ0ZWltVWtMNVg3RnlfTkE0bGwzSEVYV1F3ZjBwc3FVYjNwMXNGNGdONGg5MzhtWldYUEFNR1pyMFJEdjd6MkNkRHVYUnhDYlA2cE1jQWtOTWlZOXJPYTF5RFBSM0dxeDZFcWpYZFZLdndEbldVR09WTUFCUjB3SzF2T3dlTUFFYm9NMGZ2Z0FQbnAtbUN4azFVOGFlZjVaZE9NLWNSWQ?oc=5\" target=\"_blank\" rel=\"noopener\">Scandale des eaux min\u00e9rales : une note interne montre comment Nestl\u00e9 a fraud\u00e9 et menti<\/a>&nbsp;&nbsp;Mediapart<\/li>\n<li><a href=\"https:\/\/news.google.com\/rss\/articles\/CBMizwFBVV95cUxPOE82cTAyNHFHWl9ubWI4UVZKd2hNTDNxa0lNUXdoQkdHYUhrVUlGMjAxR09hLVFyTmRieDlQZmx5SlUzTERkRHJxczVoUmQwWU5zcFM2V2g4Y0k0WHgtLXFfR3BVR25JanJlaVN3WEhIYXU5VnY2LVQ3eWhQcTNWMFRFNWpaOVZLUWloUGtEc0pyWW40OFFOWXNqZlpWaE9KUWNLREdlVnJ0MDh5QjNJUDRpblV1akVac0dsbUNmamFmcmZ2cXhIdGtsbWc4bDA?oc=5\" target=\"_blank\" rel=\"noopener\">Perrier menac\u00e9 de perdre son appellation d&rsquo;eau min\u00e9rale naturelle<\/a>&nbsp;&nbsp;Les Echos<\/li>\n<li><a href=\"https:\/\/news.google.com\/rss\/articles\/CBMiqgFBVV95cUxOdHByVmZJN1I0ejlrZ1MyY3ltWHFOcTBJNVRqejhMS1JvRnp1RWhid1NnNzkxbHJycTVNMFVSSE13RF9SYWVMdnNjLW94UE51SEJBdjUyaGlxR05tOUowbkRTUUFjckF2emY2blpGUVpfNG1KQTFUR0NMTTcyOWhRMS1Zb3pXUmtvcFVwUVQ3NGtENVU3aWxPc3FFNFV1UjRKT3otLUtzb3hqZw?oc=5\" target=\"_blank\" rel=\"noopener\">Scandale des eaux en bouteille : audition du DG de Nestl\u00e9<\/a>&nbsp;&nbsp;Public S\u00e9nat<\/li>\n<li><a href=\"https:\/\/news.google.com\/rss\/articles\/CBMi0wFBVV95cUxPTW8xVHhFRXBydVE0bmU5WGtheTZobzdJMEhCeTZfWTVJOTMtancxWS1Ca1Vka0JlZ0VsRElwLVFNSHBMcGV4TmtOblV3ZmlSSUNqMXRmZF9ZdU5MOFlXazRQOUFXU2pYRkFKVWpxcENDRVFRUllSQWg3MzB0Q3U3Q3RNR0hKMEFVaVE5TDhGWThTSkFISmtaSVJta0NQU2QtUDNySzdlVlVXWjZBUWtVRzBuY0pUVGctR2UtTlJLVldDc19FdzJuSTQ3LWtqRXRUeU1V?oc=5\" target=\"_blank\" rel=\"noopener\">Commission d&rsquo;enqu\u00eate Nestl\u00e9 : o\u00f9 s&rsquo;arr\u00eate le pouvoir du S\u00e9nat ?<\/a>&nbsp;&nbsp;Radio France<\/li>\n<li><a href=\"https:\/\/news.google.com\/rss\/articles\/CBMi8AFBVV95cUxNaWQwYS16VVQ0V2FPYlg0UFVBbE5XZXcxWHpiel9tSk9iQV9tYi1zSGViY1pJUTFuQ3ptb2dWbnNUaDlxeXJ2eEdzSWpIdk9yVUNGNU5YdUZqbEtKcXdwVDQwNWk1ZWMzNjBKaXhzb1BRbjRuYmJ3WXd6bE9YZGppVWdTSzYtTUdZamllR3BQcWNKb2lGbGhCbGtCRUI1SVN1QVpuUGtJYjlhTzlxRS1wdU9sQ0ZqU3pTT2ZIS0o1dTRxZThFYVFlZ1AxNDQ1azNiOUdZTllpVjdIaEJhNkltQTVOUEpESmcyYlFkMXNCM1o?oc=5\" target=\"_blank\" rel=\"noopener\">Affaire de la fraude aux eaux min\u00e9rales : mea culpa en demi-teinte de Nestl\u00e9 Waters<\/a>&nbsp;&nbsp;Lib\u00e9ration<\/li>\n<\/ol>\n","protected":false},"excerpt":{"rendered":"Scandale des eaux min\u00e9rales : une note interne montre comment Nestl\u00e9 a fraud\u00e9 et menti&nbsp;&nbsp;Mediapart Perrier menac\u00e9 de&hellip;\n","protected":false},"author":2,"featured_media":15486,"comment_status":"","ping_status":"","sticky":false,"template":"","format":"standard","meta":{"footnotes":""},"categories":[2],"tags":[11,6493,4858,5169,1011,27,5824,12,25],"class_list":{"0":"post-15485","1":"post","2":"type-post","3":"status-publish","4":"format-standard","5":"has-post-thumbnail","7":"category-actualites","8":"tag-actualites","9":"tag-alexis-kohler","10":"tag-eau","11":"tag-ecosystemes-et-pollution","12":"tag-fr","13":"tag-france","14":"tag-nestle","15":"tag-news","16":"tag-republique-francaise"},"share_on_mastodon":{"url":"https:\/\/pubeurope.com\/@fr\/114314800224967314","error":""},"_links":{"self":[{"href":"https:\/\/www.europesays.com\/fr\/wp-json\/wp\/v2\/posts\/15485","targetHints":{"allow":["GET"]}}],"collection":[{"href":"https:\/\/www.europesays.com\/fr\/wp-json\/wp\/v2\/posts"}],"about":[{"href":"https:\/\/www.europesays.com\/fr\/wp-json\/wp\/v2\/types\/post"}],"author":[{"embeddable":true,"href":"https:\/\/www.europesays.com\/fr\/wp-json\/wp\/v2\/users\/2"}],"replies":[{"embeddable":true,"href":"https:\/\/www.europesays.com\/fr\/wp-json\/wp\/v2\/comments?post=15485"}],"version-history":[{"count":0,"href":"https:\/\/www.europesays.com\/fr\/wp-json\/wp\/v2\/posts\/15485\/revisions"}],"wp:featuredmedia":[{"embeddable":true,"href":"https:\/\/www.europesays.com\/fr\/wp-json\/wp\/v2\/media\/15486"}],"wp:attachment":[{"href":"https:\/\/www.europesays.com\/fr\/wp-json\/wp\/v2\/media?parent=15485"}],"wp:term":[{"taxonomy":"category","embeddable":true,"href":"https:\/\/www.europesays.com\/fr\/wp-json\/wp\/v2\/categories?post=15485"},{"taxonomy":"post_tag","embeddable":true,"href":"https:\/\/www.europesays.com\/fr\/wp-json\/wp\/v2\/tags?post=15485"}],"curies":[{"name":"wp","href":"https:\/\/api.w.org\/{rel}","templated":true}]}}