{"id":154853,"date":"2025-06-05T20:56:15","date_gmt":"2025-06-05T20:56:15","guid":{"rendered":"https:\/\/www.europesays.com\/fr\/154853\/"},"modified":"2025-06-05T20:56:15","modified_gmt":"2025-06-05T20:56:15","slug":"lenvol-cote-plage-fidele-au-poste-pour-sa-18e-saison","status":"publish","type":"post","link":"https:\/\/www.europesays.com\/fr\/154853\/","title":{"rendered":"L&rsquo;Envol C\u00f4t\u00e9 Plage, fid\u00e8le au poste pour sa 18e saison"},"content":{"rendered":"<p>            Par<br \/>\n        <strong><br \/>\n            <a href=\"https:\/\/actu.fr\/auteur\/david-saint-sernin\" title=\"Consulter tous les articles de David Saint-Sernin\" target=\"_blank\" rel=\"noopener\">David Saint-Sernin<\/a><br \/>\n        <\/strong><\/p>\n<p>        Publi\u00e9 le<\/p>\n<p>            5 juin 2025 \u00e0 18h46        <\/p>\n<p><strong>Toulouse<\/strong>, <a href=\"https:\/\/actu.fr\/tag\/guinguettes-a-toulouse\" target=\"_blank\" rel=\"noopener\">pays des guinguettes<\/a>. Depuis 2015, des dizaines de ces <strong>guinguettes<\/strong> ont ouvert dans toute l\u2019agglom\u00e9ration, mais il fut un temps o\u00f9 il n\u2019y avait rien \u00e0 ce niveau-l\u00e0 dans la Ville rose. Bien avant La Centrale et le Canaille Club en 2016, un lieu permettait n\u00e9anmoins de prendre un verre les pieds dans le sable et r\u00e9unissait d\u00e9j\u00e0 les g\u00e9n\u00e9rations, en toute d\u00e9contraction, \u00e0 Toulouse. Ce lieu, c\u2019est <strong>L\u2019Envol C\u00f4t\u00e9 Plage,<\/strong> dont l\u2019ouverture date d\u00e9j\u00e0 de l\u2019\u00e9t\u00e9 2007.<\/p>\n<p>\u00ab\u2009La 18e saison\u2026 j\u2019ai du mal \u00e0 le croire\u2009\u00bb<\/p>\n<p class=\" wall-content\">\u00ab\u00a0Aujourd\u2019hui, c\u2019est la 18e saison. J\u2019ai du mal \u00e0 le croire, avoue<strong> Arnaud Ch\u00e9rubin<\/strong>, le patron, qui se souvient des d\u00e9buts\u2009:<\/p>\n<p class=\" wall-content\">\u00ab\u2009Avant L\u2019Envol C\u00f4t\u00e9 Plage, il y avait L\u2019Envol, un restaurant tenu par un couple. J\u2019avais d\u00e9couvert l\u2019endroit en prenant des cours de pilotage \u00e0 l\u2019a\u00e9rodrome de Lasbordes. C\u2019est en observant ce restaurant, son emplacement que j\u2019ai d\u00e9cid\u00e9 de faire une grande guinguette\u2009\u00bb.<\/p>\n<p>\u00ab\u2009Sans \u00eatre en vacances, commencez vos vacances \u00e0 l\u2019Envol\u2009\u00bb<\/p>\n<p class=\" wall-content\">Un \u00e9tablissement en plein air, et si excentr\u00e9, ce n\u2019\u00e9tait pas une \u00e9vidence \u00e0 l\u2019\u00e9poque\u2026<\/p>\n<p class=\" wall-content\">\u00ab\u2009\u00c0 l\u2019\u00e9poque, en guinguette, il n\u2019y avait rien \u00e0 Toulouse. J\u2019avais pris mon scooter depuis le boulevard des Cr\u00eates pour voir combien de temps on mettait pour venir du centre-ville. J\u2019avais compt\u00e9 8\u00a0minutes. Ce n\u2019\u00e9tait pas r\u00e9dhibitoire. Alors, on a repris le restaurant, on a gard\u00e9 le nom du resto qui avait une connotation tr\u00e8s positive, et nous avons tout r\u00e9am\u00e9nag\u00e9, notamment l\u2019espace autour. Notre message, c\u2019\u00e9tait de dire aux Toulousains\u2009: \u2018Commencez vos vacances \u00e0 l\u2019Envol sans \u00eatre en vacances, et passez un moment hors de Toulouse sans la quitter.\u2019 Tr\u00e8s vite, cela a bien pris. L\u2019\u00e9tablissement a \u00e9t\u00e9 agrandi. Il s\u2019est transform\u00e9 au fil du temps\u2009\u00bb, raconte Arnaud Ch\u00e9rubin.<\/p>\n<p>    <img   decoding=\"async\" loading=\"lazy\" src=\"https:\/\/www.europesays.com\/fr\/wp-content\/uploads\/2025\/06\/c-drd2-envol-2023-64-960x640.jpg\" alt=\"Le restaurant propose une cuisine m\u00e9dit\u00e9rran\u00e9enne, des viandes grill\u00e9es. Une cuisine avec des produits de proximit\u00e9. \" width=\"960\" height=\"640\"\/><br \/>\n    Le restaurant propose une cuisine m\u00e9diterran\u00e9enne, des viandes grill\u00e9es. Une cuisine avec des produits de proximit\u00e9. (\u00a9DRD2 Vision)Vid\u00e9os : en ce moment sur ActuUne remise \u00e0 plat chaque ann\u00e9e<\/p>\n<p class=\" wall-content\">Apr\u00e8s \u00ab\u2009un pic en 2016-2017\u2009\u00bb, la concurrence des guinguettes s\u2019est install\u00e9e et la remise \u00e0 plat du concept est devenue annuelle.<\/p>\n<p class=\" wall-content\">\u00ab\u2009Chaque ann\u00e9e, de nouveaux \u00e9tablissements ouvrent, et chaque ouverture est un d\u00e9fi. On s\u2019est professionnalis\u00e9, notamment au niveau de l\u2019offre en cuisine. Fabien Mast (Barbaque) s\u2019est associ\u00e9 avec nous. Cela fait 4\u00a0ans que cela dure. Les gens sont contents, on est sur des circuits courts\u2009\u00bb.<\/p>\n<p>De la viande sign\u00e9e Barbaque<\/p>\n<p class=\" wall-content\">C\u00f4t\u00e9 restaurant, tous les midis et soirs de la semaine, il est donc possible de d\u00e9guster la carte sign\u00e9e <a href=\"https:\/\/actu.fr\/occitanie\/toulouse_31555\/avis-aux-carnivores-un-nouveau-restaurant-barbaque-ouvre-en-centre-ville-de-toulouse_54242382.html\" target=\"_blank\" rel=\"noopener\">Barbaque<\/a> avec des tapas \u00e0 partager, des viandes grill\u00e9es, des poissons et produits frais.<\/p>\n<p class=\" wall-content\">Puis, tous les soirs \u00e0 partir de 19h, c\u00f4t\u00e9 plage, il est toujours possible de prendre un cocktail les pieds dans le sable.<\/p>\n<p>    <img   decoding=\"async\" loading=\"lazy\" src=\"https:\/\/www.europesays.com\/fr\/wp-content\/uploads\/2025\/06\/c-drd2-envol-2023-74-960x640.jpg\" alt=\"C\u00f4t\u00e9 resto, il est possible de manger les viandes grill\u00e9es, sign\u00e9es Barbaque.\" width=\"960\" height=\"640\"\/><br \/>\n    C\u00f4t\u00e9 resto, il est possible de manger les viandes grill\u00e9es, sign\u00e9es Barbaque. (\u00a9DRD2 Vision)Le d\u00e9cor change<\/p>\n<p class=\" wall-content\">Avce le temps, le d\u00e9cor a chang\u00e9\u2009: \u00ab\u2009on a rajout\u00e9 des palmiers, on a travaill\u00e9 le v\u00e9g\u00e9tal, des haies qui sont taill\u00e9es, il y a la rivi\u00e8re juste \u00e0 c\u00f4t\u00e9\u2009\u00bb.<\/p>\n<p class=\" wall-content\">L\u2019Envol C\u00f4t\u00e9 Plage, ouvert depuis le 30\u00a0avril va \u00e9tirer la saison <strong>jusqu\u2019au 7\u00a0septembre<\/strong>, tous les jours. Avec un grand parking qui permet de stationner jusqu\u2019\u00e0 300 v\u00e9hicules.<\/p>\n<p>Des soir\u00e9es sp\u00e9ciales<\/p>\n<p class=\" wall-content\">Tout l\u2019\u00e9t\u00e9, L\u2019Envol propose des soir\u00e9es sp\u00e9ciales\u2009:<\/p>\n<ul class=\" wall-content\">\n<li>Soir\u00e9e Texas et Santiags\u2009: 11 &amp; 12\u00a0juin<\/li>\n<li>Soir\u00e9e Br\u00e9sil\u2009: 18 &amp; 19\u00a0juin<\/li>\n<li>Soir\u00e9e Saint Tropez\u2009: 25 &amp; 26\u00a0juin<\/li>\n<li>Soir\u00e9e Bayonne\u2009: 2 &amp; 3\u00a0juillet<\/li>\n<li>Soir\u00e9e Yellow\u2009: 23 &amp; 24\u00a0juillet<\/li>\n<li>Soir\u00e9e mythique\u2009: Flower Power 20 &amp; 21\u00a0ao\u00fbt<\/li>\n<li>L\u2019Envol accueillera \u00e9galement les DJ\u2019s Oden &amp; Fatzo le mercredi 9\u00a0juillet.<\/li>\n<\/ul>\n<p class=\" wall-content\">Un vide-dressing des Toulousaines aura lieu le samedi 6\u00a0juillet.<\/p>\n<p>L\u2019Envol C\u00f4t\u00e9 Plage<br \/>Ouvert tous les jours de la semaine<br \/>Horaires\u2009: Le midi\u2009: Lundi \u2013 Vendredi\u2009: 12h-14h30 \/ Samedi \u2013 Dimanche\u2009: 12h \u2013 15h<br \/>Le soir\u2009: Lundi \u2013 Mardi\u2009: 19h \u2013 00h \/ Mercredi \u2013 Vendredi\u2009: 19h \u2013 2h \/ Samedi\u2009: 19h-3h \/ Dimanche\u2009: 19h \u2013 1h30<\/p>\n<p class=\" wall-content\">Suivez toute l\u2019actualit\u00e9 de vos villes et m\u00e9dias favoris en vous inscrivant \u00e0 <a href=\"https:\/\/moncompte.actu.fr\" title=\"D\u00e9couvez Mon Actu\" rel=\"nofollow noopener\" data-trk=\"{&quot;cta&quot;:{&quot;action&quot;:&quot;https:\\\/\\\/moncompte.actu.fr&quot;,&quot;category&quot;:&quot;mon compte&quot;,&quot;from&quot;:&quot;article footer&quot;,&quot;name&quot;:&quot;Mon actu&quot;,&quot;type&quot;:&quot;cta&quot;}}\" target=\"_blank\">Mon Actu<\/a>.<\/p>\n<ul class=\"ac-article-tag wall-content\">\n<li><a href=\"https:\/\/actu.fr\/tag\/guinguettes-a-toulouse\" data-trk=\"{&quot;cta&quot;:{&quot;action&quot;:&quot;Guinguettes \\u00e0 Toulouse&quot;,&quot;category&quot;:&quot;tag&quot;,&quot;from&quot;:&quot;article footer&quot;,&quot;name&quot;:&quot;Guinguettes \\u00e0 Toulouse&quot;,&quot;type&quot;:&quot;cta&quot;}}\" target=\"_blank\" rel=\"noopener\">#Guinguettes \u00e0 Toulouse<\/a><\/li>\n<li><a href=\"https:\/\/actu.fr\/tag\/restaurants-de-toulouse\" data-trk=\"{&quot;cta&quot;:{&quot;action&quot;:&quot;Restaurants de Toulouse&quot;,&quot;category&quot;:&quot;tag&quot;,&quot;from&quot;:&quot;article footer&quot;,&quot;name&quot;:&quot;Restaurants de Toulouse&quot;,&quot;type&quot;:&quot;cta&quot;}}\" target=\"_blank\" rel=\"noopener\">#Restaurants de Toulouse<\/a><\/li>\n<\/ul>\n","protected":false},"excerpt":{"rendered":"Par David Saint-Sernin Publi\u00e9 le 5 juin 2025 \u00e0 18h46 Toulouse, pays des guinguettes. Depuis 2015, des dizaines&hellip;\n","protected":false},"author":2,"featured_media":154854,"comment_status":"","ping_status":"","sticky":false,"template":"","format":"standard","meta":{"footnotes":""},"categories":[2816],"tags":[1111,11,1777,674,1011,27,14574,12,2680,25,2850,104,2312],"class_list":{"0":"post-154853","1":"post","2":"type-post","3":"status-publish","4":"format-standard","5":"has-post-thumbnail","7":"category-toulouse","8":"tag-actu","9":"tag-actualites","10":"tag-eu","11":"tag-europe","12":"tag-fr","13":"tag-france","14":"tag-guinguettes-a-toulouse","15":"tag-news","16":"tag-occitanie","17":"tag-republique-francaise","18":"tag-restaurants-de-toulouse","19":"tag-societe","20":"tag-toulouse"},"share_on_mastodon":{"url":"https:\/\/pubeurope.com\/@fr\/114632759106388748","error":""},"_links":{"self":[{"href":"https:\/\/www.europesays.com\/fr\/wp-json\/wp\/v2\/posts\/154853","targetHints":{"allow":["GET"]}}],"collection":[{"href":"https:\/\/www.europesays.com\/fr\/wp-json\/wp\/v2\/posts"}],"about":[{"href":"https:\/\/www.europesays.com\/fr\/wp-json\/wp\/v2\/types\/post"}],"author":[{"embeddable":true,"href":"https:\/\/www.europesays.com\/fr\/wp-json\/wp\/v2\/users\/2"}],"replies":[{"embeddable":true,"href":"https:\/\/www.europesays.com\/fr\/wp-json\/wp\/v2\/comments?post=154853"}],"version-history":[{"count":0,"href":"https:\/\/www.europesays.com\/fr\/wp-json\/wp\/v2\/posts\/154853\/revisions"}],"wp:featuredmedia":[{"embeddable":true,"href":"https:\/\/www.europesays.com\/fr\/wp-json\/wp\/v2\/media\/154854"}],"wp:attachment":[{"href":"https:\/\/www.europesays.com\/fr\/wp-json\/wp\/v2\/media?parent=154853"}],"wp:term":[{"taxonomy":"category","embeddable":true,"href":"https:\/\/www.europesays.com\/fr\/wp-json\/wp\/v2\/categories?post=154853"},{"taxonomy":"post_tag","embeddable":true,"href":"https:\/\/www.europesays.com\/fr\/wp-json\/wp\/v2\/tags?post=154853"}],"curies":[{"name":"wp","href":"https:\/\/api.w.org\/{rel}","templated":true}]}}