{"id":154861,"date":"2025-06-05T21:00:13","date_gmt":"2025-06-05T21:00:13","guid":{"rendered":"https:\/\/www.europesays.com\/fr\/154861\/"},"modified":"2025-06-05T21:00:13","modified_gmt":"2025-06-05T21:00:13","slug":"patrick-padovani-ancien-adjoint-a-la-sante-de-jean-claude-gaudin-est-mort-a-76-ans","status":"publish","type":"post","link":"https:\/\/www.europesays.com\/fr\/154861\/","title":{"rendered":"Patrick Padovani, ancien adjoint \u00e0 la sant\u00e9 de Jean-Claude Gaudin, est mort \u00e0 76\u00a0ans"},"content":{"rendered":"<p>Ancien adjoint \u00e0 la sant\u00e9 (2008-2020) du maire de Marseille Jean-Claude Gaudin, Patrick Padovani est d\u00e9c\u00e9d\u00e9 des suites d\u2019une longue maladie dans la nuit du mercredi\u00a04 au jeudi 5\u00a0juin \u00e0 l\u2019\u00e2ge de 76\u00a0ans. Mari\u00e9, p\u00e8re de deux filles et grand-p\u00e8re deux fois, ce m\u00e9decin g\u00e9n\u00e9raliste \u00e9tait entr\u00e9 en politique sur la liste de Bruno Gilles et Renaud Muselier, dans les 4e-5e, en\u00a01995. \u00ab\u00a0C&rsquo;\u00e9tait mon ami, mon m\u00e9decin, mon confident et un adjoint au maire remarquable. Un des rares en politique \u00e0 qui je pouvais vraiment me confier\u00a0\u00bb, salue Bruno Gilles, dont il \u00e9tait le m\u00e9decin de famille \u00ab\u00a0depuis\u00a01987\u00a0\u00bb.<\/p>\n<p>\u00ab\u00a0Patrick Padovani \u00e9tait le bon m\u00e9decin des pauvres\u00a0\u00bb<\/p>\n<p>\u00ab\u00a0Patrick venait du gaullisme social. Il lui arrivait de soigner des gens en dehors de son cabinet, c\u2019\u00e9tait le&rsquo;bon m\u00e9decin des pauvres&rsquo;, comme on le surnommait, poursuit l\u2019ancien maire des 4e-5e. Il a bataill\u00e9 pendant des ann\u00e9es pour <a href=\"https:\/\/www.laprovence.com\/article\/region\/28446598481523\/a-marseille-lancienne-minoterie-accueille-le-samu-social-toujours-plus-sollicite\" target=\"_blank\" rel=\"noopener\">le Samu social, la reconstruction totale de l\u2019UHU<\/a> (Unit\u00e9 d\u2019h\u00e9bergement d\u2019urgence, Ndlr), le plan Alzheimer, <a href=\"https:\/\/www.laprovence.com\/article\/edition-marseille\/5215508\/le-sida-ca-se-soigne-aussi-avec-la-politique.html\" target=\"_blank\" rel=\"noopener\">la lutte contre le sida<\/a> ou encore contre la toxicomanie.\u00a0\u00bb<\/p>\n<p>Ce dernier combat, Patrick Padovani l\u2019avait poursuivi ces derni\u00e8res ann\u00e9es en tant que m\u00e9decin et citoyen aux c\u00f4t\u00e9s de la premi\u00e8re adjointe actuelle, Mich\u00e8le Rubirola, <a href=\"https:\/\/www.laprovence.com\/article\/sante\/1158660136257216\/marseille-la-salle-de-shoot-ce-serpent-de-mer\" target=\"_blank\" rel=\"noopener\">pour l\u2019ouverture d\u2019une halte soin addiction<\/a> d\u00e9di\u00e9e \u00e0 l\u2019accueil des toxicomanes. \u00ab\u00a0Cela aura \u00e9t\u00e9 un des seuls points de divergence entre lui et moi, reprend Bruno Gilles. C\u2019est vrai qu\u2019il d\u00e9tonait dans la majorit\u00e9 de Jean-Claude Gaudin. Mais le maire l\u2019a toujours laiss\u00e9 faire, en lui restant fid\u00e8le.\u00a0\u00bb<\/p>\n<p>Apr\u00e8s une messe \u00e0 l\u2019\u00e9glise des Chartreux (4e), les obs\u00e8ques de Patrick Padovani auront lieu jeudi 12\u00a0juin \u00e0 17\u00a0heures au cr\u00e9matorium du cimeti\u00e8re Saint-Pierre.<\/p>\n<p><img alt=\"\" loading=\"lazy\" width=\"18\" height=\"18\" decoding=\"async\" data-nimg=\"1\" class=\"mx-[8px]\" style=\"color:transparent\" src=\"https:\/\/www.europesays.com\/fr\/wp-content\/uploads\/2025\/04\/comment.b95dda91.svg.svg+xml\"\/>D\u00e9marrez la conversation<\/p>\n<p class=\"text-[1.8rem] mt-[32px]\">Votre opinion compte pour nous. Rejoignez la communaut\u00e9 laprovence.com en r\u00e9agissant sur l&rsquo;article Patrick Padovani, ancien adjoint \u00e0 la sant\u00e9 de Jean-Claude Gaudin, est mort \u00e0 76\u00a0ans.<\/p>\n","protected":false},"excerpt":{"rendered":"Ancien adjoint \u00e0 la sant\u00e9 (2008-2020) du maire de Marseille Jean-Claude Gaudin, Patrick Padovani est d\u00e9c\u00e9d\u00e9 des suites&hellip;\n","protected":false},"author":2,"featured_media":154862,"comment_status":"","ping_status":"","sticky":false,"template":"","format":"standard","meta":{"footnotes":""},"categories":[2814],"tags":[17,1111,11,16190,4255,1777,674,1011,27,28494,28493,884,12,28492,12012,316,882,25,71],"class_list":{"0":"post-154861","1":"post","2":"type-post","3":"status-publish","4":"format-standard","5":"has-post-thumbnail","7":"category-marseille","8":"tag-17","9":"tag-actu","10":"tag-actualites","11":"tag-adjoint","12":"tag-ancien","13":"tag-eu","14":"tag-europe","15":"tag-fr","16":"tag-france","17":"tag-gaudin","18":"tag-jean-claude","19":"tag-marseille","20":"tag-news","21":"tag-padovani","22":"tag-patrick","23":"tag-politique","24":"tag-provence-alpes-cote-dazur","25":"tag-republique-francaise","26":"tag-sante"},"share_on_mastodon":{"url":"https:\/\/pubeurope.com\/@fr\/114632774397978415","error":""},"_links":{"self":[{"href":"https:\/\/www.europesays.com\/fr\/wp-json\/wp\/v2\/posts\/154861","targetHints":{"allow":["GET"]}}],"collection":[{"href":"https:\/\/www.europesays.com\/fr\/wp-json\/wp\/v2\/posts"}],"about":[{"href":"https:\/\/www.europesays.com\/fr\/wp-json\/wp\/v2\/types\/post"}],"author":[{"embeddable":true,"href":"https:\/\/www.europesays.com\/fr\/wp-json\/wp\/v2\/users\/2"}],"replies":[{"embeddable":true,"href":"https:\/\/www.europesays.com\/fr\/wp-json\/wp\/v2\/comments?post=154861"}],"version-history":[{"count":0,"href":"https:\/\/www.europesays.com\/fr\/wp-json\/wp\/v2\/posts\/154861\/revisions"}],"wp:featuredmedia":[{"embeddable":true,"href":"https:\/\/www.europesays.com\/fr\/wp-json\/wp\/v2\/media\/154862"}],"wp:attachment":[{"href":"https:\/\/www.europesays.com\/fr\/wp-json\/wp\/v2\/media?parent=154861"}],"wp:term":[{"taxonomy":"category","embeddable":true,"href":"https:\/\/www.europesays.com\/fr\/wp-json\/wp\/v2\/categories?post=154861"},{"taxonomy":"post_tag","embeddable":true,"href":"https:\/\/www.europesays.com\/fr\/wp-json\/wp\/v2\/tags?post=154861"}],"curies":[{"name":"wp","href":"https:\/\/api.w.org\/{rel}","templated":true}]}}