{"id":154865,"date":"2025-06-05T21:02:13","date_gmt":"2025-06-05T21:02:13","guid":{"rendered":"https:\/\/www.europesays.com\/fr\/154865\/"},"modified":"2025-06-05T21:02:13","modified_gmt":"2025-06-05T21:02:13","slug":"vous-avez-jusquau-15-juin-pour-voter-parmi-27-projets","status":"publish","type":"post","link":"https:\/\/www.europesays.com\/fr\/154865\/","title":{"rendered":"vous avez jusqu\u2019au 15\u00a0juin pour voter parmi 27 projets"},"content":{"rendered":"<p>Vous avez jusqu\u2019au 15\u00a0juin pour s\u00e9lectionner entre 3 et 10 id\u00e9es du budget participatif, parmi les 27 projets propos\u00e9s sur le 1er \u00a0arrondissement.<\/p>\n<p>Patrimoine<\/p>\n<p>Il est surtout question de restauration et de remise en service de fontaines publiques. Celles du jardin de la Grande C\u00f4te (budget estim\u00e9 \u00e0 520\u00a0000\u00a0\u20ac) et celle de l\u2019artiste Ipoust\u00e9guy, Place Pradel (260\u00a0000\u00a0\u20ac) sont vivement souhait\u00e9es par les Lyonnais. Le mus\u00e9e des Beaux-Arts n\u2019est pas oubli\u00e9. <\/p>\n<p>Les habitants demandent la restauration des&#8230;<\/p>\n","protected":false},"excerpt":{"rendered":"Vous avez jusqu\u2019au 15\u00a0juin pour s\u00e9lectionner entre 3 et 10 id\u00e9es du budget participatif, parmi les 27 projets&hellip;\n","protected":false},"author":2,"featured_media":154866,"comment_status":"","ping_status":"","sticky":false,"template":"","format":"standard","meta":{"footnotes":""},"categories":[1889],"tags":[1111,11,2430,2757,1777,674,1011,27,2428,7789,2801,12,316,25,104],"class_list":{"0":"post-154865","1":"post","2":"type-post","3":"status-publish","4":"format-standard","5":"has-post-thumbnail","7":"category-lyon","8":"tag-actu","9":"tag-actualites","10":"tag-auvergne-rhone-alpes","11":"tag-edition-lyon-villeurbanne","12":"tag-eu","13":"tag-europe","14":"tag-fr","15":"tag-france","16":"tag-lyon","17":"tag-lyon-1er","18":"tag-lyon-1er-arrondissement","19":"tag-news","20":"tag-politique","21":"tag-republique-francaise","22":"tag-societe"},"share_on_mastodon":{"url":"https:\/\/pubeurope.com\/@fr\/114632782328304852","error":""},"_links":{"self":[{"href":"https:\/\/www.europesays.com\/fr\/wp-json\/wp\/v2\/posts\/154865","targetHints":{"allow":["GET"]}}],"collection":[{"href":"https:\/\/www.europesays.com\/fr\/wp-json\/wp\/v2\/posts"}],"about":[{"href":"https:\/\/www.europesays.com\/fr\/wp-json\/wp\/v2\/types\/post"}],"author":[{"embeddable":true,"href":"https:\/\/www.europesays.com\/fr\/wp-json\/wp\/v2\/users\/2"}],"replies":[{"embeddable":true,"href":"https:\/\/www.europesays.com\/fr\/wp-json\/wp\/v2\/comments?post=154865"}],"version-history":[{"count":0,"href":"https:\/\/www.europesays.com\/fr\/wp-json\/wp\/v2\/posts\/154865\/revisions"}],"wp:featuredmedia":[{"embeddable":true,"href":"https:\/\/www.europesays.com\/fr\/wp-json\/wp\/v2\/media\/154866"}],"wp:attachment":[{"href":"https:\/\/www.europesays.com\/fr\/wp-json\/wp\/v2\/media?parent=154865"}],"wp:term":[{"taxonomy":"category","embeddable":true,"href":"https:\/\/www.europesays.com\/fr\/wp-json\/wp\/v2\/categories?post=154865"},{"taxonomy":"post_tag","embeddable":true,"href":"https:\/\/www.europesays.com\/fr\/wp-json\/wp\/v2\/tags?post=154865"}],"curies":[{"name":"wp","href":"https:\/\/api.w.org\/{rel}","templated":true}]}}