{"id":154867,"date":"2025-06-05T21:03:16","date_gmt":"2025-06-05T21:03:16","guid":{"rendered":"https:\/\/www.europesays.com\/fr\/154867\/"},"modified":"2025-06-05T21:03:16","modified_gmt":"2025-06-05T21:03:16","slug":"lyon-7e-la-ressourcerie-creative-de-lyon-celebre-ses-3-ans-quels-ateliers-sont-prevus","status":"publish","type":"post","link":"https:\/\/www.europesays.com\/fr\/154867\/","title":{"rendered":"Lyon 7e. La Ressourcerie cr\u00e9ative de Lyon c\u00e9l\u00e8bre ses 3 ans, quels ateliers sont pr\u00e9vus\u00a0?"},"content":{"rendered":"<p>Avec plus de 250 b\u00e9n\u00e9voles aujourd\u2019hui, la Ressourcerie Cr\u00e9ative de Lyon (RCL) contre un seul \u00e0 l\u2019origine du projet, la structure ne cesse de cro\u00eetre.<\/p>\n<p>\u00ab\u00a0Notre plus grande r\u00e9ussite, c\u2019est l\u2019ouverture du samedi, elle nous permet d\u2019accueillir des b\u00e9n\u00e9voles, notamment ceux en qu\u00eate de lien social et d\u2019inclusion sociale, qui ne seraient pas disponibles en semaine.\u00bb, confie \u00c9lodie Gu\u00e9guen-Teil, pr\u00e9sidente et fondatrice. Un poste salari\u00e9 \u00e0 temps partiel, financ\u00e9 par la M\u00e9tropole de Lyon&#8230;<\/p>\n","protected":false},"excerpt":{"rendered":"Avec plus de 250 b\u00e9n\u00e9voles aujourd\u2019hui, la Ressourcerie Cr\u00e9ative de Lyon (RCL) contre un seul \u00e0 l\u2019origine du&hellip;\n","protected":false},"author":2,"featured_media":154868,"comment_status":"","ping_status":"","sticky":false,"template":"","format":"standard","meta":{"footnotes":""},"categories":[1889],"tags":[1111,11,2430,4406,33,2757,1777,674,1011,27,2428,5947,5946,12,25],"class_list":{"0":"post-154867","1":"post","2":"type-post","3":"status-publish","4":"format-standard","5":"has-post-thumbnail","7":"category-lyon","8":"tag-actu","9":"tag-actualites","10":"tag-auvergne-rhone-alpes","11":"tag-commerce-et-services","12":"tag-economie","13":"tag-edition-lyon-villeurbanne","14":"tag-eu","15":"tag-europe","16":"tag-fr","17":"tag-france","18":"tag-lyon","19":"tag-lyon-7e","20":"tag-lyon-7e-arrondissement","21":"tag-news","22":"tag-republique-francaise"},"share_on_mastodon":{"url":"https:\/\/pubeurope.com\/@fr\/114632786721902052","error":""},"_links":{"self":[{"href":"https:\/\/www.europesays.com\/fr\/wp-json\/wp\/v2\/posts\/154867","targetHints":{"allow":["GET"]}}],"collection":[{"href":"https:\/\/www.europesays.com\/fr\/wp-json\/wp\/v2\/posts"}],"about":[{"href":"https:\/\/www.europesays.com\/fr\/wp-json\/wp\/v2\/types\/post"}],"author":[{"embeddable":true,"href":"https:\/\/www.europesays.com\/fr\/wp-json\/wp\/v2\/users\/2"}],"replies":[{"embeddable":true,"href":"https:\/\/www.europesays.com\/fr\/wp-json\/wp\/v2\/comments?post=154867"}],"version-history":[{"count":0,"href":"https:\/\/www.europesays.com\/fr\/wp-json\/wp\/v2\/posts\/154867\/revisions"}],"wp:featuredmedia":[{"embeddable":true,"href":"https:\/\/www.europesays.com\/fr\/wp-json\/wp\/v2\/media\/154868"}],"wp:attachment":[{"href":"https:\/\/www.europesays.com\/fr\/wp-json\/wp\/v2\/media?parent=154867"}],"wp:term":[{"taxonomy":"category","embeddable":true,"href":"https:\/\/www.europesays.com\/fr\/wp-json\/wp\/v2\/categories?post=154867"},{"taxonomy":"post_tag","embeddable":true,"href":"https:\/\/www.europesays.com\/fr\/wp-json\/wp\/v2\/tags?post=154867"}],"curies":[{"name":"wp","href":"https:\/\/api.w.org\/{rel}","templated":true}]}}