{"id":154873,"date":"2025-06-05T21:06:09","date_gmt":"2025-06-05T21:06:09","guid":{"rendered":"https:\/\/www.europesays.com\/fr\/154873\/"},"modified":"2025-06-05T21:06:09","modified_gmt":"2025-06-05T21:06:09","slug":"une-partie-de-la86-exterieur-coupee-dans-les-hauts-de-seine-apres-un-accident-de-la-circulation","status":"publish","type":"post","link":"https:\/\/www.europesays.com\/fr\/154873\/","title":{"rendered":"Une partie de l&rsquo;A86 ext\u00e9rieur coup\u00e9e dans les Hauts-de-Seine apr\u00e8s un accident de la circulation"},"content":{"rendered":"<p>            Par<br \/>\n        <strong><br \/>\n            <a href=\"https:\/\/actu.fr\/auteur\/thomas-martin\" title=\"Consulter tous les articles de Thomas Martin\" target=\"_blank\" rel=\"noopener\">Thomas Martin<\/a><br \/>\n        <\/strong><\/p>\n<p>        Publi\u00e9 le<\/p>\n<p>            5 juin 2025 \u00e0 19h15        <\/p>\n<p>Voil\u00e0 qui ne va pas arranger les affaires des automobilistes dans l\u2019ouest de Paris ce jeudi 5 juin. Sytadin a annonc\u00e9 \u00e0 18h50 la coupure de l\u2019A86 ext\u00e9rieur entre Rueil-Malmaison et Vaucresson (Duplex) dans les Hauts-de-Seine,\u00a0 \u00e0 la suite d\u2019un <a href=\"https:\/\/actu.fr\/tag\/accident\" target=\"_blank\" rel=\"noopener\">accident<\/a> de la <a href=\"https:\/\/actu.fr\/tag\/circulation\" target=\"_blank\" rel=\"noopener\">circulation<\/a>. Pour rejoindre l\u2019A13 depuis l\u2019A86, il est conseill\u00e9 de prendre l\u2019A14 vers Paris puis le Boulevard p\u00e9riph\u00e9rique Sud.<\/p>\n<p class=\" wall-content\">\n<p class=\" wall-content\">Ce jeudi, comme la veille, les bouchons sont importants en \u00cele-de-France. A 19h, on relevait <a href=\"https:\/\/actu.fr\/ile-de-france\/paris_75056\/circulation-plus-472-kilometres-de-bouchons-sur-les-routes-de-paris-et-d-ile-de-france_62735901.html\" target=\"_blank\" rel=\"noopener\">pr\u00e8s de 500 kilom\u00e8tres<\/a> de ralentissements autour de Paris.\u00a0<\/p>\n<p class=\" wall-content\">Un avant-go\u00fbt de ce qui attend les automobilistes vendredi pour le week-end de la Pentec\u00f4te. \u00a0La journ\u00e9e du vendredi 6 juin est class\u00e9e rouge dans le sens des d\u00e9parts par <a href=\"https:\/\/actu.fr\/ile-de-france\/paris_75056\/bison-fute-voit-rouge-pour-la-pentecote-comment-eviter-les-bouchons-a-paris-et-en-ile-de-france_62728218.html\" target=\"_blank\" rel=\"noopener\">Bison Fut\u00e9<\/a> et orange dans le sens des retours.<\/p>\n<p class=\" wall-content\">Suivez toute l\u2019actualit\u00e9 de vos villes et m\u00e9dias favoris en vous inscrivant \u00e0 <a href=\"https:\/\/moncompte.actu.fr\" title=\"D\u00e9couvez Mon Actu\" rel=\"nofollow noopener\" data-trk=\"{&quot;cta&quot;:{&quot;action&quot;:&quot;https:\\\/\\\/moncompte.actu.fr&quot;,&quot;category&quot;:&quot;mon compte&quot;,&quot;from&quot;:&quot;article footer&quot;,&quot;name&quot;:&quot;Mon actu&quot;,&quot;type&quot;:&quot;cta&quot;}}\" target=\"_blank\">Mon Actu<\/a>.<\/p>\n<ul class=\"ac-article-tag wall-content\">\n<li><a href=\"https:\/\/actu.fr\/tag\/autoroute-86-a86\" data-trk=\"{&quot;cta&quot;:{&quot;action&quot;:&quot;Autoroute 86 (A86)&quot;,&quot;category&quot;:&quot;tag&quot;,&quot;from&quot;:&quot;article footer&quot;,&quot;name&quot;:&quot;Autoroute 86 (A86)&quot;,&quot;type&quot;:&quot;cta&quot;}}\" target=\"_blank\" rel=\"noopener\">#Autoroute 86 (A86)<\/a><\/li>\n<li><a href=\"https:\/\/actu.fr\/tag\/circulation\" data-trk=\"{&quot;cta&quot;:{&quot;action&quot;:&quot;Circulation&quot;,&quot;category&quot;:&quot;tag&quot;,&quot;from&quot;:&quot;article footer&quot;,&quot;name&quot;:&quot;Circulation&quot;,&quot;type&quot;:&quot;cta&quot;}}\" target=\"_blank\" rel=\"noopener\">#Circulation<\/a><\/li>\n<\/ul>\n","protected":false},"excerpt":{"rendered":"Par Thomas Martin Publi\u00e9 le 5 juin 2025 \u00e0 19h15 Voil\u00e0 qui ne va pas arranger les affaires&hellip;\n","protected":false},"author":2,"featured_media":154874,"comment_status":"","ping_status":"","sticky":false,"template":"","format":"standard","meta":{"footnotes":""},"categories":[1888],"tags":[1111,1928,11,1927,15565,3542,1777,674,1011,27,12,1926,626,1925,25,104],"class_list":{"0":"post-154873","1":"post","2":"type-post","3":"status-publish","4":"format-standard","5":"has-post-thumbnail","7":"category-paris","8":"tag-actu","9":"tag-actu-paris","10":"tag-actualites","11":"tag-actualites-paris","12":"tag-autoroute-86-a86","13":"tag-circulation","14":"tag-eu","15":"tag-europe","16":"tag-fr","17":"tag-france","18":"tag-news","19":"tag-news-paris","20":"tag-paris","21":"tag-paris-news","22":"tag-republique-francaise","23":"tag-societe"},"share_on_mastodon":{"url":"https:\/\/pubeurope.com\/@fr\/114632798036083228","error":""},"_links":{"self":[{"href":"https:\/\/www.europesays.com\/fr\/wp-json\/wp\/v2\/posts\/154873","targetHints":{"allow":["GET"]}}],"collection":[{"href":"https:\/\/www.europesays.com\/fr\/wp-json\/wp\/v2\/posts"}],"about":[{"href":"https:\/\/www.europesays.com\/fr\/wp-json\/wp\/v2\/types\/post"}],"author":[{"embeddable":true,"href":"https:\/\/www.europesays.com\/fr\/wp-json\/wp\/v2\/users\/2"}],"replies":[{"embeddable":true,"href":"https:\/\/www.europesays.com\/fr\/wp-json\/wp\/v2\/comments?post=154873"}],"version-history":[{"count":0,"href":"https:\/\/www.europesays.com\/fr\/wp-json\/wp\/v2\/posts\/154873\/revisions"}],"wp:featuredmedia":[{"embeddable":true,"href":"https:\/\/www.europesays.com\/fr\/wp-json\/wp\/v2\/media\/154874"}],"wp:attachment":[{"href":"https:\/\/www.europesays.com\/fr\/wp-json\/wp\/v2\/media?parent=154873"}],"wp:term":[{"taxonomy":"category","embeddable":true,"href":"https:\/\/www.europesays.com\/fr\/wp-json\/wp\/v2\/categories?post=154873"},{"taxonomy":"post_tag","embeddable":true,"href":"https:\/\/www.europesays.com\/fr\/wp-json\/wp\/v2\/tags?post=154873"}],"curies":[{"name":"wp","href":"https:\/\/api.w.org\/{rel}","templated":true}]}}