{"id":15488,"date":"2025-04-10T17:17:11","date_gmt":"2025-04-10T17:17:11","guid":{"rendered":"https:\/\/www.europesays.com\/fr\/15488\/"},"modified":"2025-04-10T17:17:11","modified_gmt":"2025-04-10T17:17:11","slug":"la-classique-de-golf-normand-leveille-victime-de-sa-popularite","status":"publish","type":"post","link":"https:\/\/www.europesays.com\/fr\/15488\/","title":{"rendered":"La classique de golf Normand-L\u00e9veill\u00e9 victime de sa popularit\u00e9"},"content":{"rendered":"<p><strong>GOLF. Victime de sa popularit\u00e9, la traditionnelle classique de golf du Centre Normand-L\u00e9veill\u00e9 (CNL) se d\u00e9roulera sur deux terrains plut\u00f4t qu\u2019un. <\/strong><strong>Le club de golf Le Drummond de Saint-Majorique se joint ainsi au club Heriot pour l\u2019organisation de l\u2019\u00e9v\u00e9nement.<\/strong><\/p>\n<p>La formule Pro-Am, qui consiste \u00e0 associer trois participants \u00e0 un professionnel de la <a href=\"https:\/\/www.journalexpress.ca\/2025\/01\/30\/un-jumelage-phare-pour-la-classique-de-golf-normand-leveille\/\" rel=\"nofollow noopener\" target=\"_blank\">PGA du Qu\u00e9bec<\/a>, a connu un succ\u00e8s retentissant : \u00abToutes nos \u00e9quipes pour un terrain se sont vendues en un clin d\u2019\u0153il, alors nous avons d\u00fb r\u00e9agir rapidement et ajouter un autre terrain\u00bb, a pr\u00e9cis\u00e9 la directrice g\u00e9n\u00e9rale de la Fondation du Centre Normand-L\u00e9veill\u00e9, \u00c8ve Grandmont.<\/p>\n<p><img loading=\"lazy\" decoding=\"async\" class=\"wp-image-247861\" src=\"https:\/\/www.europesays.com\/fr\/wp-content\/uploads\/2025\/04\/Golf-4-e1744210775506.jpg\" alt=\"\" width=\"227\" height=\"258\"\/>Jean-Fran\u00e7ois Forget, Pr\u00e9sident de la Fondation Normand-L\u00e9veill\u00e9. (Photo : Ghyslain Bergeron)<\/p>\n<p>La classique de golf est un incontournable financi\u00e8rement pour le CNL\u00a0: \u00abC\u2019est notre plus grosse activit\u00e9 de financement de l\u2019ann\u00e9e. La classique de golf g\u00e9n\u00e8re \u00e0 elle seule 75\u00a0% de notre budget annuel\u00bb, ajoute le pr\u00e9sident de la Fondation Normand-L\u00e9veill\u00e9, Jean-Fran\u00e7ois Forget.<\/p>\n<p>Le directeur g\u00e9n\u00e9ral de la PGA du Qu\u00e9bec, \u00c9ric Couture, se r\u00e9jouit de participer \u00e0 l\u2019organisation de cet \u00e9v\u00e9nement : \u00abCela me tient particuli\u00e8rement \u00e0 c\u0153ur, car j\u2019ai un enfant qui se trouve dans cette situation-l\u00e0 [\u2026] En tant qu\u2019association, on veut plus s\u2019impliquer dans la soci\u00e9t\u00e9 pour aider les fondations qui en ont besoin.\u00bb<\/p>\n<p><img loading=\"lazy\" decoding=\"async\" class=\"wp-image-247852\" src=\"https:\/\/www.europesays.com\/fr\/wp-content\/uploads\/2025\/04\/Golf-3-e1744210282152.jpg\" alt=\"\" width=\"200\" height=\"210\"\/>\u00c9ric Couture, directeur g\u00e9n\u00e9ral de la PGA du Qu\u00e9bec. (Photo : Ghyslain Bergeron)<\/p>\n<p>Pour la PGA du Qu\u00e9bec, la classique de golf Normand-L\u00e9veill\u00e9 reste leur plus grosse collaboration de la saison. M. Couture a annonc\u00e9 que la plupart des joueurs du circuit professionnel de golf du Qu\u00e9bec seront pr\u00e9sents pour y participer. \u00abCe qui est sp\u00e9cial, c\u2019est que, le lendemain de la classique de golf, les professionnels de la PGA du Qu\u00e9bec auront une comp\u00e9tition ici, au club de golf Heriot\u00bb, explique-t-il.<\/p>\n<p>Le directeur g\u00e9n\u00e9ral de la PGA du Qu\u00e9bec a r\u00e9v\u00e9l\u00e9 quelques noms de participants \u00e0 l\u2019\u00e9v\u00e9nement\u00a0: \u00abJe m\u2019attends \u00e0 voir C\u00e9dric Michaud, William Blanchard, Billy Houle et Dom Lalonde.\u00bb Cet \u00e9v\u00e9nement sera \u00e9galement l\u2019occasion pour les d\u00e9butants d\u2019obtenir des conseils, selon M.\u00a0Couture, \u00abJe le dis, mais c\u2019est comme une le\u00e7on de 18\u00a0trous. C\u2019est une formule qui est vraiment agr\u00e9able pour les deux parties.\u00bb<\/p>\n<p><strong>Surprise apr\u00e8s surprise<\/strong><\/p>\n<p>Cette ann\u00e9e, c\u2019est Daniel Melan\u00e7on qui assurera l\u2019animation du souper. L\u2019organisation se garde des surprises, par exemple, elle n\u2019a pas encore d\u00e9voil\u00e9 quels joueurs de hockey seraient pr\u00e9sents<strong>\u00a0<\/strong>\u00e0 l\u2019\u00e9v\u00e9nement.<\/p>\n<p>Pour l\u2019instant, 50\u00a0\u00e9quipes de trois personnes ont confirm\u00e9 leur pr\u00e9sence \u00e0 l\u2019\u00e9v\u00e9nement sur un maximum de 72. Rappelons que la classique de golf aura lieu le 28\u00a0mai prochain en journ\u00e9e.<\/p>\n<p>Pour participer au tournoi, s\u2019impliquer ou profiter de la soir\u00e9e festive, contactez la Fondation du Centre Normand-L\u00e9veill\u00e9 au 819 478-1201.<\/p>\n","protected":false},"excerpt":{"rendered":"GOLF. Victime de sa popularit\u00e9, la traditionnelle classique de golf du Centre Normand-L\u00e9veill\u00e9 (CNL) se d\u00e9roulera sur deux&hellip;\n","protected":false},"author":2,"featured_media":15489,"comment_status":"","ping_status":"","sticky":false,"template":"","format":"standard","meta":{"footnotes":""},"categories":[1418],"tags":[6494,6495,6496,6497,6498,6499,6500,6501,827,6502,6503,6504,6505,6506,6507,6508,1011,27,1472,6509,6510,6511,6512,6513,517,60,6514,6515],"class_list":{"0":"post-15488","1":"post","2":"type-post","3":"status-publish","4":"format-standard","5":"has-post-thumbnail","7":"category-golf","8":"tag-28-mai","9":"tag-billy-houle","10":"tag-cedric-michaud","11":"tag-centre-normand-leveille","12":"tag-centre-du-quebec","13":"tag-club-de-golf-heriot","14":"tag-club-de-golf-le-drummond","15":"tag-cnl","16":"tag-competition","17":"tag-daniel-melancon","18":"tag-dom-lalonde","19":"tag-drummondville","20":"tag-eric-couture","21":"tag-eve-grandmont","22":"tag-express","23":"tag-fondation-du-centre-normand-leveille","24":"tag-fr","25":"tag-france","26":"tag-golf","27":"tag-jean-francois-forget","28":"tag-journal-lexpress","29":"tag-normand-leveille","30":"tag-pga-du-quebec","31":"tag-pro-am","32":"tag-sport","33":"tag-sports","34":"tag-ville-de-drummondville","35":"tag-william-blanchard"},"share_on_mastodon":{"url":"https:\/\/pubeurope.com\/@fr\/114314808046025138","error":""},"_links":{"self":[{"href":"https:\/\/www.europesays.com\/fr\/wp-json\/wp\/v2\/posts\/15488","targetHints":{"allow":["GET"]}}],"collection":[{"href":"https:\/\/www.europesays.com\/fr\/wp-json\/wp\/v2\/posts"}],"about":[{"href":"https:\/\/www.europesays.com\/fr\/wp-json\/wp\/v2\/types\/post"}],"author":[{"embeddable":true,"href":"https:\/\/www.europesays.com\/fr\/wp-json\/wp\/v2\/users\/2"}],"replies":[{"embeddable":true,"href":"https:\/\/www.europesays.com\/fr\/wp-json\/wp\/v2\/comments?post=15488"}],"version-history":[{"count":0,"href":"https:\/\/www.europesays.com\/fr\/wp-json\/wp\/v2\/posts\/15488\/revisions"}],"wp:featuredmedia":[{"embeddable":true,"href":"https:\/\/www.europesays.com\/fr\/wp-json\/wp\/v2\/media\/15489"}],"wp:attachment":[{"href":"https:\/\/www.europesays.com\/fr\/wp-json\/wp\/v2\/media?parent=15488"}],"wp:term":[{"taxonomy":"category","embeddable":true,"href":"https:\/\/www.europesays.com\/fr\/wp-json\/wp\/v2\/categories?post=15488"},{"taxonomy":"post_tag","embeddable":true,"href":"https:\/\/www.europesays.com\/fr\/wp-json\/wp\/v2\/tags?post=15488"}],"curies":[{"name":"wp","href":"https:\/\/api.w.org\/{rel}","templated":true}]}}