{"id":154883,"date":"2025-06-05T21:11:20","date_gmt":"2025-06-05T21:11:20","guid":{"rendered":"https:\/\/www.europesays.com\/fr\/154883\/"},"modified":"2025-06-05T21:11:20","modified_gmt":"2025-06-05T21:11:20","slug":"trump-avertit-dune-violente-riposte-russe-soutien-inconditionnel-de-pyongyang-a-moscou-blocage-de-lacces-a-la-mer-noire-lactu-de-la-guerre-en-ukraine","status":"publish","type":"post","link":"https:\/\/www.europesays.com\/fr\/154883\/","title":{"rendered":"Trump avertit d\u2019une violente riposte russe, \u00absoutien inconditionnel\u00bb de Pyongyang \u00e0 Moscou, blocage de l\u2019acc\u00e8s \u00e0 la mer Noire\u2026 L\u2019actu de la guerre en Ukraine ce jeudi \u2013 Lib\u00e9ration"},"content":{"rendered":"<p class=\"sc-ksZaOG ehjQrN text-element\"><a href=\"https:\/\/www.liberation.fr\/international\/amerique\/guerre-en-ukraine-trump-estime-que-poutine-est-devenu-completement-fou-20250526_2O7C3SGOIFD7XM7DN356OEV6LI\/\" target=\"_blank\" rel=\"noreferrer noopener\" title=\"https:\/\/www.liberation.fr\/international\/amerique\/guerre-en-ukraine-trump-estime-que-poutine-est-devenu-completement-fou-20250526_2O7C3SGOIFD7XM7DN356OEV6LI\/\">Donald Trump<\/a> a pr\u00e9venu dans la nuit de mercredi que Vladimir Poutine allait riposter \u00e0 la <a href=\"https:\/\/www.liberation.fr\/checknews\/quel-est-le-bilan-de-lattaque-ukrainienne-historique-contre-les-bases-aeriennes-russes-20250603_32A3YZUD7NB2LA2SUPZ4U7USS4\/?redirected=1\" target=\"_blank\" rel=\"noreferrer noopener\" title=\"https:\/\/www.liberation.fr\/checknews\/quel-est-le-bilan-de-lattaque-ukrainienne-historique-contre-les-bases-aeriennes-russes-20250603_32A3YZUD7NB2LA2SUPZ4U7USS4\/?redirected=1\">spectaculaire attaque ukrainienne contre des bombardiers russes<\/a>. Aux termes d\u2019un \u00e9change t\u00e9l\u00e9phonique d\u2019une heure et quart avec son homologue russe, il a aussi assur\u00e9 qu\u2019il n\u2019y aurait pas de \u00abpaix imm\u00e9diate\u00bb entre Kyiv et Moscou. Pour sa part, le Kremlin a qualifi\u00e9 de \u00abpositive\u00bb et \u00abproductive\u00bb la conversation, ajoutant que <a href=\"https:\/\/www.liberation.fr\/international\/europe\/guerre-en-ukraine-peut-etre-quil-me-balade-depuis-le-debut-ecrit-trump-au-sujet-de-poutine-20250426_ABPRIXLTKZAQDKBBDQK2CA2VBY\/\" target=\"_blank\" rel=\"noreferrer noopener\" title=\"https:\/\/www.liberation.fr\/international\/europe\/guerre-en-ukraine-peut-etre-quil-me-balade-depuis-le-debut-ecrit-trump-au-sujet-de-poutine-20250426_ABPRIXLTKZAQDKBBDQK2CA2VBY\/\">les deux dirigeants<\/a> avaient d\u00e9cid\u00e9 de \u00abrester en contact permanent\u00bb. Quelques heures apr\u00e8s ce coup de fil, le pr\u00e9sident ukrainien, Volodymyr Zelensky a appel\u00e9 sur X \u00e0 ne pas se montrer \u00abfaible\u00bb face au pr\u00e9sident russe.<\/p>\n<p class=\"sc-ksZaOG ehjQrN text-element\">Apr\u00e8s l\u2019annonce de Donald Trump, la Russie a poursuivi son offensive contre l\u2019Ukraine. Dans la nuit de mercredi \u00e0 jeudi dans le nord du pays, une <a href=\"https:\/\/www.liberation.fr\/international\/europe\/drones-ukrainiens-avec-une-charge-de-65-kg-ca-peut-faire-beaucoup-de-degats-20250603_UCBTD6GTAVCH5JZEYHDEOL3CHA\/\" target=\"_blank\" rel=\"noreferrer noopener\" title=\"https:\/\/www.liberation.fr\/international\/europe\/drones-ukrainiens-avec-une-charge-de-65-kg-ca-peut-faire-beaucoup-de-degats-20250603_UCBTD6GTAVCH5JZEYHDEOL3CHA\/\">attaque de drones<\/a> a fait au moins cinq morts, dont un enfant d\u2019un an, a annonc\u00e9 le chef de l\u2019administration de la r\u00e9gion ukrainienne de Tcherniguiv. <a href=\"https:\/\/www.liberation.fr\/international\/europe\/des-experts-de-lonu-estiment-que-des-attaques-de-drones-russes-sur-lukraine-sont-des-crimes-contre-lhumanite-20250528_G7BRP756WFASRNE2BQXY3Y4Y5A\/\" target=\"_blank\" rel=\"noreferrer noopener\" title=\"https:\/\/www.liberation.fr\/international\/europe\/des-experts-de-lonu-estiment-que-des-attaques-de-drones-russes-sur-lukraine-sont-des-crimes-contre-lhumanite-20250528_G7BRP756WFASRNE2BQXY3Y4Y5A\/\">Ces frappes<\/a> sur la localit\u00e9 de Prylouky \u00abont endommag\u00e9 des b\u00e2timents dans une zone r\u00e9sidentielle\u00bb, a \u00e9crit Viatcheslav Tchaus sur Telegram, pr\u00e9cisant que six bless\u00e9s avaient \u00e9t\u00e9 hospitalis\u00e9s. A <a href=\"https:\/\/www.liberation.fr\/international\/europe\/ukraine-pres-de-kharkiv-la-maison-de-lespoir-montre-aux-enfants-quune-autre-vie-est-possible-20250408_BEEHQJ6V35DVTFBX3WECKTRQGU\/\" target=\"_blank\" rel=\"noreferrer noopener\" title=\"https:\/\/www.liberation.fr\/international\/europe\/ukraine-pres-de-kharkiv-la-maison-de-lespoir-montre-aux-enfants-quune-autre-vie-est-possible-20250408_BEEHQJ6V35DVTFBX3WECKTRQGU\/\">Kharkiv,<\/a> grande ville du nord-est proche de la fronti\u00e8re russe, aussi touch\u00e9e par les attaques, la police a fait \u00e9tat de 18 bless\u00e9s dont quatre enfants.<\/p>\n<p class=\"sc-ksZaOG ehjQrN text-element\">Un haut responsable ukrainien a averti les Etats-Unis, mercredi 4 juin, que l\u2019arm\u00e9e russe pr\u00e9parait des avanc\u00e9es militaires importantes en 2026, dont un barrage de <a href=\"https:\/\/www.liberation.fr\/international\/europe\/mer-noire-comment-lukraine-defie-avec-succes-le-blocus-de-la-russie-20240102_2OHUTRRDONEL7AZXPYTYXFL22M\/\" target=\"_blank\" rel=\"noreferrer noopener\" title=\"https:\/\/www.liberation.fr\/international\/europe\/mer-noire-comment-lukraine-defie-avec-succes-le-blocus-de-la-russie-20240102_2OHUTRRDONEL7AZXPYTYXFL22M\/\">l\u2019acc\u00e8s ukrainien \u00e0 la mer Noire<\/a> \u2013 crucial d\u2019un <a href=\"https:\/\/www.liberation.fr\/checknews\/accord-cerealier-lukraine-brave-t-elle-le-blocus-russe-en-mer-noire-20230906_FCCMXONAC5DMNO3XG4SK4DWNFI\/\" target=\"_blank\" rel=\"noreferrer noopener\" title=\"https:\/\/www.liberation.fr\/checknews\/accord-cerealier-lukraine-brave-t-elle-le-blocus-russe-en-mer-noire-20230906_FCCMXONAC5DMNO3XG4SK4DWNFI\/\">point de vue militaire et \u00e9conomique<\/a> pour Kyiv. En visite avec une d\u00e9l\u00e9gation ukrainienne \u00e0 Washington, le colonel et chef adjoint de l\u2019administration pr\u00e9sidentielle Pavlo Palissa a pr\u00e9sent\u00e9 ce qu\u2019il a d\u00e9crit comme des conclusions des <a href=\"https:\/\/www.liberation.fr\/international\/europe\/kyrylo-boudanov-dans-une-guerre-longue-cest-celui-qui-a-une-logistique-puissante-qui-lemporte-20240215_IAARJSMNU5BBVOV7N2PKOSDDFU\/\" target=\"_blank\" rel=\"noreferrer noopener\" title=\"https:\/\/www.liberation.fr\/international\/europe\/kyrylo-boudanov-dans-une-guerre-longue-cest-celui-qui-a-une-logistique-puissante-qui-lemporte-20240215_IAARJSMNU5BBVOV7N2PKOSDDFU\/\">renseignements militaires ukrainiens<\/a>. La Russie a pour objectif de s\u2019emparer d\u2019ici fin septembre de l\u2019enti\u00e8ret\u00e9 des r\u00e9gions orientales de <a href=\"https:\/\/www.liberation.fr\/international\/europe\/donetsk-lougansk-quelles-sont-ces-republiques-au-coeur-du-conflit-20220222_HJXZN3ZXZZAKNAFL3EGN4PCEL4\/\" target=\"_blank\" rel=\"noreferrer noopener\" title=\"https:\/\/www.liberation.fr\/international\/europe\/donetsk-lougansk-quelles-sont-ces-republiques-au-coeur-du-conflit-20220222_HJXZN3ZXZZAKNAFL3EGN4PCEL4\/\">Donetsk et Louhansk<\/a> &#8211; dont Moscou revendique l\u2019annexion &#8211; a expliqu\u00e9 Pavlo Palissa \u00e0 la presse. Et d\u2019ici la fin de l\u2019ann\u00e9e, la Russie souhaite \u00e9tablir une \u00abzone tampon\u00bb frontali\u00e8re, a-t-il ajout\u00e9.<\/p>\n<p class=\"sc-ksZaOG ehjQrN text-element\">Le <a href=\"https:\/\/www.liberation.fr\/international\/asie-pacifique\/poutine-se-rejouit-dun-accord-revolutionnaire-avec-la-coree-du-nord-20240619_QLIDPSWUTRCD5LOVIJMGGBGVNM\/\" target=\"_blank\" rel=\"noreferrer noopener\" title=\"https:\/\/www.liberation.fr\/international\/asie-pacifique\/poutine-se-rejouit-dun-accord-revolutionnaire-avec-la-coree-du-nord-20240619_QLIDPSWUTRCD5LOVIJMGGBGVNM\/\">dirigeant nord-cor\u00e9en, Kim Jong-un<\/a>, a promis un \u00absoutien inconditionnel\u00bb \u00e0 Moscou dans son conflit avec l\u2019Ukraine, et pr\u00e9dit le succ\u00e8s de l\u2019offensive russe men\u00e9e depuis plus de trois ans, a rapport\u00e9 ce jeudi 5 juin un m\u00e9dia d\u2019Etat. Le num\u00e9ro 1 nord-cor\u00e9en a re\u00e7u mercredi \u00e0 Pyongyang le secr\u00e9taire du Conseil de s\u00e9curit\u00e9 russe, Sergue\u00ef Cho\u00efgou, proche conseiller du Kremlin, qui effectuait sa deuxi\u00e8me <a href=\"https:\/\/www.liberation.fr\/international\/asie-pacifique\/russie-coree-du-nord-echanges-de-bons-procedes-entre-freres-darmes-20240614_4YWOX2BEHZDMNMPZQVVTNEN4RU\/\" target=\"_blank\" rel=\"noreferrer noopener\" title=\"https:\/\/www.liberation.fr\/international\/asie-pacifique\/russie-coree-du-nord-echanges-de-bons-procedes-entre-freres-darmes-20240614_4YWOX2BEHZDMNMPZQVVTNEN4RU\/\">visite dans la capitale<\/a> nord-cor\u00e9enne en moins de trois mois. En plus du dossier Ukrainien, Kim Jong Un a assur\u00e9, selon le compte rendu publi\u00e9 par l\u2019agence officielle nord-cor\u00e9enne KCNA, que <a href=\"https:\/\/www.liberation.fr\/international\/asie-pacifique\/quand-la-coree-du-nord-prend-le-chemin-de-la-guerre-a-letranger-20241101_F6L4A3CKU5C5DK7TPJH2UWBOLI\/\" target=\"_blank\" rel=\"noreferrer noopener\" title=\"https:\/\/www.liberation.fr\/international\/asie-pacifique\/quand-la-coree-du-nord-prend-le-chemin-de-la-guerre-a-letranger-20241101_F6L4A3CKU5C5DK7TPJH2UWBOLI\/\">son gouvernement soutiendrait la politique \u00e9trang\u00e8re de la Russie<\/a> \u00absur toutes les questions internationales cruciales\u00bb. Les deux pays ont convenu de \u00abcontinuer de renforcer progressivement\u00bb leurs relations, selon KCNA.<\/p>\n","protected":false},"excerpt":{"rendered":"Donald Trump a pr\u00e9venu dans la nuit de mercredi que Vladimir Poutine allait riposter \u00e0 la spectaculaire attaque&hellip;\n","protected":false},"author":2,"featured_media":154884,"comment_status":"","ping_status":"","sticky":false,"template":"","format":"standard","meta":{"footnotes":""},"categories":[1590],"tags":[11,13987,75,1777,674,15404,12,132,220,297],"class_list":{"0":"post-154883","1":"post","2":"type-post","3":"status-publish","4":"format-standard","5":"has-post-thumbnail","7":"category-ukraine","8":"tag-actualites","9":"tag-coree-du-nord","10":"tag-donald-trump","11":"tag-eu","12":"tag-europe","13":"tag-kim-jong-un","14":"tag-news","15":"tag-russie","16":"tag-ukraine","17":"tag-ukraine-la-crise"},"share_on_mastodon":{"url":"https:\/\/pubeurope.com\/@fr\/114632818397763966","error":""},"_links":{"self":[{"href":"https:\/\/www.europesays.com\/fr\/wp-json\/wp\/v2\/posts\/154883","targetHints":{"allow":["GET"]}}],"collection":[{"href":"https:\/\/www.europesays.com\/fr\/wp-json\/wp\/v2\/posts"}],"about":[{"href":"https:\/\/www.europesays.com\/fr\/wp-json\/wp\/v2\/types\/post"}],"author":[{"embeddable":true,"href":"https:\/\/www.europesays.com\/fr\/wp-json\/wp\/v2\/users\/2"}],"replies":[{"embeddable":true,"href":"https:\/\/www.europesays.com\/fr\/wp-json\/wp\/v2\/comments?post=154883"}],"version-history":[{"count":0,"href":"https:\/\/www.europesays.com\/fr\/wp-json\/wp\/v2\/posts\/154883\/revisions"}],"wp:featuredmedia":[{"embeddable":true,"href":"https:\/\/www.europesays.com\/fr\/wp-json\/wp\/v2\/media\/154884"}],"wp:attachment":[{"href":"https:\/\/www.europesays.com\/fr\/wp-json\/wp\/v2\/media?parent=154883"}],"wp:term":[{"taxonomy":"category","embeddable":true,"href":"https:\/\/www.europesays.com\/fr\/wp-json\/wp\/v2\/categories?post=154883"},{"taxonomy":"post_tag","embeddable":true,"href":"https:\/\/www.europesays.com\/fr\/wp-json\/wp\/v2\/tags?post=154883"}],"curies":[{"name":"wp","href":"https:\/\/api.w.org\/{rel}","templated":true}]}}