{"id":154889,"date":"2025-06-05T21:14:10","date_gmt":"2025-06-05T21:14:10","guid":{"rendered":"https:\/\/www.europesays.com\/fr\/154889\/"},"modified":"2025-06-05T21:14:10","modified_gmt":"2025-06-05T21:14:10","slug":"pourquoi-lallemagne-nest-pas-favorable-a-la-reconnaissance-dun-etat-palestinien-2","status":"publish","type":"post","link":"https:\/\/www.europesays.com\/fr\/154889\/","title":{"rendered":"Pourquoi l\u2019Allemagne n\u2019est pas favorable \u00e0 la reconnaissance d\u2019un Etat palestinien"},"content":{"rendered":"<p>La reconnaissance d\u2019un <a href=\"https:\/\/www.20minutes.fr\/monde\/etat_palestinien\/\" class=\"color-ultramarine c-link\" target=\"_blank\" rel=\"noopener\">Etat palestinien<\/a> serait \u00ab\u00a0un mauvais signal\u00a0\u00bb, a d\u00e9clar\u00e9 jeudi le chef de la diplomatie <a href=\"https:\/\/www.20minutes.fr\/dossier\/allemand\" class=\"color-ultramarine c-link\" target=\"_blank\" rel=\"noopener\">allemande<\/a>. Il prend ainsi le contrepied d\u2019un mouvement en ce sens de plusieurs pays europ\u00e9ens. \u00ab\u00a0Ce processus doit \u00eatre men\u00e9 \u00e0 bien dans le cadre de n\u00e9gociations entre <a href=\"https:\/\/www.20minutes.fr\/monde\/israel\/\" class=\"color-ultramarine c-link\" target=\"_blank\" rel=\"noopener\">Isra\u00ebl<\/a> et les Palestiniens avant que nous puissions reconna\u00eetre un \u00c9tat palestinien\u00a0\u00bb, a d\u00e9clar\u00e9 Johann Wadephul. C\u2019est une position \u00ab\u00a0que nous faisons aussi valoir aupr\u00e8s de nos partenaires et amis europ\u00e9ens\u00a0\u00bb.<\/p>\n<p>Plusieurs pays europ\u00e9ens, comme l\u2019<a href=\"https:\/\/www.20minutes.fr\/dossier\/espagne\" class=\"color-ultramarine c-link\" target=\"_blank\" rel=\"noopener\">Espagne<\/a>, l\u2019<a href=\"https:\/\/www.20minutes.fr\/dossier\/irlande\" class=\"color-ultramarine c-link\" target=\"_blank\" rel=\"noopener\">Irlande<\/a> et la <a href=\"https:\/\/www.20minutes.fr\/dossier\/norvege\" class=\"color-ultramarine c-link\" target=\"_blank\" rel=\"noopener\">Norv\u00e8ge<\/a> ont d\u00e9j\u00e0 reconnu un Etat palestinien. La <a href=\"https:\/\/www.20minutes.fr\/france\/\" class=\"color-ultramarine c-link\" target=\"_blank\" rel=\"noopener\">France<\/a>, le <a href=\"https:\/\/www.20minutes.fr\/monde\/royaume-uni\/\" class=\"color-ultramarine c-link\" target=\"_blank\" rel=\"noopener\">Royaume-Uni<\/a> et le <a href=\"https:\/\/www.20minutes.fr\/dossier\/canada\" class=\"color-ultramarine c-link\" target=\"_blank\" rel=\"noopener\">Canada<\/a> ont r\u00e9cemment annonc\u00e9 aussi l\u2019envisager face \u00e0 l\u2019intensification de l\u2019offensive isra\u00e9lienne \u00e0 Gaza et le blocage de l\u2019aide humanitaire. Emmanuel Macron a soulign\u00e9 fin mai \u00e0 Singapour qu\u2019une telle reconnaissance ne constituait \u00ab\u00a0pas simplement un devoir moral, mais une exigence politique\u00a0\u00bb.<\/p>\n<p>\u00ab\u00a0Politique de colonisation contraire au droit international\u00a0\u00bb<\/p>\n<p>Isra\u00ebl fait face \u00e0 une pression internationale croissante pour mettre fin \u00e0 la guerre, d\u00e9clench\u00e9e par l\u2019attaque du mouvement islamiste palestinien Hamas le 7\u00a0octobre 2023 sur le sol isra\u00e9lien.<\/p>\n<p>L\u2019Allemagne est l\u2019un des plus fid\u00e8les soutiens de l\u2019\u00c9tat h\u00e9breux, en raison de sa responsabilit\u00e9 dans la Shoah. Mais le chancelier Friedrich Merz n\u2019en a pas moins menac\u00e9 il y a une semaine le Premier ministre isra\u00e9lien Benyamin Netanyahou de ne plus soutenir son pays face \u00e0 la catastrophe humanitaire en cours dans le territoire palestinien.<\/p>\n<\/p>\n<p>Les images \u00ab\u00a0choquantes\u00a0\u00bb en provenance de Gaza montrent que l\u2019aide humanitaire est \u00ab\u00a0insuffisante\u00a0\u00bb, a ainsi d\u00e9clar\u00e9 Johann Wadephul, lors d\u2019un sommet avec son alter ego isra\u00e9lien Gideon Saar. \u00ab\u00a0C\u2019est pourquoi j\u2019ai r\u00e9it\u00e9r\u00e9 aujourd\u2019hui, lors de notre entretien, ma demande urgente d\u2019autoriser l\u2019acheminement de l\u2019aide humanitaire \u00e0 Gaza, conform\u00e9ment aux principes d\u2019humanit\u00e9, d\u2019impartialit\u00e9, de neutralit\u00e9 et d\u2019ind\u00e9pendance, et sans restrictions\u00a0\u00bb, a-t-il dit. \u00ab\u00a0Ce n\u2019est pas seulement un imp\u00e9ratif humanitaire, c\u2019est aussi le droit international en vigueur\u00a0\u00bb, a-t-il insist\u00e9.<\/p>\n<p><a href=\"https:\/\/www.20minutes.fr\/monde\/conflit_israelo-palestinien\/\" class=\"c-link c-btn c-btn--primary\" target=\"_blank\" rel=\"noopener\">Notre dossier sur le conflit isra\u00e9lo-palestinien<\/a><\/p>\n<p>Il a aussi d\u00e9plor\u00e9 la d\u00e9cision r\u00e9cente du gouvernement isra\u00e9lien d\u2019autoriser la construction de 22 colonies en Cisjordanie. \u00ab\u00a0M\u00eame en tant qu\u2019amis, nous ne pouvons fermer les yeux l\u00e0-dessus. Et je dois dire que nous rejetons cette d\u00e9cision, car cette politique de colonisation est contraire au droit international\u00a0\u00bb, a-t-il dit. De tels agissements r\u00e9duisent les chances d\u2019une \u00ab\u00a0solution \u00e0 deux \u00c9tats\u00a0\u00bb d\u00e9fendue par Berlin.<\/p>\n","protected":false},"excerpt":{"rendered":"La reconnaissance d\u2019un Etat palestinien serait \u00ab\u00a0un mauvais signal\u00a0\u00bb, a d\u00e9clar\u00e9 jeudi le chef de la diplomatie allemande.&hellip;\n","protected":false},"author":2,"featured_media":154890,"comment_status":"","ping_status":"","sticky":false,"template":"","format":"standard","meta":{"footnotes":""},"categories":[1587],"tags":[47,11,672,1804,3259,1805,1803,8421,1777,674,1801,664,74,12,3518,1802,10775],"class_list":{"0":"post-154889","1":"post","2":"type-post","3":"status-publish","4":"format-standard","5":"has-post-thumbnail","7":"category-allemagne","8":"tag-actualite","9":"tag-actualites","10":"tag-allemagne","11":"tag-bundesrepublik-deutschland","12":"tag-conflit-israelo-palestinien","13":"tag-de","14":"tag-deutschland","15":"tag-etat-palestinien","16":"tag-eu","17":"tag-europe","18":"tag-germany","19":"tag-israel","20":"tag-monde","21":"tag-news","22":"tag-palestine","23":"tag-republique-federale-dallemagne","24":"tag-shoah"},"share_on_mastodon":{"url":"https:\/\/pubeurope.com\/@fr\/114632829503340301","error":""},"_links":{"self":[{"href":"https:\/\/www.europesays.com\/fr\/wp-json\/wp\/v2\/posts\/154889","targetHints":{"allow":["GET"]}}],"collection":[{"href":"https:\/\/www.europesays.com\/fr\/wp-json\/wp\/v2\/posts"}],"about":[{"href":"https:\/\/www.europesays.com\/fr\/wp-json\/wp\/v2\/types\/post"}],"author":[{"embeddable":true,"href":"https:\/\/www.europesays.com\/fr\/wp-json\/wp\/v2\/users\/2"}],"replies":[{"embeddable":true,"href":"https:\/\/www.europesays.com\/fr\/wp-json\/wp\/v2\/comments?post=154889"}],"version-history":[{"count":0,"href":"https:\/\/www.europesays.com\/fr\/wp-json\/wp\/v2\/posts\/154889\/revisions"}],"wp:featuredmedia":[{"embeddable":true,"href":"https:\/\/www.europesays.com\/fr\/wp-json\/wp\/v2\/media\/154890"}],"wp:attachment":[{"href":"https:\/\/www.europesays.com\/fr\/wp-json\/wp\/v2\/media?parent=154889"}],"wp:term":[{"taxonomy":"category","embeddable":true,"href":"https:\/\/www.europesays.com\/fr\/wp-json\/wp\/v2\/categories?post=154889"},{"taxonomy":"post_tag","embeddable":true,"href":"https:\/\/www.europesays.com\/fr\/wp-json\/wp\/v2\/tags?post=154889"}],"curies":[{"name":"wp","href":"https:\/\/api.w.org\/{rel}","templated":true}]}}