{"id":154917,"date":"2025-06-05T21:29:09","date_gmt":"2025-06-05T21:29:09","guid":{"rendered":"https:\/\/www.europesays.com\/fr\/154917\/"},"modified":"2025-06-05T21:29:09","modified_gmt":"2025-06-05T21:29:09","slug":"ary-abittan-il-faut-quelles-respectent-la-reponse-cinglante-de-lacteur-a-ses-detractrices","status":"publish","type":"post","link":"https:\/\/www.europesays.com\/fr\/154917\/","title":{"rendered":"Ary Abittan : \u201cIl faut qu\u2019elles respectent\u2026\u201d, la r\u00e9ponse cinglante de l\u2019acteur \u00e0 ses d\u00e9tractrices"},"content":{"rendered":"<p class=\"p1\">L\u2019affaire avait fait grand bruit. En octobre 2021,<br \/>\nAry Abittan a \u00e9t\u00e9 <strong>accus\u00e9 de viol<\/strong> par une jeune<br \/>\nfemme qu\u2019il fr\u00e9quentait. Durant trois ans, l\u2019acteur de <a href=\"https:\/\/www.telestar.fr\/culture\/qu-est-ce-qu-on-a-fait-au-bon-dieu-pourquoi-ce-film-a-t-il-fait-polemique-aux-usa-669992\" target=\"_blank\" rel=\"noopener\">Qu\u2019est-ce qu\u2019on a fait au Bon<br \/>\nDieu<\/a> a donc <strong>stopp\u00e9 sa carri\u00e8re<\/strong> pour se<br \/>\nconcentrer sur son proc\u00e8s. Un non-lieu a \u00e9t\u00e9 prononc\u00e9 en avril<br \/>\n2024, puis confirm\u00e9 en appel en janvier 2025.<\/p>\n<p class=\"p1\">Alors que l\u2019affaire est d\u00e9sormais close, Ary Abittan<br \/>\na d\u00e9cid\u00e9 de <strong>remonter sur sc\u00e8ne<\/strong>. Apr\u00e8s la<br \/>\nconfirmation de son non-lieu, il a ainsi annonc\u00e9 son nouveau<br \/>\nspectacle, Authentique. Un retour cependant contest\u00e9 par des<br \/>\nassociations f\u00e9ministes, qui n\u2019ont pas h\u00e9sit\u00e9 \u00e0 <strong>protester<br \/>\ndevant les salles<\/strong> o\u00f9 il se produit.<\/p>\n<p>Ary Abittan : \u201cJe respecte leur combat\u201d<\/p>\n<p class=\"p1\">Jeudi 5 juin, Ary Abittan a \u00e9t\u00e9 invit\u00e9 dans<br \/>\nl\u2019\u00e9mission En Apart\u00e9 sur Canal+. Au cours de son passage, Nathalie<br \/>\nLevy lui a demand\u00e9 s\u2019il avait un message \u00e0 faire passer aux<br \/>\nf\u00e9ministes qui ont <strong>manifest\u00e9 contre lui<\/strong>.<br \/>\n\u201cD\u2019abord, je veux leur dire que je respecte leur combat\u201d,<br \/>\na alors r\u00e9agi l\u2019humoriste.<\/p>\n<p class=\"p1\">Par la suite, Ary Abittan a tenu \u00e0 rappeler :<br \/>\n\u201cVous savez, j\u2019ai trois filles. Donc \u00e9videmment, je respecte le<br \/>\ncombat des femmes. Je pense que c\u2019est tr\u00e8s important, la lib\u00e9ration<br \/>\nde la parole. C\u2019est vraiment extr\u00eamement important, c\u2019est<br \/>\nvital\u201d. Un message pour le moins surprenant de la part du<br \/>\n<a href=\"https:\/\/www.closermag.fr\/people\/ary-abittan-eclabousse-par-une-affaire-de-viol-ces-consequences-sur-ses-relations-avec-ses-filles-3548663\" target=\"_blank\" rel=\"noopener\"><br \/>\np\u00e8re de Netty, Romy et L\u00e9na<\/a>.<\/p>\n<p>L\u2019humoriste rappelle la d\u00e9cision de<br \/>\nla justice<\/p>\n<p class=\"p1\">Malgr\u00e9 le respect d\u2019<a href=\"https:\/\/www.closermag.fr\/people\/ary-abittan-les-combats-feministes-sont-tres-importants-mais-son-retour-va-faire-grincer-des-dents-3520725\" target=\"_blank\" rel=\"noopener\">Ary<br \/>\nAbittan<\/a> pour les associations f\u00e9ministes, l\u2019acteur a affirm\u00e9<br \/>\nque celles-ci <strong>se trompent de combat<\/strong>. \u201cLa<br \/>\njustice, elle m\u2019a innocent\u00e9 trois fois. Je veux leur dire qu\u2019il ne<br \/>\nfaut pas qu\u2019elles cr\u00e9ent une autre injustice. Aujourd\u2019hui, je suis<br \/>\ninnocent\u201d, a-t-il clam\u00e9.<\/p>\n<p class=\"p1\">Finalement, celui qui a r\u00e9cemment ajout\u00e9 de nouvelles<br \/>\ndates \u00e0 son spectacle a pr\u00e9cis\u00e9 qu\u2019il ne comptait pas<br \/>\n<strong>arr\u00eater sa carri\u00e8re<\/strong>. \u201cQu\u2019est-ce que vous<br \/>\nvoulez que je fasse ? On fait quoi d\u2019un innocent ? Je m\u2019arr\u00eate de<br \/>\ntravailler, j\u2019arr\u00eate tout et je vais aller m\u2019enfermer dans une<br \/>\nmaison ? Non en fait, ce n\u2019est pas possible. Je veux leur dire que<br \/>\nje respecte leur combat, mais il faut qu\u2019elles respectent la<br \/>\njustice\u201d, a-t-il conclu. Un message pour le moins clair.<\/p>\n","protected":false},"excerpt":{"rendered":"L\u2019affaire avait fait grand bruit. En octobre 2021, Ary Abittan a \u00e9t\u00e9 accus\u00e9 de viol par une jeune&hellip;\n","protected":false},"author":2,"featured_media":154918,"comment_status":"","ping_status":"","sticky":false,"template":"","format":"standard","meta":{"footnotes":""},"categories":[1359],"tags":[548,19796,58,59,1011,27,973],"class_list":{"0":"post-154917","1":"post","2":"type-post","3":"status-publish","4":"format-standard","5":"has-post-thumbnail","7":"category-people","8":"tag-article-simple","9":"tag-ary-abittan","10":"tag-divertissement","11":"tag-entertainment","12":"tag-fr","13":"tag-france","14":"tag-people"},"share_on_mastodon":{"url":"https:\/\/pubeurope.com\/@fr\/114632888455087492","error":""},"_links":{"self":[{"href":"https:\/\/www.europesays.com\/fr\/wp-json\/wp\/v2\/posts\/154917","targetHints":{"allow":["GET"]}}],"collection":[{"href":"https:\/\/www.europesays.com\/fr\/wp-json\/wp\/v2\/posts"}],"about":[{"href":"https:\/\/www.europesays.com\/fr\/wp-json\/wp\/v2\/types\/post"}],"author":[{"embeddable":true,"href":"https:\/\/www.europesays.com\/fr\/wp-json\/wp\/v2\/users\/2"}],"replies":[{"embeddable":true,"href":"https:\/\/www.europesays.com\/fr\/wp-json\/wp\/v2\/comments?post=154917"}],"version-history":[{"count":0,"href":"https:\/\/www.europesays.com\/fr\/wp-json\/wp\/v2\/posts\/154917\/revisions"}],"wp:featuredmedia":[{"embeddable":true,"href":"https:\/\/www.europesays.com\/fr\/wp-json\/wp\/v2\/media\/154918"}],"wp:attachment":[{"href":"https:\/\/www.europesays.com\/fr\/wp-json\/wp\/v2\/media?parent=154917"}],"wp:term":[{"taxonomy":"category","embeddable":true,"href":"https:\/\/www.europesays.com\/fr\/wp-json\/wp\/v2\/categories?post=154917"},{"taxonomy":"post_tag","embeddable":true,"href":"https:\/\/www.europesays.com\/fr\/wp-json\/wp\/v2\/tags?post=154917"}],"curies":[{"name":"wp","href":"https:\/\/api.w.org\/{rel}","templated":true}]}}