{"id":15492,"date":"2025-04-10T17:20:11","date_gmt":"2025-04-10T17:20:11","guid":{"rendered":"https:\/\/www.europesays.com\/fr\/15492\/"},"modified":"2025-04-10T17:20:11","modified_gmt":"2025-04-10T17:20:11","slug":"atp-monte-carlo-mouratoglou-pour-sinner-il-y-a-deja-une-bonne-nouvelle-si-pendant-son-absence-alcaraz-avait-remporte-indian-wells-et-miami-ce-qui-est-dans-ses-cordes-il-aurait-affronte-le","status":"publish","type":"post","link":"https:\/\/www.europesays.com\/fr\/15492\/","title":{"rendered":"ATP &#8211; Monte Carlo > Mouratoglou : \u00ab\u00a0Pour Sinner, il y a d\u00e9j\u00e0 une bonne nouvelle. Si pendant son absence, Alcaraz avait remport\u00e9 Indian Wells et Miami, ce qui est dans ses cordes, il aurait affront\u00e9 le retour de Jannik avec plus de confiance\u00a0\u00bb"},"content":{"rendered":"<p>C\u2019est offi\u00adciel depuis la d\u00e9faite d\u2019Alexander Zverev contre Matteo Berrettini au deuxi\u00e8me tour du Masters 1000 de Monte\u2010Carlo, Jannik Sinner restera num\u00e9ro 1 mondial jusqu\u2019\u00e0 la fin de sa suspen\u00adsion pr\u00e9vu \u00e0 Rome d\u00e9but\u00a0mai.\u00a0<\/p>\n<p>Dans des propos accord\u00e9s au Corriere dello Sport<strong>\u00a0<\/strong>et relay\u00e9s par <a href=\"https:\/\/www.ubitennis.com\/blog\/2025\/04\/08\/mouratoglou-sinner-e-ancora-il-piu-forte-e-sulla-lettera-dei-top-20-giusto-che-gli-atleti-chiedano-piu-soldi\/\" data-wpel-link=\"external\" target=\"_blank\" rel=\"nofollow external noopener\">Ubitennis<\/a>, l\u2019en\u00adtra\u00ee\u00adneur fran\u00ad\u00e7ais, Patrick Mouratoglou, a r\u00e9agi \u00e0 cette information.\u00a0<\/p>\n<p><strong>\u00ab\u202fPour Jannik, il y a d\u00e9j\u00e0 une bonne nouvelle\u00a0: pendant son absence, personne ne lui a vol\u00e9 sa place. Novak a atteint une finale, mais ne l\u2019a pas gagn\u00e9e. Carlos et Alexander n\u2019ont pas bien jou\u00e9. Si Alcaraz avait remport\u00e9 Indian Wells et Miami, ce qui est dans ses cordes, il aurait affront\u00e9 le retour de Sinner avec plus de confiance.\u202f\u00bb<\/strong><\/p>\n<p class=\"post-published-date\" style=\"color: silver; font-size: 75%; text-align: left;\">Publi\u00e9 le mercredi 9 avril 2025 \u00e0 13:59<\/p>\n","protected":false},"excerpt":{"rendered":"C\u2019est offi\u00adciel depuis la d\u00e9faite d\u2019Alexander Zverev contre Matteo Berrettini au deuxi\u00e8me tour du Masters 1000 de Monte\u2010Carlo,&hellip;\n","protected":false},"author":2,"featured_media":15493,"comment_status":"","ping_status":"","sticky":false,"template":"","format":"standard","meta":{"footnotes":""},"categories":[1415],"tags":[1744,5795,105,1011,27,2127,60,1467,4542],"class_list":{"0":"post-15492","1":"post","2":"type-post","3":"status-publish","4":"format-standard","5":"has-post-thumbnail","7":"category-tennis","8":"tag-alcaraz","9":"tag-berrettini","10":"tag-djokovic","11":"tag-fr","12":"tag-france","13":"tag-sinner","14":"tag-sports","15":"tag-tennis","16":"tag-zverev"},"share_on_mastodon":{"url":"https:\/\/pubeurope.com\/@fr\/114314819891634686","error":""},"_links":{"self":[{"href":"https:\/\/www.europesays.com\/fr\/wp-json\/wp\/v2\/posts\/15492","targetHints":{"allow":["GET"]}}],"collection":[{"href":"https:\/\/www.europesays.com\/fr\/wp-json\/wp\/v2\/posts"}],"about":[{"href":"https:\/\/www.europesays.com\/fr\/wp-json\/wp\/v2\/types\/post"}],"author":[{"embeddable":true,"href":"https:\/\/www.europesays.com\/fr\/wp-json\/wp\/v2\/users\/2"}],"replies":[{"embeddable":true,"href":"https:\/\/www.europesays.com\/fr\/wp-json\/wp\/v2\/comments?post=15492"}],"version-history":[{"count":0,"href":"https:\/\/www.europesays.com\/fr\/wp-json\/wp\/v2\/posts\/15492\/revisions"}],"wp:featuredmedia":[{"embeddable":true,"href":"https:\/\/www.europesays.com\/fr\/wp-json\/wp\/v2\/media\/15493"}],"wp:attachment":[{"href":"https:\/\/www.europesays.com\/fr\/wp-json\/wp\/v2\/media?parent=15492"}],"wp:term":[{"taxonomy":"category","embeddable":true,"href":"https:\/\/www.europesays.com\/fr\/wp-json\/wp\/v2\/categories?post=15492"},{"taxonomy":"post_tag","embeddable":true,"href":"https:\/\/www.europesays.com\/fr\/wp-json\/wp\/v2\/tags?post=15492"}],"curies":[{"name":"wp","href":"https:\/\/api.w.org\/{rel}","templated":true}]}}