{"id":154921,"date":"2025-06-05T21:31:12","date_gmt":"2025-06-05T21:31:12","guid":{"rendered":"https:\/\/www.europesays.com\/fr\/154921\/"},"modified":"2025-06-05T21:31:12","modified_gmt":"2025-06-05T21:31:12","slug":"5-livres-pour-developper-la-concentration-de-son-enfant","status":"publish","type":"post","link":"https:\/\/www.europesays.com\/fr\/154921\/","title":{"rendered":"5 livres pour d\u00e9velopper la concentration de son enfant"},"content":{"rendered":"<p><b>Votre enfant \u00e0 du mal \u00e0 focaliser son attention sur quelque chose ? Voici une s\u00e9lection de livres pour l&rsquo;aider \u00e0 d\u00e9velopper sa concentration.<\/b><\/p>\n<p>Malgr\u00e9 tous vos efforts, votre enfant a beaucoup de difficult\u00e9s \u00e0 rester concentr\u00e9 ? Pour un parent, cela peut \u00eatre source d&rsquo;inqui\u00e9tude car l&rsquo;\u00e9cole, notamment, demande aux enfants de rester focus sur telle ou telle activit\u00e9.<\/p>\n<p>Auteur, conf\u00e9rencier et cr\u00e9ateur de contenu autour de la parentalit\u00e9 positive sur son m\u00e9dia <a href=\"https:\/\/papapositive.fr\/\" rel=\"nofollow noopener\" target=\"_blank\" data-ylk=\"slk:Papapositive.fr;elm:context_link;itc:0;sec:content-canvas\" class=\"link \">Papapositive.fr<\/a>, Jean-Fran\u00e7ois Belmonte pr\u00e9sente, <a href=\"https:\/\/www.instagram.com\/p\/DJzVSISsGrS\/\" rel=\"nofollow noopener\" target=\"_blank\" data-ylk=\"slk:sur son compte Instagram;elm:context_link;itc:0;sec:content-canvas\" class=\"link \">sur son compte Instagram<\/a>, ces cinq livres qui peuvent aider les enfants \u00e0 se concentrer davantage.<\/p>\n<p>1. Des jeux et des exercices pour se recentrer<\/p>\n<p>Ce livre chevalet tr\u00e8s ludique, destin\u00e9 aux 5-8 ans, propose une trentaine de jeux et exercices pour venir \u00e0 bout des probl\u00e8mes d\u2019attention, agitation, <a href=\"https:\/\/www.femina.fr\/article\/4-erreurs-a-eviter-pour-que-son-enfant-s-endorme-vite#xtor=AL-34\" rel=\"nofollow noopener\" target=\"_blank\" data-ylk=\"slk:sommeil;elm:context_link;itc:0;sec:content-canvas\" class=\"link \">sommeil<\/a>\u2026 Trente propositions visent \u00e0 renforcer l\u2019attention chez les plus jeunes, de fa\u00e7on \u00e0 am\u00e9liorer leur capacit\u00e9 de concentration, de m\u00e9morisation, donc l\u2019apprentissage. Ce livre se focalise aussi sur les moyens de parvenir \u00e0 la d\u00e9tente et au calme.<\/p>\n<p>Chaque exercice\/jeu est expliqu\u00e9 en pas \u00e0 pas illustr\u00e9, avec des textes expliquant les postures et mouvements, mais aussi, sous forme d\u2019encadr\u00e9s, les bienfaits physiques et psychologiques sur les enfants.<\/p>\n<p><strong><a href=\"https:\/\/www.bayard-editions.com\/actualites\/actus-jeunesse\/100-attentif\/\" rel=\"nofollow noopener\" target=\"_blank\" data-ylk=\"slk:100% attentif;elm:context_link;itc:0;sec:content-canvas\" class=\"link \">100% attentif<\/a>, (Ed. Bayard)<\/strong><\/p>\n<p>2. Un parcours ludique et initiatique<\/p>\n<p>Fruit d&rsquo;ann\u00e9es de lectures, d&rsquo;observations quotidiennes, de discussions avec des enseignants, des parents, des enfants et des experts, ce livre a pour but d&rsquo;\u00ab \u00e9duquer la concentration \u00bb. Cela signifie faire comprendre aux plus&#8230;<\/p>\n<p><a href=\"https:\/\/www.femina.fr\/article\/5-livres-pour-developper-la-concentration-de-son-enfant#xtor=AL-34\" rel=\"nofollow noopener\" target=\"_blank\" data-ylk=\"slk:Lire la suite sur Femina.fr;elm:context_link;itc:0;sec:content-canvas\" class=\"link \">Lire la suite sur Femina.fr<\/a><\/p>\n<p>A lire aussi<script async src=\"\/\/www.instagram.com\/embed.js\"><\/script><\/p>\n","protected":false},"excerpt":{"rendered":"Votre enfant \u00e0 du mal \u00e0 focaliser son attention sur quelque chose ? Voici une s\u00e9lection de livres&hellip;\n","protected":false},"author":2,"featured_media":154922,"comment_status":"","ping_status":"","sticky":false,"template":"","format":"standard","meta":{"footnotes":""},"categories":[1357],"tags":[1379,5543,58,847,59,1011,27,28496,1380,28495],"class_list":{"0":"post-154921","1":"post","2":"type-post","3":"status-publish","4":"format-standard","5":"has-post-thumbnail","7":"category-livres","8":"tag-books","9":"tag-concentration","10":"tag-divertissement","11":"tag-enfant","12":"tag-entertainment","13":"tag-fr","14":"tag-france","15":"tag-jean-francois-belmonte","16":"tag-livres","17":"tag-selection-de-livres"},"share_on_mastodon":{"url":"https:\/\/pubeurope.com\/@fr\/114632896278837895","error":""},"_links":{"self":[{"href":"https:\/\/www.europesays.com\/fr\/wp-json\/wp\/v2\/posts\/154921","targetHints":{"allow":["GET"]}}],"collection":[{"href":"https:\/\/www.europesays.com\/fr\/wp-json\/wp\/v2\/posts"}],"about":[{"href":"https:\/\/www.europesays.com\/fr\/wp-json\/wp\/v2\/types\/post"}],"author":[{"embeddable":true,"href":"https:\/\/www.europesays.com\/fr\/wp-json\/wp\/v2\/users\/2"}],"replies":[{"embeddable":true,"href":"https:\/\/www.europesays.com\/fr\/wp-json\/wp\/v2\/comments?post=154921"}],"version-history":[{"count":0,"href":"https:\/\/www.europesays.com\/fr\/wp-json\/wp\/v2\/posts\/154921\/revisions"}],"wp:featuredmedia":[{"embeddable":true,"href":"https:\/\/www.europesays.com\/fr\/wp-json\/wp\/v2\/media\/154922"}],"wp:attachment":[{"href":"https:\/\/www.europesays.com\/fr\/wp-json\/wp\/v2\/media?parent=154921"}],"wp:term":[{"taxonomy":"category","embeddable":true,"href":"https:\/\/www.europesays.com\/fr\/wp-json\/wp\/v2\/categories?post=154921"},{"taxonomy":"post_tag","embeddable":true,"href":"https:\/\/www.europesays.com\/fr\/wp-json\/wp\/v2\/tags?post=154921"}],"curies":[{"name":"wp","href":"https:\/\/api.w.org\/{rel}","templated":true}]}}