{"id":154923,"date":"2025-06-05T21:32:18","date_gmt":"2025-06-05T21:32:18","guid":{"rendered":"https:\/\/www.europesays.com\/fr\/154923\/"},"modified":"2025-06-05T21:32:18","modified_gmt":"2025-06-05T21:32:18","slug":"cecile-et-florent-se-reconcilient-mais-il-recoit-un-appel-anonyme-menacant-le-resume-de-lepisode-1658-du-vendredi-6-juin-2025","status":"publish","type":"post","link":"https:\/\/www.europesays.com\/fr\/154923\/","title":{"rendered":"C\u00e9cile et Florent se r\u00e9concilient, mais il re\u00e7oit un appel anonyme mena\u00e7ant&#8230; Le r\u00e9sum\u00e9 de l&rsquo;\u00e9pisode 1658 du vendredi 6 juin 2025"},"content":{"rendered":"<p>Dans Un si grand soleil vendredi 6 juin 2025, Fabrice est sur le point d&rsquo;\u00eatre lib\u00e9r\u00e9 apr\u00e8s le vice de forme d\u00e9couvert par son avocat Florent. Dans la mouise jusqu&rsquo;au cou, Louis doit faire un choix douloureux.<\/p>\n<p><b>Vendredi 6 juin 2025 dans <\/b><b>Un si grand soleil<\/b>, dont deux anciennes <a href=\"https:\/\/www.programme-tv.net\/news\/people\/379196-un-si-grand-soleil-deux-acteurs-emblematiques-de-la-serie-officialisent-leur-couple\/\" data-api-deeplink=\"teleloisirs:\/\/news\/379196\" target=\"_blank\" rel=\"noopener\">stars ont officialis\u00e9 leur idylle<\/a> et dans lequel <a href=\"https:\/\/www.programme-tv.net\/news\/series-tv\/380190-un-si-grand-soleil-un-personnage-principal-devoile-son-tout-nouveau-look-ce-soir-et-c-est-tres-reussi-photo\/\" data-api-deeplink=\"teleloisirs:\/\/news\/380190\" target=\"_blank\" rel=\"noopener\">un personnage a chang\u00e9 de look<\/a>&#8230; Entre <a href=\"https:\/\/www.programme-tv.net\/news\/series-tv\/380290-un-si-grand-soleil-en-avance-la-tension-monte-entre-cecile-et-florent-fabrice-place-en-detention-pour-le-meurtre-d-iris-le-resume-de-l-episode-1656-du-mercredi-4-juin-2025\/\" data-api-deeplink=\"teleloisirs:\/\/news\/380290\" target=\"_blank\" rel=\"noopener\">Florent et C\u00e9cile, la situation reste tendue<\/a> en raison de l&rsquo;affaire du meurtre d&rsquo;Iris. De son c\u00f4t\u00e9, Louis se retrouve face \u00e0 un choix corn\u00e9lien afin de sauver sa soci\u00e9t\u00e9.<\/p>\n<p>Un si grand soleil en avance : Fabrice va \u00eatre lib\u00e9r\u00e9, Yves est sous le choc<\/p>\n<p>A cause du vice de forme, les pr\u00e9l\u00e8vements ADN ne seront pas pris en compte dans le dossier contre Fabrice qui va \u00eatre remis en libert\u00e9 sous peu. C\u00e9cile, ulc\u00e9r\u00e9e, constate l\u2019effondrement partiel du dossier. Au commissariat, Becker met Elise et Thierry sous pression pour trouver de nouvelles preuves. C\u00e9cile a demand\u00e9 la mise sur \u00e9coute des communications de Fabrice. Florent annonce la nouvelle \u00e0 son client, bient\u00f4t lib\u00e9r\u00e9 mais toujours mis en examen. En parall\u00e8le, Yves, en deuil, apprend la nouvelle via la presse et ne d\u00e9col\u00e8re pas.<\/p>\n<p>Un si grand soleil en avance : Florent et C\u00e9cile se rapprochent<\/p>\n<p>A la maison, la tension entre C\u00e9cile et Florent est palpable. Margot intervient pour calmer le jeu, elle parle \u00e0 sa s\u0153ur en lui rappelant que Florent n\u2019a fait que son travail. Le soir, C\u00e9cile et Florent se pr\u00e9sentent leurs excuses respectives. Une fois seul, Florent re\u00e7oit un appel anonyme d&rsquo;une personne qui l\u2019insulte et l\u2019accuse d\u2019\u00eatre complice de f\u00e9minicides.<\/p>\n<p>                        Un si grand soleil en avance : Louis c\u00e8de sa soci\u00e9t\u00e9 \u00e0 Pascal pour \u00e9viter la faillite<\/p>\n<p>Marc annonce \u00e0 son fils qu&rsquo;il a d\u00e9cid\u00e9, avec L\u00e9onor, de prendre un emprunt afin d&rsquo;\u00e9viter la cessation de paiement de la bo\u00eete de Louis. Ce dernier va ensuite se confier \u00e0 Tha\u00efs, il ne veut pas que ses parents s&rsquo;endettent pour lui. Catherine parle de la situation de Louis \u00e0 Pascal qui lui propose de jeter un \u0153il aux comptes de l&rsquo;entreprise de Louis. Pascal passe voir ce dernier pour discuter de sa situation et lui propose de devenir actionnaire majoritaire en \u00e9change de 100 000 euros. Il assure \u00e0 Louis qu&rsquo;il conservera un r\u00f4le de gestionnaire. Louis a besoin de r\u00e9fl\u00e9chir et en parle \u00e0 Berthier qui l\u2019encourage \u00e0 accepter cette offre pour \u00e9viter des poursuites. Louis est contraint d\u2019accepter la proposition de Pascal, Laurine le soutient. Catherine reste sceptique quand Pascal lui annonce que le contrat est en cours de finalisation.<\/p>\n","protected":false},"excerpt":{"rendered":"Dans Un si grand soleil vendredi 6 juin 2025, Fabrice est sur le point d&rsquo;\u00eatre lib\u00e9r\u00e9 apr\u00e8s le&hellip;\n","protected":false},"author":2,"featured_media":154924,"comment_status":"","ping_status":"","sticky":false,"template":"","format":"standard","meta":{"footnotes":""},"categories":[1356],"tags":[244,58,59,1011,27,876,252,1364,9766,26118,26117],"class_list":{"0":"post-154923","1":"post","2":"type-post","3":"status-publish","4":"format-standard","5":"has-post-thumbnail","7":"category-television","8":"tag-commentaire","9":"tag-divertissement","10":"tag-entertainment","11":"tag-fr","12":"tag-france","13":"tag-france-3","14":"tag-television","15":"tag-tv","16":"tag-un-si-grand-soleil","17":"tag-un-si-grand-soleil-ru00e9sumu00e9","18":"tag-un-si-grand-soleil-ru00e9sumu00e9-en-avance"},"share_on_mastodon":{"url":"https:\/\/pubeurope.com\/@fr\/114632900232385152","error":""},"_links":{"self":[{"href":"https:\/\/www.europesays.com\/fr\/wp-json\/wp\/v2\/posts\/154923","targetHints":{"allow":["GET"]}}],"collection":[{"href":"https:\/\/www.europesays.com\/fr\/wp-json\/wp\/v2\/posts"}],"about":[{"href":"https:\/\/www.europesays.com\/fr\/wp-json\/wp\/v2\/types\/post"}],"author":[{"embeddable":true,"href":"https:\/\/www.europesays.com\/fr\/wp-json\/wp\/v2\/users\/2"}],"replies":[{"embeddable":true,"href":"https:\/\/www.europesays.com\/fr\/wp-json\/wp\/v2\/comments?post=154923"}],"version-history":[{"count":0,"href":"https:\/\/www.europesays.com\/fr\/wp-json\/wp\/v2\/posts\/154923\/revisions"}],"wp:featuredmedia":[{"embeddable":true,"href":"https:\/\/www.europesays.com\/fr\/wp-json\/wp\/v2\/media\/154924"}],"wp:attachment":[{"href":"https:\/\/www.europesays.com\/fr\/wp-json\/wp\/v2\/media?parent=154923"}],"wp:term":[{"taxonomy":"category","embeddable":true,"href":"https:\/\/www.europesays.com\/fr\/wp-json\/wp\/v2\/categories?post=154923"},{"taxonomy":"post_tag","embeddable":true,"href":"https:\/\/www.europesays.com\/fr\/wp-json\/wp\/v2\/tags?post=154923"}],"curies":[{"name":"wp","href":"https:\/\/api.w.org\/{rel}","templated":true}]}}