{"id":154934,"date":"2025-06-05T21:38:09","date_gmt":"2025-06-05T21:38:09","guid":{"rendered":"https:\/\/www.europesays.com\/fr\/154934\/"},"modified":"2025-06-05T21:38:09","modified_gmt":"2025-06-05T21:38:09","slug":"windows-11-28-ans-apres-le-rippage-de-cd-made-in-windows-95-revient-avec-cd2wav32","status":"publish","type":"post","link":"https:\/\/www.europesays.com\/fr\/154934\/","title":{"rendered":"Windows 11 : 28\u00a0ans apr\u00e8s, le rippage de CD made in Windows 95 revient avec CD2WAV32"},"content":{"rendered":"<p class=\"ed__a-p ed__bdy__l\">La r\u00e9surrection improbable de CD2WAV32, outil mythique pour extraire les pistes audio de nos bons vieux CD, nous replonge \u00e0 une \u00e9poque o\u00f9 graver une compilation relevait du rituel. Aujourd\u2019hui, ce dinosaure logiciel revient, recompil\u00e9 en 64 bits, pour tourner sous Windows 11. Une madeleine de Proust technologique\u2026 \u00e0 vos risques et p\u00e9rils.<\/p>\n<p>        Publicit\u00e9, votre contenu continue ci-dessous<\/p>\n<p>CD2WAV32 revient des morts, et tourne en 64 bits sur Windows 11<\/p>\n<p class=\"ed__a-p ed__bdy__l\">Il fallait oser : remettre en selle un utilitaire con\u00e7u \u00e0 l\u2019\u00e8re de Windows 95 pour le faire tourner en 2025 sur Windows 11 (24H2), en 64 bits. Et pourtant, c\u2019est exactement ce qu\u2019a fait son d\u00e9veloppeur, Moroboshi Ramu, motiv\u00e9 par la simple curiosit\u00e9 de voir si l\u2019outil fonctionnait toujours. R\u00e9sultat : CD2WAV32 a \u00e9t\u00e9 recompil\u00e9 avec Delphi 12.1 Community Edition, d\u00e9barrass\u00e9 de ses appels 16 bits, et dot\u00e9 d\u2019un affichage adapt\u00e9 aux \u00e9crans 4K.<\/p>\n<p class=\"ed__a-p ed__bdy__l\">Il faut bien l\u2019avouer, l\u2019int\u00e9r\u00eat pratique reste limit\u00e9. D\u2019une part, l\u2019interface est enti\u00e8rement en japonais. D\u2019autre part, Windows Media Player sait tr\u00e8s bien ripper un CD depuis des ann\u00e9es, sans recourir \u00e0 des reliques informatiques. Mais il y a dans cette mise \u00e0 jour un parfum de nostalgie et une d\u00e9monstration : m\u00eame les logiciels oubli\u00e9s peuvent survivre\u2026 pour peu qu\u2019un d\u00e9veloppeur en ait envie.<\/p>\n<p class=\"ed__a-p ed__bdy__l\">C\u00f4t\u00e9 technique, le passage au 64 bits r\u00e8gle certains probl\u00e8mes de d\u00e9passement (overflow) en cas de gros fichiers. Les m\u00e9tadonn\u00e9es sont d\u00e9sormais g\u00e9r\u00e9es avec pr\u00e9cision, m\u00eame pour des disques tr\u00e8s volumineux. Adieu, donc, \u00e0 TwinVQ et MSCDEX, ces antiques composants de l\u2019\u00e8re Windows 3.x, incompatibles avec <a href=\"https:\/\/www.lesnumeriques.com\/appli-logiciel\/windows-11-toutes-nos-astuces-pour-tirer-parti-du-systeme-d-exploitation-de-microsoft-a221192.html\" title=\"Windows 11 : toutes nos astuces pour tirer parti du syst\u00e8me d&#039;exploitation de Microsoft\" rel=\"nofollow noopener\" target=\"_blank\">l\u2019architecture moderne de Windows 11<\/a>. On note aussi un changement de police : Meiryo 10pt remplace le v\u00e9n\u00e9rable MSP Gothic.<\/p>\n<p class=\"ed__a-p ed__bdy__l\">Et Windows 10 dans tout \u00e7a ? Le d\u00e9veloppeur pr\u00e9cise qu\u2019il n\u2019a test\u00e9 que sommairement sur un vieux PC Atom, mais que l\u2019application semble fonctionner. Aucun engagement formel : si \u00e7a marche, c&rsquo;est tant mieux.<\/p>\n<p>        Publicit\u00e9, votre contenu continue ci-dessous<\/p>\n","protected":false},"excerpt":{"rendered":"La r\u00e9surrection improbable de CD2WAV32, outil mythique pour extraire les pistes audio de nos bons vieux CD, nous&hellip;\n","protected":false},"author":2,"featured_media":154935,"comment_status":"","ping_status":"","sticky":false,"template":"","format":"standard","meta":{"footnotes":""},"categories":[7],"tags":[1011,27,43,40,41,39,42,44],"class_list":{"0":"post-154934","1":"post","2":"type-post","3":"status-publish","4":"format-standard","5":"has-post-thumbnail","7":"category-sciences-et-technologies","8":"tag-fr","9":"tag-france","10":"tag-science","11":"tag-science-and-technology","12":"tag-sciences","13":"tag-sciences-et-technologies","14":"tag-technologies","15":"tag-technology"},"share_on_mastodon":{"url":"https:\/\/pubeurope.com\/@fr\/114632923794510013","error":""},"_links":{"self":[{"href":"https:\/\/www.europesays.com\/fr\/wp-json\/wp\/v2\/posts\/154934","targetHints":{"allow":["GET"]}}],"collection":[{"href":"https:\/\/www.europesays.com\/fr\/wp-json\/wp\/v2\/posts"}],"about":[{"href":"https:\/\/www.europesays.com\/fr\/wp-json\/wp\/v2\/types\/post"}],"author":[{"embeddable":true,"href":"https:\/\/www.europesays.com\/fr\/wp-json\/wp\/v2\/users\/2"}],"replies":[{"embeddable":true,"href":"https:\/\/www.europesays.com\/fr\/wp-json\/wp\/v2\/comments?post=154934"}],"version-history":[{"count":0,"href":"https:\/\/www.europesays.com\/fr\/wp-json\/wp\/v2\/posts\/154934\/revisions"}],"wp:featuredmedia":[{"embeddable":true,"href":"https:\/\/www.europesays.com\/fr\/wp-json\/wp\/v2\/media\/154935"}],"wp:attachment":[{"href":"https:\/\/www.europesays.com\/fr\/wp-json\/wp\/v2\/media?parent=154934"}],"wp:term":[{"taxonomy":"category","embeddable":true,"href":"https:\/\/www.europesays.com\/fr\/wp-json\/wp\/v2\/categories?post=154934"},{"taxonomy":"post_tag","embeddable":true,"href":"https:\/\/www.europesays.com\/fr\/wp-json\/wp\/v2\/tags?post=154934"}],"curies":[{"name":"wp","href":"https:\/\/api.w.org\/{rel}","templated":true}]}}