{"id":154936,"date":"2025-06-05T21:39:10","date_gmt":"2025-06-05T21:39:10","guid":{"rendered":"https:\/\/www.europesays.com\/fr\/154936\/"},"modified":"2025-06-05T21:39:10","modified_gmt":"2025-06-05T21:39:10","slug":"en-direct-reglement-de-comptes-elon-musk-repond-oui-a-une-destitution-de-donald-trump-et-affirme-quil-figure-dans-le-dossier-epstein","status":"publish","type":"post","link":"https:\/\/www.europesays.com\/fr\/154936\/","title":{"rendered":"EN DIRECT &#8211; R\u00e8glement de comptes : Elon Musk r\u00e9pond \u00aboui\u00bb \u00e0 une destitution de Donald Trump et affirme qu\u2019il figure \u00abdans le dossier Epstein\u00bb"},"content":{"rendered":"<p role=\"heading\" aria-level=\"3\">Tesla : 170 milliards de dollars de valorisation partis en fum\u00e9e alors que Donald Trump et ELon Musk se d\u00e9chirent en public<\/p>\n<p>    Ces derniers mois, l\u2019action Tesla avait fortement b\u00e9n\u00e9fici\u00e9 de la proximit\u00e9 entre son dirigeant et celui qui a remport\u00e9 l\u2019\u00e9lection pr\u00e9sidentielle am\u00e9ricaine de 2024.<br \/>\n                Dado Ruvic \/ REUTERS<\/p>\n<p class=\"fig-paragraph\">Les invectives \u00e9chang\u00e9es entre le pr\u00e9sident am\u00e9ricain et le patron de Tesla n\u2019ont pas \u00e9chapp\u00e9 aux investisseurs\u00a0: vers 21h20, heure fran\u00e7aise, les cours boursiers du\u00a0<a href=\"http:\/\/www.lefigaro.fr\/societes\/tesla-spacex-xai-apres-l-aventure-politique-avec-trump-elon-musk-face-a-de-nouveaux-defis-dans-ses-entreprises-20250528\" data-fig-type=\"Article\" data-gtm-custom-categorie=\"navigation\" data-gtm-custom-action=\"crossclick\" data-gtm-custom-label=\"Contextuel\" data-gtm-event=\"customEventSPE\" data-fig-domain=\"LEFIGARO\" rel=\"nofollow noopener\" target=\"_blank\">pionnier des v\u00e9hicules \u00e9lectriques<\/a>\u00a0avaient d\u00e9viss\u00e9 de pr\u00e8s de 17 % \u00e0 Wall Street, laissant s\u2019envoler plus de 170 milliards de dollars de valorisation. Cette chute spectaculaire est un record en quatre ans pour l\u2019entreprise d\u2019Elon Musk, qui repasse ainsi sous le seuil symbolique des 1000 milliards de capitalisation boursi\u00e8re.<\/p>\n<p class=\"fig-paragraph\">Elon Musk avait confirm\u00e9 la semaine derni\u00e8re son d\u00e9part, comme \u00abpr\u00e9vu\u00bb, du gouvernement de\u00a0<a href=\"http:\/\/www.lefigaro.fr\/international\/pas-de-vision-d-ensemble-ni-de-victoire-lisible-la-parole-de-donald-trump-est-elle-encore-credible-20250605\" data-fig-type=\"Article\" data-gtm-custom-categorie=\"navigation\" data-gtm-custom-action=\"crossclick\" data-gtm-custom-label=\"Contextuel\" data-gtm-event=\"customEventSPE\" data-fig-domain=\"LEFIGARO\" rel=\"nofollow noopener\" target=\"_blank\">Donald Trump<\/a>, au sein duquel il dirigeait le DOGE, un organisme charg\u00e9 de tailler dans les d\u00e9penses publiques, suscitant de nombreuses critiques parmi la classe politique am\u00e9ricaine. Il comptait d\u00e9sormais se consacrer de nouveau \u00e0 ses entreprises \u00ab7 jours sur 7, 24 heures sur 24\u00bb. Mais les prises de position d\u2019Elon Musk avaient d\u00e9j\u00e0 fait tanguer le titre de Tesla en Bourse ces derniers mois et avaient refroidi certains acheteurs d\u2019automobiles.<\/p>\n<p class=\"fig-body-link\">\n            \u00c0 lire aussi<br \/>\n        <a class=\"fig-body-link__link\" href=\"http:\/\/www.lefigaro.fr\/secteur\/high-tech\/la-passe-d-armes-entre-elon-musk-et-donald-trump-fait-chuter-tesla-en-bourse-de-plus-de-8-20250605\" target=\"_blank\" data-fig-type=\"NewsFlash\" rel=\"noopener nofollow\" data-gtm-custom-categorie=\"navigation\" data-gtm-custom-action=\"crossclick\" data-gtm-custom-label=\"Contextuel\" data-gtm-event=\"customEventSPE\" data-fig-domain=\"LEFIGARO\">Tesla: 170 milliards de dollars de valorisation partis en fum\u00e9e alors que Trump et Musk se d\u00e9chirent en public<br \/>\n    <\/a><\/p>\n","protected":false},"excerpt":{"rendered":"Tesla : 170 milliards de dollars de valorisation partis en fum\u00e9e alors que Donald Trump et ELon Musk&hellip;\n","protected":false},"author":2,"featured_media":154937,"comment_status":"","ping_status":"","sticky":false,"template":"","format":"standard","meta":{"footnotes":""},"categories":[6],"tags":[259,260,35,75,33,34,46,1011,27,14,261,262],"class_list":{"0":"post-154936","1":"post","2":"type-post","3":"status-publish","4":"format-standard","5":"has-post-thumbnail","7":"category-economie","8":"tag-actualite-internationale","9":"tag-affaires-etrangeres","10":"tag-business","11":"tag-donald-trump","12":"tag-economie","13":"tag-economy","14":"tag-elon-musk","15":"tag-fr","16":"tag-france","17":"tag-international","18":"tag-ministere-des-affaires-etrangeres","19":"tag-politique-etrangere"},"share_on_mastodon":{"url":"https:\/\/pubeurope.com\/@fr\/114632927716314295","error":""},"_links":{"self":[{"href":"https:\/\/www.europesays.com\/fr\/wp-json\/wp\/v2\/posts\/154936","targetHints":{"allow":["GET"]}}],"collection":[{"href":"https:\/\/www.europesays.com\/fr\/wp-json\/wp\/v2\/posts"}],"about":[{"href":"https:\/\/www.europesays.com\/fr\/wp-json\/wp\/v2\/types\/post"}],"author":[{"embeddable":true,"href":"https:\/\/www.europesays.com\/fr\/wp-json\/wp\/v2\/users\/2"}],"replies":[{"embeddable":true,"href":"https:\/\/www.europesays.com\/fr\/wp-json\/wp\/v2\/comments?post=154936"}],"version-history":[{"count":0,"href":"https:\/\/www.europesays.com\/fr\/wp-json\/wp\/v2\/posts\/154936\/revisions"}],"wp:featuredmedia":[{"embeddable":true,"href":"https:\/\/www.europesays.com\/fr\/wp-json\/wp\/v2\/media\/154937"}],"wp:attachment":[{"href":"https:\/\/www.europesays.com\/fr\/wp-json\/wp\/v2\/media?parent=154936"}],"wp:term":[{"taxonomy":"category","embeddable":true,"href":"https:\/\/www.europesays.com\/fr\/wp-json\/wp\/v2\/categories?post=154936"},{"taxonomy":"post_tag","embeddable":true,"href":"https:\/\/www.europesays.com\/fr\/wp-json\/wp\/v2\/tags?post=154936"}],"curies":[{"name":"wp","href":"https:\/\/api.w.org\/{rel}","templated":true}]}}