{"id":154949,"date":"2025-06-05T21:46:23","date_gmt":"2025-06-05T21:46:23","guid":{"rendered":"https:\/\/www.europesays.com\/fr\/154949\/"},"modified":"2025-06-05T21:46:23","modified_gmt":"2025-06-05T21:46:23","slug":"photos-terra-nova-a-nancy-les-femmes-et-leur-place-dans-la-filiere-scientifique-font-debat","status":"publish","type":"post","link":"https:\/\/www.europesays.com\/fr\/154949\/","title":{"rendered":"Photos. Terra Nova \u00e0 Nancy, les femmes et leur place dans la fili\u00e8re scientifique font d\u00e9bat"},"content":{"rendered":"<p>Le forum Terra Nova \u00ab Place(s) \u00e0 la d\u00e9mocratie, science et d\u00e9mocratie m\u00eame combat \u00bb a ouvert ses portes \u00e0 Nancy avec une premi\u00e8re journ\u00e9e de d\u00e9bat autour de\u00a0la place des femmes dans les fili\u00e8res scientifiques.\u00a0Trois jours de table ronde et d&rsquo;ateliers participatifs o\u00f9 tous les citoyens et citoyennes, intellectuels, responsables politiques\u00a0et acteurs de la soci\u00e9t\u00e9 civile, pourront explorer ces enjeux et r\u00e9fl\u00e9chir aux solutions pour une science plus inclusive, essentielle au bon fonctionnement de la d\u00e9mocratie.<\/p>\n","protected":false},"excerpt":{"rendered":"Le forum Terra Nova \u00ab Place(s) \u00e0 la d\u00e9mocratie, science et d\u00e9mocratie m\u00eame combat \u00bb a ouvert ses&hellip;\n","protected":false},"author":2,"featured_media":154950,"comment_status":"","ping_status":"","sticky":false,"template":"","format":"standard","meta":{"footnotes":""},"categories":[9635],"tags":[1111,11,6211,1704,1777,674,107,1011,27,2798,775,3457,1702,12,3456,5486,25,767,273],"class_list":{"0":"post-154949","1":"post","2":"type-post","3":"status-publish","4":"format-standard","5":"has-post-thumbnail","7":"category-nancy","8":"tag-actu","9":"tag-actualites","10":"tag-conference","11":"tag-edition-nancy-et-agglomeration","12":"tag-eu","13":"tag-europe","14":"tag-fil-info","15":"tag-fr","16":"tag-france","17":"tag-galerie-photo","18":"tag-grand-est","19":"tag-meurthe-et-moselle","20":"tag-nancy","21":"tag-news","22":"tag-region-lorraine","23":"tag-rencontre","24":"tag-republique-francaise","25":"tag-science-et-technologie","26":"tag-selection-de-la-redaction"},"share_on_mastodon":{"url":"https:\/\/pubeurope.com\/@fr\/114632955227944063","error":""},"_links":{"self":[{"href":"https:\/\/www.europesays.com\/fr\/wp-json\/wp\/v2\/posts\/154949","targetHints":{"allow":["GET"]}}],"collection":[{"href":"https:\/\/www.europesays.com\/fr\/wp-json\/wp\/v2\/posts"}],"about":[{"href":"https:\/\/www.europesays.com\/fr\/wp-json\/wp\/v2\/types\/post"}],"author":[{"embeddable":true,"href":"https:\/\/www.europesays.com\/fr\/wp-json\/wp\/v2\/users\/2"}],"replies":[{"embeddable":true,"href":"https:\/\/www.europesays.com\/fr\/wp-json\/wp\/v2\/comments?post=154949"}],"version-history":[{"count":0,"href":"https:\/\/www.europesays.com\/fr\/wp-json\/wp\/v2\/posts\/154949\/revisions"}],"wp:featuredmedia":[{"embeddable":true,"href":"https:\/\/www.europesays.com\/fr\/wp-json\/wp\/v2\/media\/154950"}],"wp:attachment":[{"href":"https:\/\/www.europesays.com\/fr\/wp-json\/wp\/v2\/media?parent=154949"}],"wp:term":[{"taxonomy":"category","embeddable":true,"href":"https:\/\/www.europesays.com\/fr\/wp-json\/wp\/v2\/categories?post=154949"},{"taxonomy":"post_tag","embeddable":true,"href":"https:\/\/www.europesays.com\/fr\/wp-json\/wp\/v2\/tags?post=154949"}],"curies":[{"name":"wp","href":"https:\/\/api.w.org\/{rel}","templated":true}]}}