{"id":154951,"date":"2025-06-05T21:47:11","date_gmt":"2025-06-05T21:47:11","guid":{"rendered":"https:\/\/www.europesays.com\/fr\/154951\/"},"modified":"2025-06-05T21:47:11","modified_gmt":"2025-06-05T21:47:11","slug":"les-retraites-toujours-au-coeur-des-mobilisations-a-toulon-ce-jeudi","status":"publish","type":"post","link":"https:\/\/www.europesays.com\/fr\/154951\/","title":{"rendered":"Les retraites toujours au c\u0153ur des mobilisations \u00e0 Toulon, ce jeudi"},"content":{"rendered":"<p>\u00ab\u00a0On se dit qu\u2019on va finir par arriver au travail avec nos d\u00e9ambulateurs\u00a0\u00bb. Chasuble CGT sur le dos, Fahima est employ\u00e9e au p\u00f4le service \u00e0 l\u2019accueil de Carrefour Toulon Grand Var. Elle s\u2019indigne \u00e0 l\u2019id\u00e9e d\u2019une retraite tardive pour ses coll\u00e8gues en rayons qui \u00ab\u00a0portent constamment des charges lourdes\u00a0\u00bb. Et pour elle-m\u00eame, qui travaille en horaires contraignants, jusqu\u2019\u00e0 22h.<\/p>\n<p>Fahima fait partie des 250 personnes selon la police, et 500 selon la CGT, \u00e0 s\u2019\u00eatre r\u00e9unies hier \u00e0 Toulon, \u00e0 l\u2019appel national de la CGT et de la FSU (F\u00e9d\u00e9ration syndicale unitaire). Sur la place de la Libert\u00e9, la manifestation interprofessionnelle a d\u00e9marr\u00e9 \u00e0 11h dans une ambiance chaleureuse. Les repr\u00e9sentants syndicaux et le PCF (Parti communiste fran\u00e7ais), venu soutenir la mobilisation, esp\u00e9raient plus de participants. Mais cette derni\u00e8re pourrait bien \u00eatre \u00ab\u00a0le d\u00e9marrage d\u2019une nouvelle s\u00e9rie d\u2019actions\u00a0\u00bb, selon Alain Tournay, secr\u00e9taire d\u00e9partemental de la FSU Var.<\/p>\n<p><strong>Une mobilisation \u00e0 point nomm\u00e9<\/strong><\/p>\n<p>Car la date du 5 juin n\u2019a pas \u00e9t\u00e9 choisie au hasard. Au m\u00eame moment \u00e0 l\u2019Assembl\u00e9e nationale, les d\u00e9put\u00e9s communistes et ultra-marins soumettaient au vote un texte demandant l\u2019abrogation de la r\u00e9forme des retraites. Un vote qui rimait avec \u00ab\u00a0heure de v\u00e9rit\u00e9\u00a0\u00bb, pour Pierre Daspre, secr\u00e9taire de la f\u00e9d\u00e9ration varoise du PCF, qui comptait bien \u00ab\u00a0d\u00e9masquer ceux qui sont r\u00e9ellement pour l\u2019abrogation de la loi et ceux qui la soutiennent\u00a0\u00bb. Cette r\u00e9solution, non contraignante pour le gouvernement, a \u00e9t\u00e9 largement adopt\u00e9e gr\u00e2ce aux votes de l\u2019ensemble de la gauche et des d\u00e9put\u00e9s du Rassemblement national.<\/p>\n<p>\u00ab\u00a0Je ne sais pas si on se rend compte de la port\u00e9e symbolique de ce vote. Le gouvernement a contre lui une tr\u00e8s grande majorit\u00e9 des Fran\u00e7ais, et l\u2019Assembl\u00e9e nationale dans toute sa diversit\u00e9\u00a0\u00bb, se r\u00e9jouit Alain Tournay. \u00ab\u00a0Le r\u00e9sultat montre que la mobilisation a pay\u00e9. On attend du gouvernement qu\u2019il abroge la r\u00e9forme\u00a0\u00bb, compl\u00e8te Pierre Daspre, satisfait.<\/p>\n<p>La manifestation, interprofessionnelle, r\u00e9unissait secteurs public et priv\u00e9. Dans le cort\u00e8ge, Mathieu \u00ab\u00a0croise les doigts pour que le processus aille jusqu\u2019au bout\u00a0\u00bb. Employ\u00e9 chez Primark depuis neuf ans, il s\u2019inqui\u00e8te de la diff\u00e9rence d\u2019esp\u00e9rance de vie entre cadres et ouvriers et se mobilise \u00ab\u00a0pour ne pas mourir au travail\u00a0\u00bb.<\/p>\n<p>Outre la r\u00e9forme des retraites, la CGT et la FSU d\u00e9noncent \u00ab\u00a0un budget militaire qui atteint des sommets\u00a0\u00bb et des coupes \u00e0 venir dans les services publics. \u00ab\u00a0Les \u00e9l\u00e8ves ont besoin d\u2019enseignants, pas de tanks\u00a0\u00bb, ont scand\u00e9 les repr\u00e9sentants syndicaux lors de leur discours devant les manifestants. Pour les Finances publiques, la journ\u00e9e de mobilisation a commenc\u00e9 un peu plus t\u00f4t. D\u00e8s 8h du matin, avant la manifestation g\u00e9n\u00e9rale, une douzaine d\u2019agents membres de la CGT Finances publiques se sont rassembl\u00e9s devant l\u2019accueil du Service des imp\u00f4ts des particuliers de Toulon. Ce mouvement compl\u00e9mentaire entendait alerter sur la d\u00e9gradation continue des conditions de travail dans ce secteur: suppressions de postes, privatisation de missions, fermeture de services, notamment celui de l\u2019accueil physique de Var amendes, remplac\u00e9 depuis janvier 2024 par un dispositif t\u00e9l\u00e9phonique et de courrier \u00e9lectronique.<\/p>\n<blockquote>\n<p><strong>\u00ab\u00a0Macron m\u00e8ne une guerre contre les salari\u00e9s\u00a0\u00bb<\/strong><\/p>\n<\/blockquote>\n<p>\u00ab\u00a0On nous vole deux ans de vie en bonne sant\u00e9, ce n\u2019est pas tol\u00e9rable\u00a0\u00bb, d\u00e9nonce Fran\u00e7oise Martinez, secr\u00e9taire d\u00e9partementale de la CGT Finances publiques. Au-del\u00e0 de la tr\u00e8s contest\u00e9e r\u00e9forme des retraites, c\u2019est un mal-\u00eatre plus profond qui est point\u00e9 du doigt: \u00ab\u00a0On assiste \u00e0 un syndrome France T\u00e9l\u00e9coms, avec des cas de suicides et de tentatives de suicide, compl\u00e8tement occult\u00e9s et masqu\u00e9s par la direction\u00a0\u00bb, alerte-t-elle.<\/p>\n<p>Malgr\u00e9 les annonces du gouvernement, 550 suppressions de postes ont \u00e9t\u00e9 recens\u00e9es cette ann\u00e9e au sein des Finances publiques. \u00ab\u00a0Macron m\u00e8ne une guerre contre les salari\u00e9s\u00a0\u00bb, accuse la syndicaliste. Fran\u00e7oise Martinez d\u00e9nonce une logique brutale, men\u00e9e \u00ab\u00a0au motif de l\u2019\u00e9conomie de guerre\u00a0\u00bb, aux d\u00e9pens des agents, du service public et du contribuable.<\/p>\n","protected":false},"excerpt":{"rendered":"\u00ab\u00a0On se dit qu\u2019on va finir par arriver au travail avec nos d\u00e9ambulateurs\u00a0\u00bb. Chasuble CGT sur le dos,&hellip;\n","protected":false},"author":2,"featured_media":154952,"comment_status":"","ping_status":"","sticky":false,"template":"","format":"standard","meta":{"footnotes":""},"categories":[9619],"tags":[1111,11,1777,674,1011,27,802,12,882,25,801,2310],"class_list":{"0":"post-154951","1":"post","2":"type-post","3":"status-publish","4":"format-standard","5":"has-post-thumbnail","7":"category-toulon","8":"tag-actu","9":"tag-actualites","10":"tag-eu","11":"tag-europe","12":"tag-fr","13":"tag-france","14":"tag-greves-et-mouvements-sociaux","15":"tag-news","16":"tag-provence-alpes-cote-dazur","17":"tag-republique-francaise","18":"tag-social","19":"tag-toulon"},"share_on_mastodon":{"url":"https:\/\/pubeurope.com\/@fr\/114632959204714040","error":""},"_links":{"self":[{"href":"https:\/\/www.europesays.com\/fr\/wp-json\/wp\/v2\/posts\/154951","targetHints":{"allow":["GET"]}}],"collection":[{"href":"https:\/\/www.europesays.com\/fr\/wp-json\/wp\/v2\/posts"}],"about":[{"href":"https:\/\/www.europesays.com\/fr\/wp-json\/wp\/v2\/types\/post"}],"author":[{"embeddable":true,"href":"https:\/\/www.europesays.com\/fr\/wp-json\/wp\/v2\/users\/2"}],"replies":[{"embeddable":true,"href":"https:\/\/www.europesays.com\/fr\/wp-json\/wp\/v2\/comments?post=154951"}],"version-history":[{"count":0,"href":"https:\/\/www.europesays.com\/fr\/wp-json\/wp\/v2\/posts\/154951\/revisions"}],"wp:featuredmedia":[{"embeddable":true,"href":"https:\/\/www.europesays.com\/fr\/wp-json\/wp\/v2\/media\/154952"}],"wp:attachment":[{"href":"https:\/\/www.europesays.com\/fr\/wp-json\/wp\/v2\/media?parent=154951"}],"wp:term":[{"taxonomy":"category","embeddable":true,"href":"https:\/\/www.europesays.com\/fr\/wp-json\/wp\/v2\/categories?post=154951"},{"taxonomy":"post_tag","embeddable":true,"href":"https:\/\/www.europesays.com\/fr\/wp-json\/wp\/v2\/tags?post=154951"}],"curies":[{"name":"wp","href":"https:\/\/api.w.org\/{rel}","templated":true}]}}