{"id":154959,"date":"2025-06-05T21:51:10","date_gmt":"2025-06-05T21:51:10","guid":{"rendered":"https:\/\/www.europesays.com\/fr\/154959\/"},"modified":"2025-06-05T21:51:10","modified_gmt":"2025-06-05T21:51:10","slug":"disparition-inquietante-dun-ado-un-appel-a-temoins-lance-2","status":"publish","type":"post","link":"https:\/\/www.europesays.com\/fr\/154959\/","title":{"rendered":"Disparition inqui\u00e9tante d\u2019un ado, un appel \u00e0 t\u00e9moins lanc\u00e9"},"content":{"rendered":"<p>Il portait un bas de jogging gris, un tee-shirt blanc avec une inscription bleue sur le torse, des baskets New Balance bleues et blanches et un sac noir\u2026 Alexandr Grechanovsky, un adolescent \u00e2g\u00e9 de 15 ans, a disparu, lundi \u00e0 <a href=\"https:\/\/www.20minutes.fr\/dossier\/rouen\" class=\"color-ultramarine c-link\" target=\"_blank\" rel=\"noopener\">Rouen<\/a>, alors qu\u2019il se rendait \u00e0 sa salle de sport, rue d\u2019Elbeuf.<\/p>\n<p>Ses proches et les enqu\u00eateurs \u00ab\u00a0sont tr\u00e8s inquiets\u00a0\u00bb, \u00e9voque la <a href=\"https:\/\/www.20minutes.fr\/dossier\/police\" class=\"color-ultramarine c-link\" target=\"_blank\" rel=\"noopener\">police<\/a> nationale de la <a href=\"https:\/\/www.20minutes.fr\/dossier\/seine_maritime-1\" class=\"color-ultramarine c-link\" target=\"_blank\" rel=\"noopener\">Seine-Maritime<\/a> qui publie un appel \u00e0 t\u00e9moins pour disparition inqui\u00e9tante de personne mineure.<\/p>\n<p>Des cheveux blonds, raides et mi-longs<\/p>\n<p>\u00c2g\u00e9 de 15 ans, de corpulence \u00ab\u00a0normale\u00a0\u00bb, le jeune homme mesure 1,70\u00a0m, il a des cheveux blonds, raides et mi-longs. La police invite toute personne ayant des informations \u00e0 contacter l\u2019H\u00f4tel de police de Rouen au 02\u00a032\u00a081\u00a025\u00a000 (Poste 76 43 89 en semaine, Poste 76 25 94 la nuit et le week-end).<\/p>\n","protected":false},"excerpt":{"rendered":"Il portait un bas de jogging gris, un tee-shirt blanc avec une inscription bleue sur le torse, des&hellip;\n","protected":false},"author":2,"featured_media":154960,"comment_status":"","ping_status":"","sticky":false,"template":"","format":"standard","meta":{"footnotes":""},"categories":[9587],"tags":[1111,47,11,4260,28469,2715,5796,1777,674,118,1011,27,12,5161,25,9590,5163],"class_list":{"0":"post-154959","1":"post","2":"type-post","3":"status-publish","4":"format-standard","5":"has-post-thumbnail","7":"category-rouen","8":"tag-actu","9":"tag-actualite","10":"tag-actualites","11":"tag-appel-a-temoins","12":"tag-avis-de-recherche","13":"tag-disparition","14":"tag-disparu","15":"tag-eu","16":"tag-europe","17":"tag-faits-divers","18":"tag-fr","19":"tag-france","20":"tag-news","21":"tag-normandie","22":"tag-republique-francaise","23":"tag-rouen","24":"tag-seine-maritime"},"share_on_mastodon":{"url":"https:\/\/pubeurope.com\/@fr\/114632974910923705","error":""},"_links":{"self":[{"href":"https:\/\/www.europesays.com\/fr\/wp-json\/wp\/v2\/posts\/154959","targetHints":{"allow":["GET"]}}],"collection":[{"href":"https:\/\/www.europesays.com\/fr\/wp-json\/wp\/v2\/posts"}],"about":[{"href":"https:\/\/www.europesays.com\/fr\/wp-json\/wp\/v2\/types\/post"}],"author":[{"embeddable":true,"href":"https:\/\/www.europesays.com\/fr\/wp-json\/wp\/v2\/users\/2"}],"replies":[{"embeddable":true,"href":"https:\/\/www.europesays.com\/fr\/wp-json\/wp\/v2\/comments?post=154959"}],"version-history":[{"count":0,"href":"https:\/\/www.europesays.com\/fr\/wp-json\/wp\/v2\/posts\/154959\/revisions"}],"wp:featuredmedia":[{"embeddable":true,"href":"https:\/\/www.europesays.com\/fr\/wp-json\/wp\/v2\/media\/154960"}],"wp:attachment":[{"href":"https:\/\/www.europesays.com\/fr\/wp-json\/wp\/v2\/media?parent=154959"}],"wp:term":[{"taxonomy":"category","embeddable":true,"href":"https:\/\/www.europesays.com\/fr\/wp-json\/wp\/v2\/categories?post=154959"},{"taxonomy":"post_tag","embeddable":true,"href":"https:\/\/www.europesays.com\/fr\/wp-json\/wp\/v2\/tags?post=154959"}],"curies":[{"name":"wp","href":"https:\/\/api.w.org\/{rel}","templated":true}]}}